{"id":3707,"date":"2025-08-19T23:10:00","date_gmt":"2025-08-20T02:10:00","guid":{"rendered":"https:\/\/renatoalves.com.br\/blog\/?p=3707"},"modified":"2025-08-18T09:52:45","modified_gmt":"2025-08-18T12:52:45","slug":"importancia-da-memorizacao-na-oratoria","status":"publish","type":"post","link":"https:\/\/renatoalves.com.br\/blog\/importancia-da-memorizacao-na-oratoria\/","title":{"rendered":"A import\u00e2ncia da memoriza\u00e7\u00e3o na orat\u00f3ria"},"content":{"rendered":"\n<p>Voc\u00ea j\u00e1 parou para pensar como <strong><a href=\"https:\/\/estudomemorizacao.com.br\/\" target=\"_blank\" rel=\"noreferrer noopener\">a mem\u00f3ria pode ser uma aliada poderosa na hora de falar em p\u00fablico<\/a><\/strong>?<\/p>\n\n\n\n<p>Hoje eu quero te mostrar isso com um exemplo marcante: o <strong>discurso impactante de Oprah Winfrey no Globo de Ouro de 2018<\/strong>. Um momento que n\u00e3o apenas emocionou o mundo inteiro, mas que tamb\u00e9m mostra com perfei\u00e7\u00e3o como a <strong>boa orat\u00f3ria depende de uma mem\u00f3ria ativa e bem treinada<\/strong>.<\/p>\n\n\n\n<figure class=\"wp-block-image size-large\"><a href=\"https:\/\/estudomemorizacao.com.br\/\"><img fetchpriority=\"high\" decoding=\"async\" width=\"1024\" height=\"182\" src=\"https:\/\/renatoalves.com.br\/blog\/wp-content\/uploads\/2018\/11\/capa_banner-1024x182.jpg\" alt=\"estudo e memoriza\u00e7\u00e3o para concurso p\u00fablico\" class=\"wp-image-6047\" srcset=\"https:\/\/renatoalves.com.br\/blog\/wp-content\/uploads\/2018\/11\/capa_banner-1024x182.jpg 1024w, https:\/\/renatoalves.com.br\/blog\/wp-content\/uploads\/2018\/11\/capa_banner-300x53.jpg 300w, https:\/\/renatoalves.com.br\/blog\/wp-content\/uploads\/2018\/11\/capa_banner-768x137.jpg 768w, https:\/\/renatoalves.com.br\/blog\/wp-content\/uploads\/2018\/11\/capa_banner-610x109.jpg 610w\" sizes=\"(max-width: 1024px) 100vw, 1024px\" \/><\/a><\/figure>\n\n\n\n<h2 class=\"wp-block-heading\">O que faz um discurso se tornar inesquec\u00edvel?<\/h2>\n\n\n\n<p>A resposta est\u00e1 em algo que venho ensinando em meus cursos e livros: <strong>a mem\u00f3ria \u00e9 a chave para conquistar qualquer plateia<\/strong>. Quando o orador domina o conte\u00fado, articula bem suas ideias e conecta passado e presente de forma fluida, a mensagem toca de verdade.<\/p>\n\n\n\n<p>E foi exatamente isso que Oprah fez.<\/p>\n\n\n\n<h2 class=\"wp-block-heading\">Oprah usou mem\u00f3rias da inf\u00e2ncia para construir uma narrativa poderosa<\/h2>\n\n\n\n<p>O discurso come\u00e7a com uma lembran\u00e7a de inf\u00e2ncia: ela, ainda menina, sentada no ch\u00e3o de casa assistindo Sidney Poitier ganhar o Oscar. A imagem era forte: um homem negro sendo celebrado. Para aquela garotinha, aquilo significava <strong>esperan\u00e7a<\/strong>.<\/p>\n\n\n\n<p>Oprah ent\u00e3o avan\u00e7a no tempo e conecta aquele momento com sua pr\u00f3pria conquista: ser a <strong>primeira mulher negra a receber o mesmo pr\u00eamio<\/strong>. Um ciclo que se fecha. Uma mensagem que emociona. Tudo isso porque ela <strong>soube reativar lembran\u00e7as e us\u00e1-las de forma estrat\u00e9gica<\/strong>.<\/p>\n\n\n\n<h2 class=\"wp-block-heading\">Mem\u00f3ria bem usada transforma palavras em impacto<\/h2>\n\n\n\n<p>Voc\u00ea percebe como tudo flui naturalmente no discurso dela?<\/p>\n\n\n\n<p>Ela fala de nomes, datas, fatos hist\u00f3ricos, sentimentos, causas sociais\u2026 E faz isso com clareza, coer\u00eancia e emo\u00e7\u00e3o. Essa capacidade de <strong>organizar o pensamento e acessar mem\u00f3rias relevantes em tempo real<\/strong> \u00e9 essencial para qualquer pessoa que queira se destacar ao falar em p\u00fablico.<\/p>\n\n\n\n<h2 class=\"wp-block-heading\">A orat\u00f3ria \u00e9 uma arte. E a mem\u00f3ria \u00e9 sua base<\/h2>\n\n\n\n<p>Se voc\u00ea j\u00e1 travou ao tentar apresentar um trabalho, ou esqueceu tudo na hora de fazer uma fala importante, saiba que n\u00e3o \u00e9 falta de intelig\u00eancia. O problema est\u00e1 em n\u00e3o saber <strong>como usar sua mem\u00f3ria a seu favor<\/strong>.<\/p>\n\n\n\n<p>Discursos como o de Oprah nos mostram que n\u00e3o basta saber o que dizer \u2014 <strong>\u00e9 preciso saber como lembrar<\/strong> do que realmente importa, no momento certo.<\/p>\n\n\n\n<h2 class=\"wp-block-heading\">O discurso tamb\u00e9m foi um alerta: a verdade precisa ser lembrada<\/h2>\n\n\n\n<p>Al\u00e9m da t\u00e9cnica impec\u00e1vel, Oprah usou a oportunidade para levantar uma bandeira urgente: <strong>a luta contra o ass\u00e9dio sexual e a opress\u00e3o silenciosa que mulheres enfrentam h\u00e1 d\u00e9cadas.<\/strong><\/p>\n\n\n\n<p>Ela contou a hist\u00f3ria de Recy Taylor, uma mulher negra que foi violentada por homens brancos em 1944 e nunca teve justi\u00e7a. Ao trazer essa mem\u00f3ria \u00e0 tona, Oprah deu voz a milhares de outras mulheres que foram silenciadas pela hist\u00f3ria.<\/p>\n\n\n\n<p>\u00c9 a mem\u00f3ria coletiva sendo resgatada. \u00c9 a verdade sendo usada como ferramenta de transforma\u00e7\u00e3o.<\/p>\n\n\n\n<h2 class=\"wp-block-heading\">Quer aprender a usar sua mem\u00f3ria para impressionar?<\/h2>\n\n\n\n<p>Se voc\u00ea quer desenvolver essa mesma habilidade de <strong>organizar ideias, lembrar com mais clareza e se comunicar com confian\u00e7a<\/strong>, eu posso te ajudar.<\/p>\n\n\n\n<p>No meu curso de <strong>Estudo e Memoriza\u00e7\u00e3o<\/strong>, voc\u00ea vai aprender:<\/p>\n\n\n\n<ul class=\"wp-block-list\">\n<li>Como memorizar textos e discursos com facilidade<\/li>\n\n\n\n<li>T\u00e9cnicas pr\u00e1ticas para treinar a mem\u00f3ria diariamente<\/li>\n\n\n\n<li>Estrat\u00e9gias de memoriza\u00e7\u00e3o para aprender idiomas, passar em provas e brilhar em apresenta\u00e7\u00f5es<\/li>\n\n\n\n<li>Como vencer o nervosismo e manter a clareza mental em momentos importantes<\/li>\n<\/ul>\n\n\n\n<p>Tudo isso com apenas <strong>alguns minutos por dia<\/strong>, em um m\u00e9todo testado por mais de <strong>3 milh\u00f5es de pessoas no mundo todo<\/strong>.<\/p>\n\n\n\n<h2 class=\"wp-block-heading\">Orat\u00f3ria e mem\u00f3ria caminham juntas. E voc\u00ea pode dominar as duas<\/h2>\n\n\n\n<p>Quer melhorar sua comunica\u00e7\u00e3o? Quer se destacar em entrevistas, reuni\u00f5es, provas orais ou at\u00e9 na grava\u00e7\u00e3o de v\u00eddeos? Ent\u00e3o o caminho come\u00e7a com o <a href=\"https:\/\/renatoalves.com.br\/blog\/lapsos-de-memoria-pau-na-minha-mente\/\" target=\"_blank\" rel=\"noreferrer noopener\"><strong>fortalecimento da sua mem\u00f3ria<\/strong>.<\/a><\/p>\n\n\n\n<p>Assim como Oprah, voc\u00ea pode aprender a construir narrativas marcantes, prender a aten\u00e7\u00e3o do p\u00fablico e deixar sua mensagem ecoando por muito tempo.<\/p>\n\n\n\n<figure class=\"wp-block-image size-large\"><a href=\"https:\/\/estudomemorizacao.com.br\/\"><img fetchpriority=\"high\" decoding=\"async\" width=\"1024\" height=\"182\" src=\"https:\/\/renatoalves.com.br\/blog\/wp-content\/uploads\/2018\/11\/capa_banner-1024x182.jpg\" alt=\"estudo e memoriza\u00e7\u00e3o para concurso p\u00fablico\" class=\"wp-image-6047\" srcset=\"https:\/\/renatoalves.com.br\/blog\/wp-content\/uploads\/2018\/11\/capa_banner-1024x182.jpg 1024w, https:\/\/renatoalves.com.br\/blog\/wp-content\/uploads\/2018\/11\/capa_banner-300x53.jpg 300w, https:\/\/renatoalves.com.br\/blog\/wp-content\/uploads\/2018\/11\/capa_banner-768x137.jpg 768w, https:\/\/renatoalves.com.br\/blog\/wp-content\/uploads\/2018\/11\/capa_banner-610x109.jpg 610w\" sizes=\"(max-width: 1024px) 100vw, 1024px\" \/><\/a><\/figure>\n\n\n\n<h2 class=\"wp-block-heading\">Perguntas Frequentes (FAQ)<\/h2>\n\n\n\n<h3 class=\"wp-block-heading\">Como a mem\u00f3ria ajuda na hora de falar em p\u00fablico?<\/h3>\n\n\n\n<p>Ela permite que voc\u00ea acesse rapidamente ideias, dados e argumentos, tornando a fala mais fluida e confiante.<\/p>\n\n\n\n<h3 class=\"wp-block-heading\">\u00c9 poss\u00edvel treinar a mem\u00f3ria para discursos?<\/h3>\n\n\n\n<p>Sim! Com t\u00e9cnicas certas, voc\u00ea consegue memorizar t\u00f3picos, sequ\u00eancias de ideias e at\u00e9 frases inteiras com naturalidade.<\/p>\n\n\n\n<h3 class=\"wp-block-heading\">Qual a principal dica para uma boa orat\u00f3ria?<\/h3>\n\n\n\n<p>Prepara\u00e7\u00e3o. Quando voc\u00ea conhece bem o conte\u00fado e confia na sua mem\u00f3ria, o nervosismo diminui e a mensagem ganha for\u00e7a.<\/p>\n\n\n\n<h3 class=\"wp-block-heading\">O curso de memoriza\u00e7\u00e3o serve para quem quer aprender orat\u00f3ria?<\/h3>\n\n\n\n<p>Com certeza. O curso ensina t\u00e9cnicas que ajudam tanto nos estudos quanto na fala em p\u00fablico, fortalecendo sua confian\u00e7a e clareza mental.<\/p>\n\n\n\n<h3 class=\"wp-block-heading\">Quais resultados posso esperar com o curso?<\/h3>\n\n\n\n<p>Melhora da concentra\u00e7\u00e3o, maior reten\u00e7\u00e3o de conte\u00fado, flu\u00eancia ao falar e muito mais seguran\u00e7a em apresenta\u00e7\u00f5es.<\/p>\n\n\n\n<h3 class=\"wp-block-heading\">Em quanto tempo vejo resultados?<\/h3>\n\n\n\n<p>Muitos alunos relatam evolu\u00e7\u00e3o j\u00e1 na primeira semana de aplica\u00e7\u00e3o das t\u00e9cnicas.<\/p>\n\n\n\n<h2 class=\"wp-block-heading\">Veja tamb\u00e9m:<\/h2>\n\n\n\n<figure class=\"wp-block-embed is-type-rich is-provider-incorporar-manipulador wp-block-embed-incorporar-manipulador wp-embed-aspect-16-9 wp-has-aspect-ratio\"><div class=\"wp-block-embed__wrapper\">\n<iframe title=\"Esqueceu de Novo? Aplique Essas 5 Estrat\u00e9gias para Turbinar sua Mente!\" width=\"800\" height=\"450\" src=\"https:\/\/www.youtube.com\/embed\/p39IXaH__7Y?feature=oembed\" frameborder=\"0\" allow=\"accelerometer; autoplay; clipboard-write; encrypted-media; gyroscope; picture-in-picture; web-share\" referrerpolicy=\"strict-origin-when-cross-origin\" allowfullscreen><\/iframe>\n<\/div><\/figure>\n","protected":false},"excerpt":{"rendered":"<p>Voc\u00ea j\u00e1 parou para pensar como a mem\u00f3ria pode ser uma aliada poderosa na hora de falar em p\u00fablico? Hoje eu quero te mostrar isso com um exemplo marcante: o discurso impactante de Oprah Winfrey no Globo de Ouro de 2018. Um momento que n\u00e3o apenas emocionou o mundo inteiro, mas que tamb\u00e9m mostra com [&hellip;]<\/p>\n","protected":false},"author":24,"featured_media":3739,"comment_status":"open","ping_status":"open","sticky":false,"template":"","format":"standard","meta":{"footnotes":""},"categories":[262],"tags":[145,56,44,46,212,98,6,275,74,274,95],"class_list":["post-3707","post","type-post","status-publish","format-standard","has-post-thumbnail","hentry","category-estudo-e-desenvolvimento","tag-boa-memoria","tag-branco-na-memoria","tag-concentracao","tag-curso-de-memorizacao-online","tag-curso-memoria-blindada","tag-curso-online-renato-alves","tag-evitar-esquecimentos","tag-falar-em-publico","tag-metodo-renato-alves","tag-oratoria","tag-renato-alves-memorizacao"],"_links":{"self":[{"href":"https:\/\/renatoalves.com.br\/blog\/wp-json\/wp\/v2\/posts\/3707","targetHints":{"allow":["GET"]}}],"collection":[{"href":"https:\/\/renatoalves.com.br\/blog\/wp-json\/wp\/v2\/posts"}],"about":[{"href":"https:\/\/renatoalves.com.br\/blog\/wp-json\/wp\/v2\/types\/post"}],"author":[{"embeddable":true,"href":"https:\/\/renatoalves.com.br\/blog\/wp-json\/wp\/v2\/users\/24"}],"replies":[{"embeddable":true,"href":"https:\/\/renatoalves.com.br\/blog\/wp-json\/wp\/v2\/comments?post=3707"}],"version-history":[{"count":3,"href":"https:\/\/renatoalves.com.br\/blog\/wp-json\/wp\/v2\/posts\/3707\/revisions"}],"predecessor-version":[{"id":10566,"href":"https:\/\/renatoalves.com.br\/blog\/wp-json\/wp\/v2\/posts\/3707\/revisions\/10566"}],"wp:featuredmedia":[{"embeddable":true,"href":"https:\/\/renatoalves.com.br\/blog\/wp-json\/wp\/v2\/media\/3739"}],"wp:attachment":[{"href":"https:\/\/renatoalves.com.br\/blog\/wp-json\/wp\/v2\/media?parent=3707"}],"wp:term":[{"taxonomy":"category","embeddable":true,"href":"https:\/\/renatoalves.com.br\/blog\/wp-json\/wp\/v2\/categories?post=3707"},{"taxonomy":"post_tag","embeddable":true,"href":"https:\/\/renatoalves.com.br\/blog\/wp-json\/wp\/v2\/tags?post=3707"}],"curies":[{"name":"wp","href":"https:\/\/api.w.org\/{rel}","templated":true}]}}