{"id":3715,"date":"2025-08-19T23:00:00","date_gmt":"2025-08-20T02:00:00","guid":{"rendered":"https:\/\/renatoalves.com.br\/blog\/?p=3715"},"modified":"2025-08-18T14:19:18","modified_gmt":"2025-08-18T17:19:18","slug":"voce-tem-medo-de-ficar-sem-celular","status":"publish","type":"post","link":"https:\/\/renatoalves.com.br\/blog\/voce-tem-medo-de-ficar-sem-celular\/","title":{"rendered":"Voc\u00ea tem medo de ficar sem celular? Isso pode ser Nomofobia"},"content":{"rendered":"\n<p>Voc\u00ea j\u00e1 sentiu aquele frio na barriga quando percebe que esqueceu o celular em casa? Como se algo essencial tivesse sumido do seu mundo? Bem-vindo ao universo da <strong>nomofobia<\/strong> \u2014 um <a href=\"https:\/\/memoriablindada.com.br\/\" target=\"_blank\" rel=\"noreferrer noopener\">desconforto real<\/a>, que pode atrapalhar at\u00e9 seus planos de aprova\u00e7\u00e3o em concursos ou vestibulares. Mas calma, vamos explorar isso juntos, do jeito que voc\u00ea merece.<\/p>\n\n\n\n<figure class=\"wp-block-image size-large\"><a href=\"https:\/\/memoriablindada.com.br\/\"><img fetchpriority=\"high\" decoding=\"async\" width=\"1024\" height=\"120\" src=\"https:\/\/renatoalves.com.br\/blog\/wp-content\/uploads\/2014\/09\/MEMORIA-BLINDADA-BANNER-BLOG-RENATO-ALVES-1024x120.png\" alt=\"banner mem\u00f3ria blindada\" class=\"wp-image-10107\" srcset=\"https:\/\/renatoalves.com.br\/blog\/wp-content\/uploads\/2014\/09\/MEMORIA-BLINDADA-BANNER-BLOG-RENATO-ALVES-1024x120.png 1024w, https:\/\/renatoalves.com.br\/blog\/wp-content\/uploads\/2014\/09\/MEMORIA-BLINDADA-BANNER-BLOG-RENATO-ALVES-300x35.png 300w, https:\/\/renatoalves.com.br\/blog\/wp-content\/uploads\/2014\/09\/MEMORIA-BLINDADA-BANNER-BLOG-RENATO-ALVES-768x90.png 768w, https:\/\/renatoalves.com.br\/blog\/wp-content\/uploads\/2014\/09\/MEMORIA-BLINDADA-BANNER-BLOG-RENATO-ALVES-1536x181.png 1536w, https:\/\/renatoalves.com.br\/blog\/wp-content\/uploads\/2014\/09\/MEMORIA-BLINDADA-BANNER-BLOG-RENATO-ALVES.png 1700w\" sizes=\"(max-width: 1024px) 100vw, 1024px\" \/><\/a><\/figure>\n\n\n\n<h2 class=\"wp-block-heading\">O que acontece quando o celular some?<\/h2>\n\n\n\n<p>Imagine: voc\u00ea chega em casa exausto, s\u00f3 quer um banho, um pijama confort\u00e1vel e relaxar. A TV est\u00e1 ligada, mas nada parece chamar sua aten\u00e7\u00e3o. O que voc\u00ea realmente quer \u00e9 olhar o WhatsApp, ver notifica\u00e7\u00f5es. Comigo foi assim? Aposto que sim. E a\u00ed, ao lembrar que deixou o celular no carro&#8230; bateu aquele p\u00e2nico. Sentiu o aperto no peito? Se sim, pode ser sinal de nomofobia \u2014 o medo intenso de ficar desconectado.<\/p>\n\n\n\n<h2 class=\"wp-block-heading\">Quando o uso vira depend\u00eancia<\/h2>\n\n\n\n<p>Pesquisadores da Universidade de Seul usaram resson\u00e2ncia magn\u00e9tica para estudar adolescentes diagnosticados como \u201cviciados em celular\u201d. O que encontraram? Altera\u00e7\u00f5es qu\u00edmicas no c\u00e9rebro, acompanhadas por n\u00edveis alarmantes de <strong>depress\u00e3o<\/strong>, <strong>ins\u00f4nia<\/strong>, <strong>ansiedade<\/strong> e <strong>impulsividade<\/strong>. Isso indica que a tecnologia deixou de ser mera companhia e virou depend\u00eancia de verdade.<\/p>\n\n\n\n<h2 class=\"wp-block-heading\">Nomofobia: um mal moderno<\/h2>\n\n\n\n<p>Esse termo pode at\u00e9 parecer novo, mas j\u00e1 descreve uma realidade bem concreta: somos ref\u00e9ns do smartphone. E n\u00e3o s\u00e3o apenas os sintomas emocionais \u2014 isso afeta nossa vida social, f\u00edsica e at\u00e9 cognitiva. Com tanta gente dependente, \u00e9 hora de parar e pensar: at\u00e9 onde isso vai nos levar?<\/p>\n\n\n\n<h2 class=\"wp-block-heading\">Brasil conectado \u2014 e dependente<\/h2>\n\n\n\n<p>Voc\u00ea sabia que o Brasil \u00e9 o terceiro pa\u00eds onde as pessoas passam mais tempo conectadas ao smartphone? Segundo dados da GlobalWebIndex, o uso aumentou bastante entre 2012 e 2015. Imagine onde chegamos agora, em plena era p\u00f3s-pandemia. Estamos deixando a rotina escapar entre toques e notifica\u00e7\u00f5es.<\/p>\n\n\n\n<h2 class=\"wp-block-heading\">Um futuro de mem\u00f3rias artificiais e mentes pregui\u00e7osas?<\/h2>\n\n\n\n<p>Se continuarmos nesse ritmo, nossa pr\u00f3pria capacidade mental pode encolher. Criamos uma depend\u00eancia externa para lembrar, pensar e decidir. E isso pode levar a um retrocesso cognitivo \u2014 uma mente menos ativa, menos confiante.<\/p>\n\n\n\n<h2 class=\"wp-block-heading\">Como reativar sua mem\u00f3ria natural<\/h2>\n\n\n\n<p>Mas nem tudo est\u00e1 perdido! \u00c9 poss\u00edvel retomar o controle com <strong>estrat\u00e9gias pr\u00e1ticas de memoriza\u00e7\u00e3o<\/strong>. Agora, imagine recuperar aquela mem\u00f3ria afiada, sem depender de lembretes digitais. J\u00e1 pensou em restaurar seu poder mental e confian\u00e7a?<\/p>\n\n\n\n<h2 class=\"wp-block-heading\">O m\u00e9todo para desbloquear sua mem\u00f3ria<\/h2>\n\n\n\n<p>Te apresento o <strong>curso Mem\u00f3ria Blindada<\/strong>: aulas online que ensinam t\u00e9cnicas de memoriza\u00e7\u00e3o aplic\u00e1veis no dia a dia \u2014 explicadas de forma clara, direta e que voc\u00ea pode assistir de onde quiser. Se o que te impede \u00e9 esquecer coisas importantes, este curso foi feito para eliminar isso da sua rotina.<\/p>\n\n\n\n<h2 class=\"wp-block-heading\">Confian\u00e7a garantida para voc\u00ea investir sem medo<\/h2>\n\n\n\n<p>E tem mais: se em at\u00e9 <strong>7 dias de aplica\u00e7\u00e3o do m\u00e9todo<\/strong> voc\u00ea n\u00e3o perceber melhorias, eu garanto <strong>100% de reembolso<\/strong>. Sem riscos, s\u00f3 oportunidades para transformar sua mem\u00f3ria. \u00c9 sua chance de ter uma<a href=\"https:\/\/renatoalves.com.br\/blog\/fazer-a-diferenca-na-sua-vida\/\" target=\"_blank\" rel=\"noreferrer noopener\"> mente mais jovem, firme e confi\u00e1vel.<\/a><\/p>\n\n\n\n<p>Est\u00e1 pronto para virar o jogo? Inscreva-se na pr\u00f3xima turma e comece a<a href=\"https:\/\/renatoalves.com.br\/blog\/si-8-tecnicas-para-memorizar-qualquer-coisa\/\" target=\"_blank\" rel=\"noreferrer noopener\"> fortalecer sua mem\u00f3ria hoje mesmo. <\/a>Vamos juntos nessa!<\/p>\n\n\n\n<figure class=\"wp-block-image size-large\"><a href=\"https:\/\/memoriablindada.com.br\/\"><img fetchpriority=\"high\" decoding=\"async\" width=\"1024\" height=\"120\" src=\"https:\/\/renatoalves.com.br\/blog\/wp-content\/uploads\/2014\/09\/MEMORIA-BLINDADA-BANNER-BLOG-RENATO-ALVES-1024x120.png\" alt=\"banner mem\u00f3ria blindada\" class=\"wp-image-10107\" srcset=\"https:\/\/renatoalves.com.br\/blog\/wp-content\/uploads\/2014\/09\/MEMORIA-BLINDADA-BANNER-BLOG-RENATO-ALVES-1024x120.png 1024w, https:\/\/renatoalves.com.br\/blog\/wp-content\/uploads\/2014\/09\/MEMORIA-BLINDADA-BANNER-BLOG-RENATO-ALVES-300x35.png 300w, https:\/\/renatoalves.com.br\/blog\/wp-content\/uploads\/2014\/09\/MEMORIA-BLINDADA-BANNER-BLOG-RENATO-ALVES-768x90.png 768w, https:\/\/renatoalves.com.br\/blog\/wp-content\/uploads\/2014\/09\/MEMORIA-BLINDADA-BANNER-BLOG-RENATO-ALVES-1536x181.png 1536w, https:\/\/renatoalves.com.br\/blog\/wp-content\/uploads\/2014\/09\/MEMORIA-BLINDADA-BANNER-BLOG-RENATO-ALVES.png 1700w\" sizes=\"(max-width: 1024px) 100vw, 1024px\" \/><\/a><\/figure>\n\n\n\n<h2 class=\"wp-block-heading\">Perguntas Frequentes (FAQ)<\/h2>\n\n\n\n<h3 class=\"wp-block-heading\">O que \u00e9 nomofobia?<\/h3>\n\n\n\n<p>Nomofobia \u00e9 o medo excessivo de ficar sem o celular. Esse desconforto pode causar ansiedade, estresse e at\u00e9 sintomas f\u00edsicos quando a pessoa est\u00e1 longe do aparelho.<\/p>\n\n\n\n<h3 class=\"wp-block-heading\">Como saber se tenho nomofobia?<\/h3>\n\n\n\n<p>Alguns sinais incluem: sentir p\u00e2nico ao esquecer o celular, checar notifica\u00e7\u00f5es compulsivamente, n\u00e3o conseguir ficar desconectado nem por alguns minutos e sentir irrita\u00e7\u00e3o ao ficar sem internet.<\/p>\n\n\n\n<h3 class=\"wp-block-heading\">Nomofobia \u00e9 considerada uma doen\u00e7a?<\/h3>\n\n\n\n<p>Sim, em alguns casos. Quando o uso do celular come\u00e7a a causar preju\u00edzos emocionais, sociais e cognitivos, ele pode ser classificado como um v\u00edcio, exigindo aten\u00e7\u00e3o e, \u00e0s vezes, acompanhamento profissional.<\/p>\n\n\n\n<h3 class=\"wp-block-heading\">O v\u00edcio em celular afeta a mem\u00f3ria?<\/h3>\n\n\n\n<p>Afeta sim. O uso excessivo pode reduzir a capacidade de concentra\u00e7\u00e3o e memoriza\u00e7\u00e3o, tornando o c\u00e9rebro mais dependente de mem\u00f3rias artificiais, como as notifica\u00e7\u00f5es e lembretes digitais.<\/p>\n\n\n\n<h3 class=\"wp-block-heading\">Existe alguma forma de melhorar a mem\u00f3ria sem depender do celular?<\/h3>\n\n\n\n<p>Sim! T\u00e9cnicas de memoriza\u00e7\u00e3o comprovadas ajudam a fortalecer a mente, melhorar o foco e recuperar a confian\u00e7a na pr\u00f3pria mem\u00f3ria. Elas s\u00e3o pr\u00e1ticas e podem ser aplicadas no dia a dia.<\/p>\n\n\n\n<h3 class=\"wp-block-heading\">O curso Mem\u00f3ria Blindada realmente funciona?<\/h3>\n\n\n\n<p>O curso oferece estrat\u00e9gias pr\u00e1ticas e simples para fortalecer sua mem\u00f3ria. Ele tem garantia de 7 dias: se voc\u00ea aplicar as t\u00e9cnicas e n\u00e3o notar melhorias, recebe seu dinheiro de volta.<\/p>\n\n\n\n<h2 class=\"wp-block-heading\">Veja tamb\u00e9m: <\/h2>\n\n\n\n<figure class=\"wp-block-embed is-type-rich is-provider-incorporar-manipulador wp-block-embed-incorporar-manipulador wp-embed-aspect-16-9 wp-has-aspect-ratio\"><div class=\"wp-block-embed__wrapper\">\n<iframe title=\"Esqueceu de Novo? Aplique Essas 5 Estrat\u00e9gias para Turbinar sua Mente!\" width=\"800\" height=\"450\" src=\"https:\/\/www.youtube.com\/embed\/p39IXaH__7Y?feature=oembed\" frameborder=\"0\" allow=\"accelerometer; autoplay; clipboard-write; encrypted-media; gyroscope; picture-in-picture; web-share\" referrerpolicy=\"strict-origin-when-cross-origin\" allowfullscreen><\/iframe>\n<\/div><\/figure>\n\n\n\n<p><\/p>\n","protected":false},"excerpt":{"rendered":"<p>Voc\u00ea j\u00e1 sentiu aquele frio na barriga quando percebe que esqueceu o celular em casa? Como se algo essencial tivesse sumido do seu mundo? Bem-vindo ao universo da nomofobia \u2014 um desconforto real, que pode atrapalhar at\u00e9 seus planos de aprova\u00e7\u00e3o em concursos ou vestibulares. Mas calma, vamos explorar isso juntos, do jeito que voc\u00ea [&hellip;]<\/p>\n","protected":false},"author":10,"featured_media":3716,"comment_status":"open","ping_status":"open","sticky":false,"template":"","format":"standard","meta":{"footnotes":""},"categories":[264],"tags":[145,56,44,212,85,98,97,67,88,74,21,99],"class_list":["post-3715","post","type-post","status-publish","format-standard","has-post-thumbnail","hentry","category-saude-e-qualidade-de-vida","tag-boa-memoria","tag-branco-na-memoria","tag-concentracao","tag-curso-memoria-blindada","tag-curso-memorizacao","tag-curso-online-renato-alves","tag-cursos-para-a-memoria","tag-dicas-de-memorizacao","tag-dicas-memoria","tag-metodo-renato-alves","tag-neutralizar-a-ansiedade","tag-qual-o-melhor-curso-de-memorizacao"],"_links":{"self":[{"href":"https:\/\/renatoalves.com.br\/blog\/wp-json\/wp\/v2\/posts\/3715","targetHints":{"allow":["GET"]}}],"collection":[{"href":"https:\/\/renatoalves.com.br\/blog\/wp-json\/wp\/v2\/posts"}],"about":[{"href":"https:\/\/renatoalves.com.br\/blog\/wp-json\/wp\/v2\/types\/post"}],"author":[{"embeddable":true,"href":"https:\/\/renatoalves.com.br\/blog\/wp-json\/wp\/v2\/users\/10"}],"replies":[{"embeddable":true,"href":"https:\/\/renatoalves.com.br\/blog\/wp-json\/wp\/v2\/comments?post=3715"}],"version-history":[{"count":1,"href":"https:\/\/renatoalves.com.br\/blog\/wp-json\/wp\/v2\/posts\/3715\/revisions"}],"predecessor-version":[{"id":10568,"href":"https:\/\/renatoalves.com.br\/blog\/wp-json\/wp\/v2\/posts\/3715\/revisions\/10568"}],"wp:featuredmedia":[{"embeddable":true,"href":"https:\/\/renatoalves.com.br\/blog\/wp-json\/wp\/v2\/media\/3716"}],"wp:attachment":[{"href":"https:\/\/renatoalves.com.br\/blog\/wp-json\/wp\/v2\/media?parent=3715"}],"wp:term":[{"taxonomy":"category","embeddable":true,"href":"https:\/\/renatoalves.com.br\/blog\/wp-json\/wp\/v2\/categories?post=3715"},{"taxonomy":"post_tag","embeddable":true,"href":"https:\/\/renatoalves.com.br\/blog\/wp-json\/wp\/v2\/tags?post=3715"}],"curies":[{"name":"wp","href":"https:\/\/api.w.org\/{rel}","templated":true}]}}