{"id":391,"date":"2011-10-11T07:28:38","date_gmt":"2011-10-11T10:28:38","guid":{"rendered":"http:\/\/www.renatoalves.com.br\/blog\/?p=391"},"modified":"2021-02-11T11:51:27","modified_gmt":"2021-02-11T14:51:27","slug":"memorizacao-tire-suas-duvidas","status":"publish","type":"post","link":"https:\/\/renatoalves.com.br\/blog\/memorizacao-tire-suas-duvidas\/","title":{"rendered":"Memoriza\u00e7\u00e3o tire suas d\u00favidas aqui"},"content":{"rendered":"<p style=\"text-align: justify;\">Se voc\u00ea tem d\u00favidas sobre Memoriza\u00e7\u00e3o tire suas d\u00favidas! Em uma entrevista que dei ao Corrreio Braziliense, que tamb\u00e9m foi publicada no RankBrasil, passei algumas dicas importantes que podem ser vistas por quem ainda tem d\u00favidas sobre memoriza\u00e7\u00e3o. Veja abaixo:<\/p>\n<h2>Incertezas sobre Memoriza\u00e7\u00e3o tire suas d\u00favidas aqui no post:<\/h2>\n<p style=\"text-align: justify;\">Estresse, irrita\u00e7\u00e3o e ansiedade podem causar os lapsos de mem\u00f3ria. Mas um estudo mal feito, avisa Renato Alves, tamb\u00e9m contribui para o problema.<\/p>\n<p style=\"text-align: justify;\">Segundo o campe\u00e3o brasileiro de memoriza\u00e7\u00e3o pelo RankBrasil, o livro dos recordes brasileiro, sem aprendizado, n\u00e3o h\u00e1 memoriza\u00e7\u00e3o.<\/p>\n<p style=\"text-align: justify;\"><em>&#8220;A decoreba, \u00e9 muito ensinada por a\u00ed, e isso \u00e9 o que leva ao branco na mem\u00f3ria. \u00c9 uma situa\u00e7\u00e3o em que a pessoa n\u00e3o entendeu nada e fica lendo in\u00fameras vezes&#8221;.<\/em><\/p>\n<h4 style=\"text-align: justify;\"><strong>Como prevenir o branco na mem\u00f3ria?<\/strong><\/h4>\n<p style=\"text-align: justify;\">Uma estrat\u00e9gia para se preparar bem \u00e9 explicar o que acabou de ler. Mas isso tem que ser imediato: fa\u00e7a a leitura, releia e explique logo em seguida para a informa\u00e7\u00e3o n\u00e3o se perder.<\/p>\n<p style=\"text-align: justify;\">Caso n\u00e3o seja suficiente, leia novamente parando em cada par\u00e1grafo. De cada um extraia uma palavra chave. Isso deve ser feito com o artigo inteiro. Se voc\u00ea compreende, voc\u00ea consegue sintetizar.<\/p>\n<h4 style=\"text-align: justify;\"><strong>No meio da prova, \u00e9 poss\u00edvel resgatar da mem\u00f3ria daquilo que sumiu<\/strong><\/h4>\n<p style=\"text-align: justify;\">Com certeza, porque ningu\u00e9m tem branco de algo que desconhe\u00e7a. S\u00f3 precisa acessar esse conte\u00fado que foi bloqueado por alguma raz\u00e3o, seja o cansa\u00e7o, a m\u00e1 alimenta\u00e7\u00e3o, o estresse, a falta de sono e a fadiga mental, muito comum entre os concurseiros que viram a noite estudando.<\/p>\n<p style=\"text-align: center;\">[inf_infusionsoft_inline optin_id=optin_1]<\/p>\n<h4 style=\"text-align: justify;\"><strong>Como fazer esse resgate? Existem t\u00e9cnicas?<\/strong><\/h4>\n<p style=\"text-align: justify;\">As mais simples, mas que n\u00e3o deixam de ser eficazes, s\u00e3o respirar fundo e reler a quest\u00e3o. Outra seria a pessoa se perguntar sobre o que ela lembra quando pensa no assunto.<\/p>\n<p style=\"text-align: justify;\">A partir disso, a mem\u00f3ria fornece ideias soltas e palavras chave, que acabam se unindo em uma informa\u00e7\u00e3o que pode trazer o que se perdeu de volta.<\/p>\n<p style=\"text-align: justify;\">Em uma quest\u00e3o sobre fotoss\u00edntese, por exemplo, imediatamente o candidato pode lembrar de sol, g\u00e1s carb\u00f4nico, oxig\u00eanio, noite, dia, respira\u00e7\u00e3o. Aos poucos, todo o processo vai aparecendo.<\/p>\n<h4 style=\"text-align: justify;\"><strong>Qual \u00e9 o maior erro dos candidatos na hora de se preparar?<\/strong><\/h4>\n<p style=\"text-align: justify;\">\u00c9 a leitura r\u00e1pida, por pregui\u00e7a. \u00c9 a maior armadilha que existe porque n\u00e3o envolve mem\u00f3ria. O ideal \u00e9 utilizar esse tipo de leitura para julgar se ela vale a pena ou n\u00e3o, para extrair o assunto apenas. Nunca encontrei algu\u00e9m que lesse r\u00e1pido e aprendesse sem um m\u00e9todo de <a href=\"\/\/renatoalves.com.br\/blog\/leitura-dinamica-com-o-metodo-certo-nao-prejudica-a-visao\/\">leitura din\u00e2mica.<\/a><\/p>\n<h4 style=\"text-align: justify;\"><strong>Qual a rela\u00e7\u00e3o entre mem\u00f3ria e aprendizado?<\/strong><\/h4>\n<p style=\"text-align: justify;\">Voc\u00ea precisa aprender primeiro para depois memorizar. A partir do momento que voc\u00ea \u00e9 capaz de explicar o que leu, pode come\u00e7ar o processo de memoriza\u00e7\u00e3o. Se tentar memorizar algo que n\u00e3o aprendeu, n\u00e3o tem como criar algo consolidado.<\/p>\n<p style=\"text-align: justify;\">O decoreba irracional, que \u00e9 muito ensinado por a\u00ed, \u00e9 que leva ao branco. \u00c9 uma situa\u00e7\u00e3o em que a pessoa n\u00e3o entendeu nada e fica lendo in\u00fameras vezes. N\u00e3o adianta.<\/p>\n<h4 style=\"text-align: justify;\"><strong>Em quanto tempo, depois de aprender essas t\u00e9cnicas, o estudante est\u00e1 pronto?<\/strong><\/h4>\n<p style=\"text-align: justify;\">Imediatamente. Ele n\u00e3o precisa ficar treinando para daqui a um m\u00eas conseguir. N\u00e3o \u00e9 uma quest\u00e3o de pr\u00e1tica, \u00e9 entender como usar a mem\u00f3ria. Entendeu como funciona? Legal, agora \u00e9 s\u00f3 usar.<\/p>\n<p>Voc\u00ea acredita que ainda ficou algumas incertezas sobre memoriza\u00e7\u00e3o tire suas d\u00favidas aqui nos coment\u00e1rios, aproveite para conhecer o meu\u00a0<span class=\"s1\">curso\u00a0<a href=\"https:\/\/estudomemorizacao.com.br\">Estudo e Memoriza\u00e7\u00e3o<\/a> no treinamento eu ensino\u00a0a\u00a0aplica\u00e7\u00e3o pr\u00e1tica da memoriza\u00e7\u00e3o\u00a0para os estudos.<\/span><\/p>\n<p style=\"text-align: justify;\"><span class=\"s1\">Nas\u00a0videoaulas on-line eu explico de maneira simples e objetiva, todas as estrat\u00e9gias que voc\u00ea precisar\u00e1 para aprender o que desejar, inclusive mat\u00e9rias de exatas ou idiomas<\/span>:<\/p>\n<p class=\"p1\" style=\"text-align: center;\"><a href=\"\/\/renatoalves.com.br\/depoimentos.html\">\u00bb Clique Aqui\u00a0e assista alguns depoimentos de alunos do curso\u00a0\u00ab<\/a><\/p>\n<p class=\"p1\" style=\"text-align: justify;\"><span class=\"s1\">Para que voc\u00ea adquira ainda hoje o curso\u00a0<a href=\"https:\/\/estudomemorizacao.com.br\">Estudo e Memoriza\u00e7\u00e3o<\/a>, <\/span>e por acreditar tanto na efici\u00eancia do meu m\u00e9todo, al\u00e9m dos b\u00f4nus eu ainda lhe ofere\u00e7o uma garantia especial.<\/p>\n<p class=\"p1\" style=\"text-align: justify;\">Se em 7 dias, depois de aplicar o m\u00e9todo, voc\u00ea\u00a0 n\u00e3o notar melhoras, eu assumo total responsabilidade e devolverei 100% do seu investimento.\u00a0Dessa forma voc\u00ea n\u00e3o corre nenhum risco. O que voc\u00ea acha?\u00a0<a href=\"https:\/\/estudomemorizacao.com.br\">Clique aqui e saiba mais sobre o treinamento!<\/a><\/p>\n<p style=\"text-align: justify;\"><em><strong>Renato Alves<\/strong>\u00a0\u00e9 escritor, pesquisador e primeiro brasileiro a receber o t\u00edtulo oficial de melhor mem\u00f3ria do Brasil. Autor de um m\u00e9todo patenteado de memoriza\u00e7\u00e3o que ganhou reconhecimento nacional e j\u00e1 est\u00e1 presente em mais de 100 pa\u00edses.<\/em><\/p>\n<p>Voc\u00ea leu os artigos, mas para voc\u00ea ainda h\u00e1 alguma quest\u00e3o irresoluta sobre a Memoriza\u00e7\u00e3o tire suas d\u00favidas aqui nos meus outros canais, l\u00e1 voc\u00ea ter\u00e1 acesso a outras informa\u00e7\u00f5es.\u00a0<a href=\"https:\/\/www.facebook.com\/RenatoAlvesOficial\">Curta e siga a minha fanpage no Facebook<\/a>\u00a0e tamb\u00e9m\u00a0<a href=\"http:\/\/www.youtube.com\/videosmemoria\/videos?sub_confirmation=1\">inscreva-se no meu canal no Youtube.<\/a><\/p>\n<p><a href=\"https:\/\/clkdmg.site\/lead\/12e83c81-7816-4773-bf14-0a693bc07e2f?utm_content=memorizacao-tire-suas-duvidas\"><img fetchpriority=\"high\" decoding=\"async\" class=\"alignnone wp-image-2516 size-full\" src=\"\/\/renatoalves.com.br\/blog\/wp-content\/uploads\/2015\/02\/banner_EM.jpg\" alt=\"Curso Estudo e Memoriza\u00e7\u00e3o\" width=\"3002\" height=\"353\" \/><\/a><\/p>\n","protected":false},"excerpt":{"rendered":"<p>Se voc\u00ea tem d\u00favidas sobre Memoriza\u00e7\u00e3o tire suas d\u00favidas! Em uma entrevista que dei ao Corrreio Braziliense, que tamb\u00e9m foi publicada no RankBrasil, passei algumas dicas importantes que podem ser vistas por quem ainda tem d\u00favidas sobre memoriza\u00e7\u00e3o. Veja abaixo: Incertezas sobre Memoriza\u00e7\u00e3o tire suas d\u00favidas aqui no post: Estresse, irrita\u00e7\u00e3o e ansiedade podem causar [&hellip;]<\/p>\n","protected":false},"author":24,"featured_media":4476,"comment_status":"open","ping_status":"open","sticky":false,"template":"","format":"standard","meta":{"footnotes":""},"categories":[262,32],"tags":[145,56,60,65,66,84,75,112],"class_list":["post-391","post","type-post","status-publish","format-standard","has-post-thumbnail","hentry","category-estudo-e-desenvolvimento","category-namidia","tag-boa-memoria","tag-branco-na-memoria","tag-como-estudar","tag-como-estudar-para-concurso","tag-como-estudar-para-o-enem","tag-como-fazer-um-plano-de-estudo","tag-como-passar-em-concurso","tag-concurso-publico"],"_links":{"self":[{"href":"https:\/\/renatoalves.com.br\/blog\/wp-json\/wp\/v2\/posts\/391","targetHints":{"allow":["GET"]}}],"collection":[{"href":"https:\/\/renatoalves.com.br\/blog\/wp-json\/wp\/v2\/posts"}],"about":[{"href":"https:\/\/renatoalves.com.br\/blog\/wp-json\/wp\/v2\/types\/post"}],"author":[{"embeddable":true,"href":"https:\/\/renatoalves.com.br\/blog\/wp-json\/wp\/v2\/users\/24"}],"replies":[{"embeddable":true,"href":"https:\/\/renatoalves.com.br\/blog\/wp-json\/wp\/v2\/comments?post=391"}],"version-history":[{"count":1,"href":"https:\/\/renatoalves.com.br\/blog\/wp-json\/wp\/v2\/posts\/391\/revisions"}],"predecessor-version":[{"id":7336,"href":"https:\/\/renatoalves.com.br\/blog\/wp-json\/wp\/v2\/posts\/391\/revisions\/7336"}],"wp:featuredmedia":[{"embeddable":true,"href":"https:\/\/renatoalves.com.br\/blog\/wp-json\/wp\/v2\/media\/4476"}],"wp:attachment":[{"href":"https:\/\/renatoalves.com.br\/blog\/wp-json\/wp\/v2\/media?parent=391"}],"wp:term":[{"taxonomy":"category","embeddable":true,"href":"https:\/\/renatoalves.com.br\/blog\/wp-json\/wp\/v2\/categories?post=391"},{"taxonomy":"post_tag","embeddable":true,"href":"https:\/\/renatoalves.com.br\/blog\/wp-json\/wp\/v2\/tags?post=391"}],"curies":[{"name":"wp","href":"https:\/\/api.w.org\/{rel}","templated":true}]}}