{"id":40,"date":"2025-04-25T14:32:01","date_gmt":"2025-04-25T17:32:01","guid":{"rendered":"http:\/\/www.renatoalves.com.br\/blog\/?p=40"},"modified":"2025-04-25T14:35:25","modified_gmt":"2025-04-25T17:35:25","slug":"quando-a-memoria-envelhece","status":"publish","type":"post","link":"https:\/\/renatoalves.com.br\/blog\/quando-a-memoria-envelhece\/","title":{"rendered":"Quando a mem\u00f3ria envelhece: como manter sua mente ativa e saud\u00e1vel"},"content":{"rendered":"\n<p>Com o passar dos anos, \u00e9 natural que a mem\u00f3ria passe por algumas altera\u00e7\u00f5es. Mas ser\u00e1 que todo esquecimento \u00e9 sinal de envelhecimento cognitivo? Em mais de duas d\u00e9cadas dedicadas \u00e0 pesquisa sobre mem\u00f3ria, posso afirmar: <strong>h\u00e1 uma grande diferen\u00e7a entre o envelhecimento natural do c\u00e9rebro e a perda de mem\u00f3ria patol\u00f3gica<\/strong>.<\/p>\n\n\n\n<h2 class=\"wp-block-heading\"><strong>O que acontece com a mem\u00f3ria ao longo do tempo<\/strong><\/h2>\n\n\n\n<p>\u00c0 medida que envelhecemos, o c\u00e9rebro passa por mudan\u00e7as estruturais e funcionais. A velocidade de processamento diminui, a aten\u00e7\u00e3o pode oscilar, e o armazenamento de novas informa\u00e7\u00f5es exige mais esfor\u00e7o. No entanto, <strong><a href=\"https:\/\/renatoalves.com.br\/blog\/lapsos-de-memoria-pau-na-minha-mente\/\" target=\"_blank\" rel=\"noreferrer noopener\">isso n\u00e3o significa que a mem\u00f3ria precise enfraquecer drasticamente<\/a><\/strong>.<\/p>\n\n\n\n<p>Muitos dos meus alunos mais velhos me surpreendem com sua capacidade de <a href=\"https:\/\/renatoalves.com.br\/?utm_source=Blog&amp;utm_medium=st-ra&amp;utm_campaign=&amp;utm_content=quando-a-memoria-envelhece\" target=\"_blank\" rel=\"noreferrer noopener\">memoriza\u00e7\u00e3o<\/a>. O segredo? Est\u00edmulo cont\u00ednuo, prop\u00f3sito e aplica\u00e7\u00e3o de boas t\u00e9cnicas.<\/p>\n\n\n\n<figure class=\"wp-block-embed is-type-rich is-provider-incorporar-manipulador wp-block-embed-incorporar-manipulador wp-embed-aspect-16-9 wp-has-aspect-ratio\"><div class=\"wp-block-embed__wrapper\">\n<iframe title=\"4 BENEF\u00cdCIOS DA LEITURA | COMO TER UM C\u00c9REBRO SAUD\u00c1VEL E MEM\u00d3RIA FORTE\" width=\"800\" height=\"450\" src=\"https:\/\/www.youtube.com\/embed\/GJpa724iMdk?feature=oembed\" frameborder=\"0\" allow=\"accelerometer; autoplay; clipboard-write; encrypted-media; gyroscope; picture-in-picture; web-share\" referrerpolicy=\"strict-origin-when-cross-origin\" allowfullscreen><\/iframe>\n<\/div><\/figure>\n\n\n\n<h2 class=\"wp-block-heading\"><strong>O maior inimigo da mem\u00f3ria: o sedentarismo mental<\/strong><\/h2>\n\n\n\n<p>Um dos fatores que mais contribuem para a perda de mem\u00f3ria \u00e9 o <strong>desuso<\/strong>. O c\u00e9rebro, como qualquer outro \u00f3rg\u00e3o, precisa de est\u00edmulos para manter-se ativo. Quando deixamos de aprender coisas novas, resolver problemas ou exercitar o racioc\u00ednio, favorecemos o decl\u00ednio cognitivo.<\/p>\n\n\n\n<h2 class=\"wp-block-heading\"><strong>Como manter a mem\u00f3ria ativa com o passar dos anos<\/strong><\/h2>\n\n\n\n<p>Aqui est\u00e3o algumas estrat\u00e9gias que compartilho com meus alunos e pratico pessoalmente:<\/p>\n\n\n\n<ul class=\"wp-block-list\">\n<li><strong>Aprenda algo novo todos os dias.<\/strong> Pode ser uma palavra, uma receita ou uma habilidade.<\/li>\n\n\n\n<li><strong>Pratique leitura com aten\u00e7\u00e3o plena.<\/strong> Evite leituras autom\u00e1ticas e superficiais.<\/li>\n\n\n\n<li><strong>Fa\u00e7a associa\u00e7\u00f5es criativas.<\/strong> Elas facilitam a fixa\u00e7\u00e3o e o resgate das informa\u00e7\u00f5es.<\/li>\n\n\n\n<li><strong>Evite a rotina excessiva.<\/strong> A novidade estimula o c\u00e9rebro.<\/li>\n\n\n\n<li><strong>Movimente o corpo.<\/strong> Atividades f\u00edsicas t\u00eam impacto direto na fun\u00e7\u00e3o cognitiva.<\/li>\n<\/ul>\n\n\n\n<h2 class=\"wp-block-heading\"><strong>Mem\u00f3ria envelhecida n\u00e3o \u00e9 destino, \u00e9 escolha<\/strong><\/h2>\n\n\n\n<p>A boa not\u00edcia \u00e9 que <strong>a <a href=\"https:\/\/www.youtube.com\/watch?v=U86ZPgjVk3U&amp;t=11s\" target=\"_blank\" rel=\"noreferrer noopener\">mem\u00f3ria pode ser rejuvenescida<\/a><\/strong>, mesmo ap\u00f3s os 60, 70 ou 80 anos. O c\u00e9rebro \u00e9 pl\u00e1stico. Ele responde ao est\u00edmulo. Com as t\u00e9cnicas corretas e pr\u00e1tica constante, \u00e9 poss\u00edvel <strong>recuperar a clareza mental e a agilidade do pensamento<\/strong>.<\/p>\n\n\n\n<p>Lembro-me da Dona L\u00facia, de 72 anos, que chegou a mim desanimada, achando que era tarde demais. Ap\u00f3s aplicar exerc\u00edcios simples de visualiza\u00e7\u00e3o e associa\u00e7\u00e3o, ela voltou a lembrar nomes de familiares, compromissos e at\u00e9 poesias antigas. Seu relato emocionado foi um dos mais belos que recebi.<\/p>\n\n\n\n<h2 class=\"wp-block-heading\"><strong>Nunca \u00e9 tarde para treinar a mente<\/strong><\/h2>\n\n\n\n<p>Se voc\u00ea sente que sua mem\u00f3ria j\u00e1 n\u00e3o \u00e9 como antes, <strong>n\u00e3o se conforme<\/strong>. Adote uma nova postura mental: de curiosidade, desafio e pr\u00e1tica.<\/p>\n\n\n\n<p>O c\u00e9rebro responde \u00e0 aten\u00e7\u00e3o, \u00e0 inten\u00e7\u00e3o e \u00e0 repeti\u00e7\u00e3o. N\u00e3o espere por um diagn\u00f3stico para come\u00e7ar a cuidar da sua mente.<\/p>\n\n\n\n<p>E se voc\u00ea deseja ativar ainda mais sua mem\u00f3ria, te convido a conhecer o meu <a href=\"https:\/\/memoriablindada.com.br\/?utm_source=Blog&amp;utm_medium=pv-cmb&amp;utm_campaign=CMB&amp;utm_content=quando-a-memoria-envelhece\" target=\"_blank\" rel=\"noreferrer noopener\">curso Mem\u00f3ria Blindada<\/a>. No treinamento eu ensino a aplica\u00e7\u00e3o pr\u00e1tica da memoriza\u00e7\u00e3o para o dia a dia.<\/p>\n\n\n\n<p>Nas videoaulas on-line eu explico de maneira simples e objetiva, todas as estrat\u00e9gias que utilizo para n\u00e3o esquecer de nada. Chega de esquecer de rostos, nomes, datas de anivers\u00e1rio, celular, chaves etc.:<\/p>\n\n\n\n<p class=\"has-text-align-center\"><a href=\"https:\/\/renatoalves.com.br\/acrobatas-da-memoria\/\"><strong>\u00bb Clique Aqui e assista alguns depoimentos de alunos do curso \u00ab<\/strong><\/a><\/p>\n\n\n\n<p>Para que voc\u00ea adquira ainda hoje o curso <a href=\"https:\/\/memoriablindada.com.br\/\">Mem\u00f3ria Blindada<\/a>, e por acreditar tanto na efici\u00eancia do meu m\u00e9todo, al\u00e9m dos b\u00f4nus eu ainda lhe ofere\u00e7o uma garantia especial.<\/p>\n\n\n\n<p>Se em 7 dias, depois de aplicar o m\u00e9todo, voc\u00ea\u00a0 n\u00e3o notar melhoras, eu assumo total responsabilidade e devolverei 100% do seu investimento. O que voc\u00ea acha? <a href=\"https:\/\/memoriablindada.com.br\/?utm_source=Blog&amp;utm_medium=pv-cmb&amp;utm_campaign=CMB&amp;utm_content=quando-a-memoria-envelhece\" target=\"_blank\" rel=\"noreferrer noopener\">Clique aqui e saiba mais sobre o treinamento!<\/a><\/p>\n\n\n\n<p><strong>Para aprofundar nesse tema, recomendo a leitura de:<\/strong><\/p>\n\n\n\n<ul class=\"wp-block-list\">\n<li><a href=\"https:\/\/renatoalves.com.br\/blog\/5-dicas-para-melhorar-a-memoria\/\" target=\"_blank\" rel=\"noreferrer noopener\">5 dicas para melhorar a mem\u00f3ria \u2013 Como ter um c\u00e9rebro jovem \u2013 Confira<\/a><\/li>\n\n\n\n<li><a href=\"https:\/\/renatoalves.com.br\/blog\/entenda-como-rejuvenescer-seu-cerebro-em-4-anos\/\" target=\"_blank\" rel=\"noreferrer noopener\">Entenda como REJUVENESCER Seu C\u00e9rebro em 4 Anos<\/a><\/li>\n<\/ul>\n\n\n\n<h2 class=\"wp-block-heading\"><strong>Perguntas frequentes (FAQ)<\/strong><\/h2>\n\n\n\n<h3 class=\"wp-block-heading\">Toda pessoa idosa perde a mem\u00f3ria?<\/h3>\n\n\n\n<p>N\u00e3o. O esquecimento pode aumentar com a idade, mas n\u00e3o \u00e9 inevit\u00e1vel. Est\u00edmulo mental e h\u00e1bitos saud\u00e1veis fazem toda a diferen\u00e7a.<\/p>\n\n\n\n<h3 class=\"wp-block-heading\">Como saber se estou com perda de mem\u00f3ria normal ou patol\u00f3gica?<\/h3>\n\n\n\n<p>A mem\u00f3ria normal esquece detalhes e recupera com pistas. J\u00e1 a patol\u00f3gica afeta o dia a dia e n\u00e3o melhora com esfor\u00e7o. Procure avalia\u00e7\u00e3o especializada.<\/p>\n\n\n\n<h3 class=\"wp-block-heading\">O que posso fazer para manter minha mem\u00f3ria forte na terceira idade?<\/h3>\n\n\n\n<p>Pratique exerc\u00edcios mentais, mantenha uma vida social ativa, alimente-se bem e mantenha-se fisicamente ativo.<\/p>\n\n\n\n<h3 class=\"wp-block-heading\">Existe idade limite para melhorar a mem\u00f3ria?<\/h3>\n\n\n\n<p>N\u00e3o. A neuroplasticidade permite ganhos em qualquer fase da vida, desde que haja est\u00edmulo.<\/p>\n\n\n\n<h3 class=\"wp-block-heading\">T\u00e9cnicas de memoriza\u00e7\u00e3o funcionam para idosos?<\/h3>\n\n\n\n<p>Sim. T\u00e9cnicas como visualiza\u00e7\u00e3o, associa\u00e7\u00e3o e repeti\u00e7\u00e3o espa\u00e7ada s\u00e3o eficazes em todas as idades.<\/p>\n\n\n\n<h2 class=\"wp-block-heading\"><strong>DICA B\u00d4NUS:&nbsp;<\/strong><\/h2>\n\n\n\n<p>Quer ter acesso a outras informa\u00e7\u00f5es? <a href=\"https:\/\/www.facebook.com\/RenatoAlvesOficial\" target=\"_blank\" rel=\"noreferrer noopener\">Curta e siga a minha fanpage no Facebook<\/a> e tamb\u00e9m <a href=\"http:\/\/www.youtube.com\/videosmemoria\/videos?sub_confirmation=1\" target=\"_blank\" rel=\"noreferrer noopener\">inscreva-se no meu canal no Youtube.<\/a><\/p>\n\n\n\n<figure class=\"wp-block-image aligncenter\"><a href=\"https:\/\/memoriablindada.com.br\/?utm_source=Blog&amp;utm_medium=pv-cmb&amp;utm_campaign=CMB&amp;utm_content=quando-a-memoria-envelhece\" target=\"_blank\" rel=\"noopener noreferrer\"><img fetchpriority=\"high\" decoding=\"async\" width=\"2560\" height=\"301\" src=\"\/\/renatoalves.com.br\/blog\/wp-content\/uploads\/2015\/02\/banner_MB.jpg\" alt=\"Curso Mem\u00f3ria Blindada\" class=\"wp-image-2519\" srcset=\"https:\/\/renatoalves.com.br\/blog\/wp-content\/uploads\/2015\/02\/banner_MB.jpg 2560w, https:\/\/renatoalves.com.br\/blog\/wp-content\/uploads\/2015\/02\/banner_MB-300x35.jpg 300w, https:\/\/renatoalves.com.br\/blog\/wp-content\/uploads\/2015\/02\/banner_MB-768x90.jpg 768w, https:\/\/renatoalves.com.br\/blog\/wp-content\/uploads\/2015\/02\/banner_MB-1024x120.jpg 1024w\" sizes=\"(max-width: 2560px) 100vw, 2560px\" \/><\/a><\/figure>\n\n\n\n<p><\/p>\n","protected":false},"excerpt":{"rendered":"<p>Com o passar dos anos, \u00e9 natural que a mem\u00f3ria passe por algumas altera\u00e7\u00f5es. Mas ser\u00e1 que todo esquecimento \u00e9 sinal de envelhecimento cognitivo? Em mais de duas d\u00e9cadas dedicadas \u00e0 pesquisa sobre mem\u00f3ria, posso afirmar: h\u00e1 uma grande diferen\u00e7a entre o envelhecimento natural do c\u00e9rebro e a perda de mem\u00f3ria patol\u00f3gica. O que acontece [&hellip;]<\/p>\n","protected":false},"author":24,"featured_media":2619,"comment_status":"open","ping_status":"open","sticky":false,"template":"","format":"standard","meta":{"footnotes":""},"categories":[264],"tags":[41,145,56,44,46,212,98,97,67,29,25,24,42,74,26,95],"class_list":["post-40","post","type-post","status-publish","format-standard","has-post-thumbnail","hentry","category-saude-e-qualidade-de-vida","tag-alzheimer","tag-boa-memoria","tag-branco-na-memoria","tag-concentracao","tag-curso-de-memorizacao-online","tag-curso-memoria-blindada","tag-curso-online-renato-alves","tag-cursos-para-a-memoria","tag-dicas-de-memorizacao","tag-memoria","tag-memoria-comeca-a-falhar","tag-memoria-envelhece","tag-memorizacao","tag-metodo-renato-alves","tag-quando-a-memoria-envelhece","tag-renato-alves-memorizacao"],"_links":{"self":[{"href":"https:\/\/renatoalves.com.br\/blog\/wp-json\/wp\/v2\/posts\/40","targetHints":{"allow":["GET"]}}],"collection":[{"href":"https:\/\/renatoalves.com.br\/blog\/wp-json\/wp\/v2\/posts"}],"about":[{"href":"https:\/\/renatoalves.com.br\/blog\/wp-json\/wp\/v2\/types\/post"}],"author":[{"embeddable":true,"href":"https:\/\/renatoalves.com.br\/blog\/wp-json\/wp\/v2\/users\/24"}],"replies":[{"embeddable":true,"href":"https:\/\/renatoalves.com.br\/blog\/wp-json\/wp\/v2\/comments?post=40"}],"version-history":[{"count":9,"href":"https:\/\/renatoalves.com.br\/blog\/wp-json\/wp\/v2\/posts\/40\/revisions"}],"predecessor-version":[{"id":10028,"href":"https:\/\/renatoalves.com.br\/blog\/wp-json\/wp\/v2\/posts\/40\/revisions\/10028"}],"wp:featuredmedia":[{"embeddable":true,"href":"https:\/\/renatoalves.com.br\/blog\/wp-json\/wp\/v2\/media\/2619"}],"wp:attachment":[{"href":"https:\/\/renatoalves.com.br\/blog\/wp-json\/wp\/v2\/media?parent=40"}],"wp:term":[{"taxonomy":"category","embeddable":true,"href":"https:\/\/renatoalves.com.br\/blog\/wp-json\/wp\/v2\/categories?post=40"},{"taxonomy":"post_tag","embeddable":true,"href":"https:\/\/renatoalves.com.br\/blog\/wp-json\/wp\/v2\/tags?post=40"}],"curies":[{"name":"wp","href":"https:\/\/api.w.org\/{rel}","templated":true}]}}