{"id":4023,"date":"2025-08-18T10:20:00","date_gmt":"2025-08-18T13:20:00","guid":{"rendered":"https:\/\/renatoalves.com.br\/blog\/?p=4023"},"modified":"2025-08-18T08:29:14","modified_gmt":"2025-08-18T11:29:14","slug":"fazer-a-diferenca-na-sua-vida","status":"publish","type":"post","link":"https:\/\/renatoalves.com.br\/blog\/fazer-a-diferenca-na-sua-vida\/","title":{"rendered":"7 passos que voc\u00ea precisa dar para fazer a diferen\u00e7a na sua vida"},"content":{"rendered":"\n<p>Voc\u00ea sente que est\u00e1 sempre adiando aquela mudan\u00e7a que tanto deseja? Seja conquistar um novo emprego, mudar de \u00e1rea, passar em um concurso ou simplesmente<a href=\"https:\/\/estudomemorizacao.com.br\/\" target=\"_blank\" rel=\"noreferrer noopener\"> melhorar seus h\u00e1bitos,<\/a> a verdade \u00e9 uma s\u00f3: <strong>transforma\u00e7\u00f5es exigem atitudes reais<\/strong>. E se voc\u00ea quer mesmo virar a chave, este guia vai te mostrar um caminho pr\u00e1tico, direto e que pode fazer toda a diferen\u00e7a.<\/p>\n\n\n\n<p>Vamos juntos nessa?<\/p>\n\n\n\n<figure class=\"wp-block-image size-large\"><a href=\"https:\/\/estudomemorizacao.com.br\/\"><img fetchpriority=\"high\" decoding=\"async\" width=\"1024\" height=\"182\" src=\"https:\/\/renatoalves.com.br\/blog\/wp-content\/uploads\/2018\/11\/capa_banner-1024x182.jpg\" alt=\"estudo e memoriza\u00e7\u00e3o para concurso p\u00fablico\" class=\"wp-image-6047\" srcset=\"https:\/\/renatoalves.com.br\/blog\/wp-content\/uploads\/2018\/11\/capa_banner-1024x182.jpg 1024w, https:\/\/renatoalves.com.br\/blog\/wp-content\/uploads\/2018\/11\/capa_banner-300x53.jpg 300w, https:\/\/renatoalves.com.br\/blog\/wp-content\/uploads\/2018\/11\/capa_banner-768x137.jpg 768w, https:\/\/renatoalves.com.br\/blog\/wp-content\/uploads\/2018\/11\/capa_banner-610x109.jpg 610w\" sizes=\"(max-width: 1024px) 100vw, 1024px\" \/><\/a><\/figure>\n\n\n\n<h2 class=\"wp-block-heading\">Por onde come\u00e7ar quando a vontade de mudar \u00e9 grande, mas o tempo \u00e9 curto?<\/h2>\n\n\n\n<p>Antes de tudo, respira. O primeiro passo para qualquer mudan\u00e7a \u00e9 entender <strong>onde voc\u00ea est\u00e1 agora<\/strong>. Sua rotina te aproxima ou te afasta do que deseja? Quais h\u00e1bitos ocupam mais tempo do que deveriam? Felicidade e realiza\u00e7\u00e3o come\u00e7am com autoconhecimento.<\/p>\n\n\n\n<p>Pergunte-se:<\/p>\n\n\n\n<ul class=\"wp-block-list\">\n<li>O que estou fazendo hoje que me impede de avan\u00e7ar?<\/li>\n\n\n\n<li>Quais s\u00e3o minhas maiores distra\u00e7\u00f5es?<\/li>\n\n\n\n<li>O que preciso deixar de lado para crescer?<\/li>\n<\/ul>\n\n\n\n<h2 class=\"wp-block-heading\">Como montar um plano mental que realmente funcione?<\/h2>\n\n\n\n<p>Sim, \u00e9 hora de tra\u00e7ar uma estrat\u00e9gia. Mas n\u00e3o precisa ser nada complexo. Comece com <strong>um papel, uma caneta e uma meta clara<\/strong>. Quer passar num concurso? Aprender ingl\u00eas? Trocar de carreira? Escreva isso.<\/p>\n\n\n\n<p>Depois, pense: o que preciso fazer todos os dias para chegar l\u00e1? Separe os passos em pequenos blocos e comece hoje mesmo. <strong>Seu c\u00e9rebro precisa visualizar esse caminho para te ajudar a seguir firme.<\/strong><\/p>\n\n\n\n<h2 class=\"wp-block-heading\">Por que disciplina \u00e9 mais importante que motiva\u00e7\u00e3o?<\/h2>\n\n\n\n<p>Sabe aquela vontade de largar tudo e assistir uma s\u00e9rie? Vai acontecer. Mas quem alcan\u00e7a objetivos aprende a <strong>agir mesmo sem vontade<\/strong>. Disciplina \u00e9 criar um compromisso com voc\u00ea mesmo.<\/p>\n\n\n\n<p>Troque pequenas distra\u00e7\u00f5es por micro-a\u00e7\u00f5es que te aproximam da sua meta. Cada decis\u00e3o importa.<\/p>\n\n\n\n<h2 class=\"wp-block-heading\">Como saber se estou no caminho certo?<\/h2>\n\n\n\n<p>Quando voc\u00ea come\u00e7a a se organizar e ver progresso, algo muda: <strong>sua autoestima melhora<\/strong>. Voc\u00ea se sente mais focado, produtivo, com mais clareza. E isso \u00e9 sinal de que est\u00e1 funcionando.<\/p>\n\n\n\n<p>N\u00e3o espere resultados r\u00e1pidos. Celebre pequenos avan\u00e7os. Eles s\u00e3o o que constroem a virada.<\/p>\n\n\n\n<h2 class=\"wp-block-heading\">Preciso abrir m\u00e3o de tudo para conquistar meus objetivos?<\/h2>\n\n\n\n<p>De forma alguma! A vida precisa ter equil\u00edbrio. O segredo est\u00e1 em <strong>ajustar prioridades<\/strong>. D\u00ea espa\u00e7o ao que importa primeiro, e depois aproveite os momentos de lazer como recompensa.<\/p>\n\n\n\n<p>Durma bem, se alimente com qualidade, movimente o corpo. Tudo isso \u00e9 parte do processo.<\/p>\n\n\n\n<h2 class=\"wp-block-heading\">Qual \u00e9 o real desafio de sair da zona de conforto?<\/h2>\n\n\n\n<p>O grande obst\u00e1culo n\u00e3o \u00e9 o mundo l\u00e1 fora, \u00e9 <strong>a resist\u00eancia interna que temos a mudar<\/strong>. Aquele pensamento &#8220;depois eu fa\u00e7o&#8221; \u00e9 trai\u00e7oeiro. Comece pequeno, mas comece.<\/p>\n\n\n\n<p>A zona de conforto n\u00e3o te leva a novos lugares. O que leva s\u00e3o atitudes diferentes.<\/p>\n\n\n\n<h2 class=\"wp-block-heading\">Como manter a mente ativa e motivada a longo prazo?<\/h2>\n\n\n\n<p>Continue aprendendo, lendo, ouvindo hist\u00f3rias que te inspirem.<a href=\"https:\/\/renatoalves.com.br\/blog\/lapsos-de-memoria-pau-na-minha-mente\/\" target=\"_blank\" rel=\"noreferrer noopener\"> Treine sua mem\u00f3ria<\/a>, teste novas formas de aprender. Uma mente ativa \u00e9 o seu <strong>maior ativo para vencer<\/strong>.<\/p>\n\n\n\n<p>E o mais importante: <strong>comemore cada conquista<\/strong>.<a href=\"https:\/\/renatoalves.com.br\/blog\/dificuldade-de-aprendizagem-e-tdah\/\" target=\"_blank\" rel=\"noreferrer noopener\"> Valorize sua evolu\u00e7\u00e3o,<\/a> mesmo que ainda n\u00e3o tenha chegado onde deseja.<\/p>\n\n\n\n<p>A mudan\u00e7a que voc\u00ea tanto busca n\u00e3o vai acontecer de uma hora para outra, mas come\u00e7a com um passo. E esse passo pode ser dado hoje. Releia esse guia, coloque as ideias no papel e comece por algo simples.<\/p>\n\n\n\n<p>Gostou desse conte\u00fado? Ent\u00e3o continue navegando pelo blog e descubra outras formas de transformar sua vida.<\/p>\n\n\n\n<figure class=\"wp-block-image size-large\"><a href=\"https:\/\/estudomemorizacao.com.br\/\"><img fetchpriority=\"high\" decoding=\"async\" width=\"1024\" height=\"182\" src=\"https:\/\/renatoalves.com.br\/blog\/wp-content\/uploads\/2018\/11\/capa_banner-1024x182.jpg\" alt=\"estudo e memoriza\u00e7\u00e3o para concurso p\u00fablico\" class=\"wp-image-6047\" srcset=\"https:\/\/renatoalves.com.br\/blog\/wp-content\/uploads\/2018\/11\/capa_banner-1024x182.jpg 1024w, https:\/\/renatoalves.com.br\/blog\/wp-content\/uploads\/2018\/11\/capa_banner-300x53.jpg 300w, https:\/\/renatoalves.com.br\/blog\/wp-content\/uploads\/2018\/11\/capa_banner-768x137.jpg 768w, https:\/\/renatoalves.com.br\/blog\/wp-content\/uploads\/2018\/11\/capa_banner-610x109.jpg 610w\" sizes=\"(max-width: 1024px) 100vw, 1024px\" \/><\/a><\/figure>\n\n\n\n<h2 class=\"wp-block-heading\">Perguntas Frequentes (FAQ)<\/h2>\n\n\n\n<h3 class=\"wp-block-heading\">Como posso come\u00e7ar a mudar minha rotina sem me sentir sobrecarregado?<\/h3>\n\n\n\n<p>Comece por pequenas a\u00e7\u00f5es di\u00e1rias. N\u00e3o tente mudar tudo de uma vez. Pequenos h\u00e1bitos consistentes s\u00e3o mais eficazes.<\/p>\n\n\n\n<h3 class=\"wp-block-heading\">Qual a melhor forma de manter o foco mesmo com tantas distra\u00e7\u00f5es?<\/h3>\n\n\n\n<p>Tenha metas bem definidas e lembre-se diariamente do seu &#8220;porqu\u00ea&#8221;. Crie um ambiente favor\u00e1vel e bloqueie o que mais te tira do foco.<\/p>\n\n\n\n<h3 class=\"wp-block-heading\">Por que \u00e9 t\u00e3o dif\u00edcil manter a disciplina?<\/h3>\n\n\n\n<p>Porque ela exige abrir m\u00e3o de prazeres imediatos. Mas quanto mais voc\u00ea pratica, mais autom\u00e1tico se torna.<\/p>\n\n\n\n<h3 class=\"wp-block-heading\">Qual a diferen\u00e7a entre motiva\u00e7\u00e3o e disciplina?<\/h3>\n\n\n\n<p>Motiva\u00e7\u00e3o \u00e9 o est\u00edmulo emocional do momento. J\u00e1 a disciplina \u00e9 a a\u00e7\u00e3o constante, mesmo quando a motiva\u00e7\u00e3o falta.<\/p>\n\n\n\n<h3 class=\"wp-block-heading\">O que fazer quando bate o des\u00e2nimo no meio do processo?<\/h3>\n\n\n\n<p>Relembre seus objetivos, procure inspira\u00e7\u00e3o e permita-se descansar. Des\u00e2nimo \u00e9 normal, mas n\u00e3o pode te paralisar.<\/p>\n\n\n\n<h3 class=\"wp-block-heading\">Mudar minha vida significa abrir m\u00e3o de tudo?<\/h3>\n\n\n\n<p>N\u00e3o. Significa <strong>priorizar o que faz sentido<\/strong> e ajustar o que n\u00e3o contribui com seus objetivos.<\/p>\n\n\n\n<h2 class=\"wp-block-heading\">Veja tamb\u00e9m:<\/h2>\n\n\n\n<figure class=\"wp-block-embed is-type-rich is-provider-incorporar-manipulador wp-block-embed-incorporar-manipulador wp-embed-aspect-16-9 wp-has-aspect-ratio\"><div class=\"wp-block-embed__wrapper\">\n<iframe title=\"Como CONTROLAR A ANSIEDADE Antes Que Te Controle | Com Renato Alves e Patricia Stankowich\" width=\"800\" height=\"450\" src=\"https:\/\/www.youtube.com\/embed\/2J8tM7Gn7y8?feature=oembed\" frameborder=\"0\" allow=\"accelerometer; autoplay; clipboard-write; encrypted-media; gyroscope; picture-in-picture; web-share\" referrerpolicy=\"strict-origin-when-cross-origin\" allowfullscreen><\/iframe>\n<\/div><\/figure>\n\n\n\n<p><\/p>\n","protected":false},"excerpt":{"rendered":"<p>Voc\u00ea sente que est\u00e1 sempre adiando aquela mudan\u00e7a que tanto deseja? Seja conquistar um novo emprego, mudar de \u00e1rea, passar em um concurso ou simplesmente melhorar seus h\u00e1bitos, a verdade \u00e9 uma s\u00f3: transforma\u00e7\u00f5es exigem atitudes reais. E se voc\u00ea quer mesmo virar a chave, este guia vai te mostrar um caminho pr\u00e1tico, direto e [&hellip;]<\/p>\n","protected":false},"author":10,"featured_media":4025,"comment_status":"open","ping_status":"open","sticky":false,"template":"","format":"standard","meta":{"footnotes":""},"categories":[262],"tags":[58,60,65,66,84,75,112,45,46,86,98,67,74,99,81],"class_list":["post-4023","post","type-post","status-publish","format-standard","has-post-thumbnail","hentry","category-estudo-e-desenvolvimento","tag-anotacao","tag-como-estudar","tag-como-estudar-para-concurso","tag-como-estudar-para-o-enem","tag-como-fazer-um-plano-de-estudo","tag-como-passar-em-concurso","tag-concurso-publico","tag-curso-de-memorizacao","tag-curso-de-memorizacao-online","tag-curso-estudo-e-memorizacao","tag-curso-online-renato-alves","tag-dicas-de-memorizacao","tag-metodo-renato-alves","tag-qual-o-melhor-curso-de-memorizacao","tag-vestibular"],"_links":{"self":[{"href":"https:\/\/renatoalves.com.br\/blog\/wp-json\/wp\/v2\/posts\/4023","targetHints":{"allow":["GET"]}}],"collection":[{"href":"https:\/\/renatoalves.com.br\/blog\/wp-json\/wp\/v2\/posts"}],"about":[{"href":"https:\/\/renatoalves.com.br\/blog\/wp-json\/wp\/v2\/types\/post"}],"author":[{"embeddable":true,"href":"https:\/\/renatoalves.com.br\/blog\/wp-json\/wp\/v2\/users\/10"}],"replies":[{"embeddable":true,"href":"https:\/\/renatoalves.com.br\/blog\/wp-json\/wp\/v2\/comments?post=4023"}],"version-history":[{"count":5,"href":"https:\/\/renatoalves.com.br\/blog\/wp-json\/wp\/v2\/posts\/4023\/revisions"}],"predecessor-version":[{"id":10555,"href":"https:\/\/renatoalves.com.br\/blog\/wp-json\/wp\/v2\/posts\/4023\/revisions\/10555"}],"wp:featuredmedia":[{"embeddable":true,"href":"https:\/\/renatoalves.com.br\/blog\/wp-json\/wp\/v2\/media\/4025"}],"wp:attachment":[{"href":"https:\/\/renatoalves.com.br\/blog\/wp-json\/wp\/v2\/media?parent=4023"}],"wp:term":[{"taxonomy":"category","embeddable":true,"href":"https:\/\/renatoalves.com.br\/blog\/wp-json\/wp\/v2\/categories?post=4023"},{"taxonomy":"post_tag","embeddable":true,"href":"https:\/\/renatoalves.com.br\/blog\/wp-json\/wp\/v2\/tags?post=4023"}],"curies":[{"name":"wp","href":"https:\/\/api.w.org\/{rel}","templated":true}]}}