{"id":4071,"date":"2025-08-18T07:50:00","date_gmt":"2025-08-18T10:50:00","guid":{"rendered":"https:\/\/renatoalves.com.br\/blog\/?p=4071"},"modified":"2025-08-18T08:14:33","modified_gmt":"2025-08-18T11:14:33","slug":"lapsos-de-memoria-pau-na-minha-mente","status":"publish","type":"post","link":"https:\/\/renatoalves.com.br\/blog\/lapsos-de-memoria-pau-na-minha-mente\/","title":{"rendered":"Lapsos de mem\u00f3ria: Perdi tudo, deu pau na minha mente!"},"content":{"rendered":"\n<p>Algo que j\u00e1 aconteceu com todo mundo: aquele instante em que voc\u00ea busca algo com urg\u00eancia e\u2026 n\u00e3o lembra onde deixou. No corre-corre do dia a dia, parece at\u00e9 que nossa mente chega ao limite. <strong>Quantas vezes voc\u00ea se pegou esquecendo a chave, o celular ou um compromisso importante<\/strong>? Se isso soa familiar, continue lendo \u2014 aqui voc\u00ea vai descobrir como <a href=\"https:\/\/memoriablindada.com.br\/\" target=\"_blank\" rel=\"noreferrer noopener\">aliviar essa sobrecarga mental <\/a>e recuperar o controle da sua rotina.<\/p>\n\n\n\n<figure class=\"wp-block-image size-large\"><a href=\"https:\/\/memoriablindada.com.br\/\"><img fetchpriority=\"high\" decoding=\"async\" width=\"1024\" height=\"120\" src=\"https:\/\/renatoalves.com.br\/blog\/wp-content\/uploads\/2014\/09\/MEMORIA-BLINDADA-BANNER-BLOG-RENATO-ALVES-1024x120.png\" alt=\"banner mem\u00f3ria blindada\" class=\"wp-image-10107\" srcset=\"https:\/\/renatoalves.com.br\/blog\/wp-content\/uploads\/2014\/09\/MEMORIA-BLINDADA-BANNER-BLOG-RENATO-ALVES-1024x120.png 1024w, https:\/\/renatoalves.com.br\/blog\/wp-content\/uploads\/2014\/09\/MEMORIA-BLINDADA-BANNER-BLOG-RENATO-ALVES-300x35.png 300w, https:\/\/renatoalves.com.br\/blog\/wp-content\/uploads\/2014\/09\/MEMORIA-BLINDADA-BANNER-BLOG-RENATO-ALVES-768x90.png 768w, https:\/\/renatoalves.com.br\/blog\/wp-content\/uploads\/2014\/09\/MEMORIA-BLINDADA-BANNER-BLOG-RENATO-ALVES-1536x181.png 1536w, https:\/\/renatoalves.com.br\/blog\/wp-content\/uploads\/2014\/09\/MEMORIA-BLINDADA-BANNER-BLOG-RENATO-ALVES.png 1700w\" sizes=\"(max-width: 1024px) 100vw, 1024px\" \/><\/a><\/figure>\n\n\n\n<h2 class=\"wp-block-heading\"><strong>Voc\u00ea sente que sua mente vai explodir de tanto que tenta lembrar?<\/strong><\/h2>\n\n\n\n<p>O volume de informa\u00e7\u00e3o que consumimos diariamente \u00e9 recorde na hist\u00f3ria da humanidade. N\u00e3o \u00e9 de se estranhar que os <strong>lapsos de mem\u00f3ria<\/strong> estejam cada vez mais comuns. \u00c0s vezes, tentamos usar o c\u00e9rebro como um HD constantemente cheio, mas ao pedir acesso\u2026 cad\u00ea o dado? Parece ter sido deletado, n\u00e3o \u00e9?<\/p>\n\n\n\n<h2 class=\"wp-block-heading\"><strong>Estresse leva a falhas memor\u00e1veis \u2014 e perigosas<\/strong><\/h2>\n\n\n\n<p>Em estados extremos, o esquecimento pode gerar consequ\u00eancias graves \u2014 desde perder objetos at\u00e9 situa\u00e7\u00f5es com risco real, como uma pessoa esquecida dentro do carro. Al\u00e9m do fiscal, existe o emocional: ansiedade, frustra\u00e7\u00e3o, culpabilidade\u2026 tudo se intensifica. Ent\u00e3o, como aliviar o peso dessa carga mental?<\/p>\n\n\n\n<h2 class=\"wp-block-heading\"><strong>E se sua mente aprendesse a organizar informa\u00e7\u00f5es como pastas digitais?<\/strong><\/h2>\n\n\n\n<p>Imagine aprender a filtrar o que realmente importa, armazenar de forma eficiente e reduzir aqueles \u201cbrancos\u201d que atrapalham decis\u00f5es importantes na rotina. <strong>Desligue o \u201ccomputador\u201d (sua mente) por cinco minutos<\/strong>, respire, reconecte \u2014 e retome o texto com mais clareza.<\/p>\n\n\n\n<h2 class=\"wp-block-heading\"><strong>Preocupa\u00e7\u00f5es antecipadas: voc\u00ea \u00e9 v\u00edtima das suas pr\u00f3prias proje\u00e7\u00f5es?<\/strong><\/h2>\n\n\n\n<p>Quantas vezes voc\u00ea se pegou antecipando um problema que nunca se concretizou? Esse tipo de ansiedade gasta energia emocional sem motivo. Olhe para o passado: qual a real chance de algo t\u00e3o negativo acontecer? Muitas vezes, a resposta \u00e9: quase nenhuma. Ser realista ajuda voc\u00ea a agir com seguran\u00e7a, em vez de viver em estado de alerta.<\/p>\n\n\n\n<h2 class=\"wp-block-heading\"><strong>Sem\u00e1foro mental: pare, reflita e siga com mais consci\u00eancia<\/strong><\/h2>\n\n\n\n<p>Antes de agir, abaixe o ritmo. Mentalmente, pare no \u201csinal vermelho\u201d: observe o que est\u00e1 ocorrendo, avalie o que incomoda, identifique os riscos reais. Assim que estiver pronto \u2014 sinal verde \u2014, siga em frente com mais clareza. \u00c9 uma mec\u00e2nica simples, mas poderosa para diminuir lapsos e reagir com menos estresse.<\/p>\n\n\n\n<h2 class=\"wp-block-heading\"><strong>Corpo em movimento = mente em equil\u00edbrio<\/strong><\/h2>\n\n\n\n<p>O estresse n\u00e3o afeta s\u00f3 a cabe\u00e7a \u2014 o corpo sente. <strong>Exerc\u00edcios f\u00edsicos regulares s\u00e3o como uma recarga de bem-estar<\/strong>, liberando endorfina, reduzindo tens\u00e3o e elevando humor, energia e autoestima. Resultado: menos \u201cpane\u201d, mais vigor para o dia.<\/p>\n\n\n\n<h2 class=\"wp-block-heading\"><strong>Realismo n\u00e3o \u00e9 limita\u00e7\u00e3o \u2014 \u00e9 clareza para voar alto<\/strong><\/h2>\n\n\n\n<p>Sonhar \u00e9 vital \u2014 ningu\u00e9m quer prender voc\u00ea. Mas perder-se em proje\u00e7\u00f5es inalcan\u00e7\u00e1veis traz frustra\u00e7\u00e3o. <strong>Quer ser juiz da Suprema Corte daqui a 20 anos? \u00d3timo. Querer ir a Marte? Ainda distante pra maioria.<\/strong> Realismo ajuda voc\u00ea a agir com consist\u00eancia hoje, construir uma base s\u00f3lida, e crescer de forma sustent\u00e1vel.<\/p>\n\n\n\n<h2 class=\"wp-block-heading\"><strong>Pare de agradar quem n\u00e3o conhece sua capacidade<\/strong><\/h2>\n\n\n\n<p>Preocupar-se demais com o que os outros pensam desvia sua aten\u00e7\u00e3o de quem realmente importa: voc\u00ea. Cada pessoa tem habilidades \u00fanicas e merece trilhar seu pr\u00f3prio caminho. Ignore o barulho externo; invista na sua autenticidade e no seu potencial.<\/p>\n\n\n\n<p><a href=\"https:\/\/renatoalves.com.br\/blog\/ajude-seu-filho-ser-campeao-de-memorizacao-brincando\/\" target=\"_blank\" rel=\"noreferrer noopener\">Lapsos de mem\u00f3ria<\/a> e estresse n\u00e3o s\u00e3o sinais de falha \u2014 s\u00e3o alertas para desacelerar. Com<a href=\"https:\/\/renatoalves.com.br\/blog\/dificuldade-de-aprendizagem-e-tdah\/\" target=\"_blank\" rel=\"noreferrer noopener\"> organiza\u00e7\u00e3o mental,<\/a> reflex\u00e3o consciente, realismo estrat\u00e9gico e autocuidado f\u00edsico, voc\u00ea recupera foco, decis\u00f5es mais claras e uma mente mais leve. <strong>Comece hoje: respire, seja mais gentil consigo e tome o controle da sua rotina.<\/strong><\/p>\n\n\n\n<p><strong>Gostou dessas dicas? Voc\u00ea lida com lapsos de mem\u00f3ria? Que tal coloc\u00e1-las em pr\u00e1tica agora mesmo? Deixe seu coment\u00e1rio e continue navegando por aqui \u2014 sua mente agradece.<\/strong><\/p>\n\n\n\n<figure class=\"wp-block-image size-large\"><a href=\"https:\/\/memoriablindada.com.br\/\"><img fetchpriority=\"high\" decoding=\"async\" width=\"1024\" height=\"120\" src=\"https:\/\/renatoalves.com.br\/blog\/wp-content\/uploads\/2014\/09\/MEMORIA-BLINDADA-BANNER-BLOG-RENATO-ALVES-1024x120.png\" alt=\"banner mem\u00f3ria blindada\" class=\"wp-image-10107\" srcset=\"https:\/\/renatoalves.com.br\/blog\/wp-content\/uploads\/2014\/09\/MEMORIA-BLINDADA-BANNER-BLOG-RENATO-ALVES-1024x120.png 1024w, https:\/\/renatoalves.com.br\/blog\/wp-content\/uploads\/2014\/09\/MEMORIA-BLINDADA-BANNER-BLOG-RENATO-ALVES-300x35.png 300w, https:\/\/renatoalves.com.br\/blog\/wp-content\/uploads\/2014\/09\/MEMORIA-BLINDADA-BANNER-BLOG-RENATO-ALVES-768x90.png 768w, https:\/\/renatoalves.com.br\/blog\/wp-content\/uploads\/2014\/09\/MEMORIA-BLINDADA-BANNER-BLOG-RENATO-ALVES-1536x181.png 1536w, https:\/\/renatoalves.com.br\/blog\/wp-content\/uploads\/2014\/09\/MEMORIA-BLINDADA-BANNER-BLOG-RENATO-ALVES.png 1700w\" sizes=\"(max-width: 1024px) 100vw, 1024px\" \/><\/a><\/figure>\n\n\n\n<h2 class=\"wp-block-heading\">Perguntas Frequentes (FAQ)<\/h2>\n\n\n\n<h3 class=\"wp-block-heading\">O que causa os lapsos de mem\u00f3ria no dia a dia?<\/h3>\n\n\n\n<p>Eles costumam ser resultado de <strong>sobrecarga mental<\/strong>, excesso de informa\u00e7\u00f5es, estresse, cansa\u00e7o e falta de foco. Tudo isso afeta a capacidade do c\u00e9rebro de reter e recuperar dados com efici\u00eancia.<\/p>\n\n\n\n<h3 class=\"wp-block-heading\">Como saber se os esquecimentos s\u00e3o normais ou preocupantes?<\/h3>\n\n\n\n<p>Se os lapsos s\u00e3o <strong>eventuais<\/strong> e ocorrem em momentos de estresse ou cansa\u00e7o, s\u00e3o normais. Mas se forem <strong>frequentes<\/strong>, afetarem sua rotina ou vierem acompanhados de outros sintomas, vale procurar orienta\u00e7\u00e3o m\u00e9dica.<\/p>\n\n\n\n<h3 class=\"wp-block-heading\">T\u00e9cnicas simples ajudam mesmo a melhorar a mem\u00f3ria?<\/h3>\n\n\n\n<p>Sim! Estrat\u00e9gias como <strong>parar, respirar, organizar pensamentos<\/strong> e manter o foco no presente s\u00e3o altamente eficazes para melhorar a mem\u00f3ria e a produtividade no dia a dia.<\/p>\n\n\n\n<h3 class=\"wp-block-heading\">O exerc\u00edcio f\u00edsico realmente ajuda a evitar esquecimentos?<\/h3>\n\n\n\n<p>Com certeza. <strong>Atividades f\u00edsicas<\/strong> liberam horm\u00f4nios que melhoram o humor, reduzem o estresse e fortalecem a sa\u00fade mental, o que impacta diretamente na <strong>qualidade da mem\u00f3ria<\/strong>.<\/p>\n\n\n\n<h3 class=\"wp-block-heading\">Como treinar o c\u00e9rebro para ter menos \u201cbrancos\u201d?<\/h3>\n\n\n\n<p>Use m\u00e9todos como <strong>revisar experi\u00eancias passadas<\/strong>, <strong>filtrar informa\u00e7\u00f5es \u00fateis<\/strong>, <strong>adotar rotinas realistas<\/strong> e aplicar a t\u00e9cnica do \u201csem\u00e1foro mental\u201d: <strong>pare, reflita e siga<\/strong> com consci\u00eancia.<\/p>\n\n\n\n<h3 class=\"wp-block-heading\">A ansiedade pode afetar a mem\u00f3ria?<\/h3>\n\n\n\n<p>Sim, e muito. A <strong>ansiedade tira o foco, gera pensamentos acelerados e causa bloqueios mentais<\/strong>, dificultando o armazenamento e a recupera\u00e7\u00e3o de informa\u00e7\u00f5es importantes.<\/p>\n\n\n\n<h2 class=\"wp-block-heading\">Veja tamb\u00e9m:<\/h2>\n\n\n\n<figure class=\"wp-block-embed is-type-rich is-provider-incorporar-manipulador wp-block-embed-incorporar-manipulador wp-embed-aspect-16-9 wp-has-aspect-ratio\"><div class=\"wp-block-embed__wrapper\">\n<iframe title=\"Como CONTROLAR A ANSIEDADE Antes Que Te Controle | Com Renato Alves e Patricia Stankowich\" width=\"800\" height=\"450\" src=\"https:\/\/www.youtube.com\/embed\/2J8tM7Gn7y8?feature=oembed\" frameborder=\"0\" allow=\"accelerometer; autoplay; clipboard-write; encrypted-media; gyroscope; picture-in-picture; web-share\" referrerpolicy=\"strict-origin-when-cross-origin\" allowfullscreen><\/iframe>\n<\/div><\/figure>\n\n\n\n<p><\/p>\n","protected":false},"excerpt":{"rendered":"<p>Algo que j\u00e1 aconteceu com todo mundo: aquele instante em que voc\u00ea busca algo com urg\u00eancia e\u2026 n\u00e3o lembra onde deixou. No corre-corre do dia a dia, parece at\u00e9 que nossa mente chega ao limite. Quantas vezes voc\u00ea se pegou esquecendo a chave, o celular ou um compromisso importante? Se isso soa familiar, continue lendo [&hellip;]<\/p>\n","protected":false},"author":10,"featured_media":4072,"comment_status":"open","ping_status":"open","sticky":false,"template":"","format":"standard","meta":{"footnotes":""},"categories":[264],"tags":[41,105,145,56,62,44,46,98,68,99,47],"class_list":["post-4071","post","type-post","status-publish","format-standard","has-post-thumbnail","hentry","category-saude-e-qualidade-de-vida","tag-alzheimer","tag-ansiedade","tag-boa-memoria","tag-branco-na-memoria","tag-campeonato-mundial-de-memoria-rio","tag-concentracao","tag-curso-de-memorizacao-online","tag-curso-online-renato-alves","tag-curso-renato-alves","tag-qual-o-melhor-curso-de-memorizacao","tag-remedio-para-memoria"],"_links":{"self":[{"href":"https:\/\/renatoalves.com.br\/blog\/wp-json\/wp\/v2\/posts\/4071","targetHints":{"allow":["GET"]}}],"collection":[{"href":"https:\/\/renatoalves.com.br\/blog\/wp-json\/wp\/v2\/posts"}],"about":[{"href":"https:\/\/renatoalves.com.br\/blog\/wp-json\/wp\/v2\/types\/post"}],"author":[{"embeddable":true,"href":"https:\/\/renatoalves.com.br\/blog\/wp-json\/wp\/v2\/users\/10"}],"replies":[{"embeddable":true,"href":"https:\/\/renatoalves.com.br\/blog\/wp-json\/wp\/v2\/comments?post=4071"}],"version-history":[{"count":5,"href":"https:\/\/renatoalves.com.br\/blog\/wp-json\/wp\/v2\/posts\/4071\/revisions"}],"predecessor-version":[{"id":10553,"href":"https:\/\/renatoalves.com.br\/blog\/wp-json\/wp\/v2\/posts\/4071\/revisions\/10553"}],"wp:featuredmedia":[{"embeddable":true,"href":"https:\/\/renatoalves.com.br\/blog\/wp-json\/wp\/v2\/media\/4072"}],"wp:attachment":[{"href":"https:\/\/renatoalves.com.br\/blog\/wp-json\/wp\/v2\/media?parent=4071"}],"wp:term":[{"taxonomy":"category","embeddable":true,"href":"https:\/\/renatoalves.com.br\/blog\/wp-json\/wp\/v2\/categories?post=4071"},{"taxonomy":"post_tag","embeddable":true,"href":"https:\/\/renatoalves.com.br\/blog\/wp-json\/wp\/v2\/tags?post=4071"}],"curies":[{"name":"wp","href":"https:\/\/api.w.org\/{rel}","templated":true}]}}