{"id":4143,"date":"2025-08-18T09:30:00","date_gmt":"2025-08-18T12:30:00","guid":{"rendered":"https:\/\/renatoalves.com.br\/blog\/?p=4143"},"modified":"2025-08-17T18:04:02","modified_gmt":"2025-08-17T21:04:02","slug":"dia-da-mulher-nossa-primeira-professora","status":"publish","type":"post","link":"https:\/\/renatoalves.com.br\/blog\/dia-da-mulher-nossa-primeira-professora\/","title":{"rendered":"Dia da mulher, nossa primeira professora"},"content":{"rendered":"\n<p>O dia <strong>8 de mar\u00e7o<\/strong> sempre chama minha aten\u00e7\u00e3o por dois motivos profundos e pessoais:<\/p>\n\n\n\n<ol class=\"wp-block-list\">\n<li>Foi em <strong>8 de mar\u00e7o de 1997<\/strong>, na cidade de Tup\u00e3, que ministrei o meu primeiro<a href=\"https:\/\/estudomemorizacao.com.br\/\" target=\"_blank\" rel=\"noreferrer noopener\"> curso de memoriza\u00e7\u00e3o<\/a>. Seis alunos em uma sala de apenas 9\u202fm\u00b2 \u2014 parecia pouco, mas era o come\u00e7o de uma jornada. Hoje, 21 anos depois, s\u00e3o mais de 3 milh\u00f5es de pessoas impactadas em mais de 100 pa\u00edses.<\/li>\n\n\n\n<li>\u00c9 o <strong>Dia Internacional da Mulher<\/strong>, s\u00edmbolo das nossas lutas, conquistas e inspira\u00e7\u00e3o di\u00e1ria. Quero aproveitar para homenagear a todas as mulheres da minha vida \u2014 minha m\u00e3e, av\u00f3, esposa, sogra, irm\u00e3, professoras e voc\u00ea, querida leitora, que me inspira.<\/li>\n<\/ol>\n\n\n\n<figure class=\"wp-block-image size-large\"><a href=\"https:\/\/estudomemorizacao.com.br\/\"><img fetchpriority=\"high\" decoding=\"async\" width=\"1024\" height=\"182\" src=\"https:\/\/renatoalves.com.br\/blog\/wp-content\/uploads\/2018\/11\/capa_banner-1024x182.jpg\" alt=\"estudo e memoriza\u00e7\u00e3o para concurso p\u00fablico\" class=\"wp-image-6047\" srcset=\"https:\/\/renatoalves.com.br\/blog\/wp-content\/uploads\/2018\/11\/capa_banner-1024x182.jpg 1024w, https:\/\/renatoalves.com.br\/blog\/wp-content\/uploads\/2018\/11\/capa_banner-300x53.jpg 300w, https:\/\/renatoalves.com.br\/blog\/wp-content\/uploads\/2018\/11\/capa_banner-768x137.jpg 768w, https:\/\/renatoalves.com.br\/blog\/wp-content\/uploads\/2018\/11\/capa_banner-610x109.jpg 610w\" sizes=\"(max-width: 1024px) 100vw, 1024px\" \/><\/a><\/figure>\n\n\n\n<h2 class=\"wp-block-heading\">O poder da voz feminina: um exemplo que marcou<\/h2>\n\n\n\n<p>Certa vez, li um texto sobre direitos das minorias. Uma fala simples, mas t\u00e3o intensa, me tocou profundamente. Ela mostrava que, simplesmente por nascer mulher em determinados contextos, muitas enfrentam <strong>preconceito, viol\u00eancia e rejei\u00e7\u00e3o<\/strong>, antes mesmo de viver. Foi nesse momento que percebi: o que eu j\u00e1 admirava nas mulheres, tornou-se quase venera\u00e7\u00e3o. Como florescem diante da adversidade \u2014 amo essa express\u00e3o: <strong>resili\u00eancia com amor<\/strong>.<\/p>\n\n\n\n<h2 class=\"wp-block-heading\">M\u00e3es e professoras: verdadeiros pilares da humanidade<\/h2>\n\n\n\n<p>Voc\u00ea j\u00e1 parou pra pensar que deve tanto \u00e0 sua <strong>m\u00e3e-professora<\/strong>? As mulheres ensinam por amor, equil\u00edbrio, cuidado \u2014 s\u00e3o o suporte silencioso que faz este mundo prosperar. E no <strong>8 de mar\u00e7o<\/strong>, mais que celebrar, relembramos esse legado.<\/p>\n\n\n\n<h2 class=\"wp-block-heading\">O que marca a hist\u00f3ria desse dia?<\/h2>\n\n\n\n<ul class=\"wp-block-list\">\n<li>Em <strong>1917<\/strong>, trabalhadoras russas marcharam por \u201cp\u00e3o e paz\u201d, desencadeando a Revolu\u00e7\u00e3o Russa \u2014 um marco fundamental que transformou a data em s\u00edmbolo global da luta das mulheres.<\/li>\n\n\n\n<li>Em <strong>1975<\/strong>, a <strong>ONU oficializou o 8 de mar\u00e7o como Dia Internacional da Mulher<\/strong>, impulsionando sua celebra\u00e7\u00e3o em mais de 100 pa\u00edses.<\/li>\n<\/ul>\n\n\n\n<p>Hoje, a data \u00e9 tanto celebra\u00e7\u00e3o quanto chamado \u00e0 a\u00e7\u00e3o por igualdade, empoderamento e direitos.<\/p>\n\n\n\n<h2 class=\"wp-block-heading\">Homenagem \u00e0s mulheres que transformaram a cultura e a educa\u00e7\u00e3o<\/h2>\n\n\n\n<p>Como amante da literatura, quero destacar algumas <strong>hero\u00ednas brasileiras<\/strong> que eternizaram em palavras a for\u00e7a e a sensibilidade femininas:<\/p>\n\n\n\n<ul class=\"wp-block-list\">\n<li><strong>Rachel de Queiroz<\/strong> \u2014 primeira mulher na Academia Brasileira de Letras e autora de <em>O Quinze<\/em> e <em>Memorial de Maria Moura<\/em>.<\/li>\n\n\n\n<li><strong>Cec\u00edlia Meireles<\/strong> \u2014 poetisa, educadora e fundadora da primeira Biblioteca Infantil do Brasil.<\/li>\n\n\n\n<li><strong>Clarice Lispector<\/strong> \u2014 deixou um legado profundo com sua escrita introspectiva e intensa.<\/li>\n\n\n\n<li><strong>Em\u00edlia Ferreiro<\/strong> \u2014 estudiosa da aprendizagem infantil e refer\u00eancia no construtivismo.<\/li>\n\n\n\n<li><strong>Maria Montessori<\/strong> \u2014 pioneira da pedagogia moderna, encorajava a autonomia dos alunos.<\/li>\n\n\n\n<li><strong>\u00cada Luiz<\/strong> \u2014 disc\u00edpula de Paulo Freire, dedicou-se ao ensino democr\u00e1tico e comunit\u00e1rio.<\/li>\n<\/ul>\n\n\n\n<p>Essas mulheres elevaram a educa\u00e7\u00e3o, a cultura e abriram caminhos para tantas outras.<\/p>\n\n\n\n<h2 class=\"wp-block-heading\">Palavra final: que o 8 de mar\u00e7o aconte\u00e7a todos os dias<\/h2>\n\n\n\n<p><strong>Este dia \u00e9 hist\u00f3rico. Mas deveria se repetir diariamente.<\/strong> Ent\u00e3o aqui vai uma dica de<a href=\"https:\/\/renatoalves.com.br\/blog\/alzheimer-decadencia-da-memoria\/\" target=\"_blank\" rel=\"noreferrer noopener\"> memoriza\u00e7\u00e3o especial:<\/a> <em>n\u00e3o esque\u00e7a de dar uma rosa para cada mulher incr\u00edvel da sua vida hoje<\/em>. E lembre-se: a partir de agora, <em>MULHER<\/em> merece destaque \u2014 escreva com todas as letras mai\u00fasculas, para jamais esquecer sua grandeza.<\/p>\n\n\n\n<p><strong>Viva bem. Lembre bem!<\/strong><\/p>\n\n\n\n<figure class=\"wp-block-image size-large\"><a href=\"https:\/\/estudomemorizacao.com.br\/\"><img fetchpriority=\"high\" decoding=\"async\" width=\"1024\" height=\"182\" src=\"https:\/\/renatoalves.com.br\/blog\/wp-content\/uploads\/2018\/11\/capa_banner-1024x182.jpg\" alt=\"estudo e memoriza\u00e7\u00e3o para concurso p\u00fablico\" class=\"wp-image-6047\" srcset=\"https:\/\/renatoalves.com.br\/blog\/wp-content\/uploads\/2018\/11\/capa_banner-1024x182.jpg 1024w, https:\/\/renatoalves.com.br\/blog\/wp-content\/uploads\/2018\/11\/capa_banner-300x53.jpg 300w, https:\/\/renatoalves.com.br\/blog\/wp-content\/uploads\/2018\/11\/capa_banner-768x137.jpg 768w, https:\/\/renatoalves.com.br\/blog\/wp-content\/uploads\/2018\/11\/capa_banner-610x109.jpg 610w\" sizes=\"(max-width: 1024px) 100vw, 1024px\" \/><\/a><\/figure>\n\n\n\n<h2 class=\"wp-block-heading\">Perguntas frequentes (FAQ)<\/h2>\n\n\n\n<h3 class=\"wp-block-heading\"><strong>Por que o Dia Internacional da Mulher \u00e9 celebrado em 8 de mar\u00e7o?<\/strong><\/h3>\n\n\n\n<p>Porque em 1917 trabalhadoras russas protestaram por \u201cp\u00e3o e paz\u201d em 8 de mar\u00e7o \u2014 e esse evento hist\u00f3rico tornou-se s\u00edmbolo da luta feminina global.<\/p>\n\n\n\n<h3 class=\"wp-block-heading\"><strong>Quando a ONU oficializou essa data?<\/strong><\/h3>\n\n\n\n<p>A ONU reconheceu o dia em 1975, tornando-o oficialmente o Dia Internacional da Mulher, celebrado em mais de 100 pa\u00edses.<\/p>\n\n\n\n<h3 class=\"wp-block-heading\"><strong>O que representa essa data nos dias de hoje?<\/strong><\/h3>\n\n\n\n<p>Hoje, 8 de mar\u00e7o \u00e9 tanto uma celebra\u00e7\u00e3o quanto um <strong>chamado \u00e0 a\u00e7\u00e3o<\/strong> por igualdade, direitos, justi\u00e7a e empoderamento das mulheres.<\/p>\n\n\n\n<h3 class=\"wp-block-heading\"><strong>Como podemos homenagear as mulheres todos os dias?<\/strong><\/h3>\n\n\n\n<p>Atrav\u00e9s de respeito, reconhecimento, valoriza\u00e7\u00e3o e a\u00e7\u00f5es que promovam igualdade no cotidiano \u2014 no trabalho, na fam\u00edlia e na sociedade.<\/p>\n\n\n\n<h3 class=\"wp-block-heading\"><strong>Por que destaquei mulheres da literatura e educa\u00e7\u00e3o?<\/strong><\/h3>\n\n\n\n<p>Porque elas moldaram nossa cultura, inspiraram gera\u00e7\u00f5es e mostraram, com palavras e ensinamentos, o poder transformador da MULHER.<\/p>\n\n\n\n<h2 class=\"wp-block-heading\">Veja tamb\u00e9m:<\/h2>\n\n\n\n<figure class=\"wp-block-embed is-type-rich is-provider-incorporar-manipulador wp-block-embed-incorporar-manipulador wp-embed-aspect-16-9 wp-has-aspect-ratio\"><div class=\"wp-block-embed__wrapper\">\n<iframe title=\"Voc\u00ea Est\u00e1 Ficando MAIS BURRO com o ChatGPT? Veja o Que Dizem os Estudos!\" width=\"800\" height=\"450\" src=\"https:\/\/www.youtube.com\/embed\/qn9Zo8uJHx8?feature=oembed\" frameborder=\"0\" allow=\"accelerometer; autoplay; clipboard-write; encrypted-media; gyroscope; picture-in-picture; web-share\" referrerpolicy=\"strict-origin-when-cross-origin\" allowfullscreen><\/iframe>\n<\/div><\/figure>\n\n\n\n<p><\/p>\n","protected":false},"excerpt":{"rendered":"<p>O dia 8 de mar\u00e7o sempre chama minha aten\u00e7\u00e3o por dois motivos profundos e pessoais: O poder da voz feminina: um exemplo que marcou Certa vez, li um texto sobre direitos das minorias. Uma fala simples, mas t\u00e3o intensa, me tocou profundamente. Ela mostrava que, simplesmente por nascer mulher em determinados contextos, muitas enfrentam preconceito, [&hellip;]<\/p>\n","protected":false},"author":10,"featured_media":4144,"comment_status":"open","ping_status":"open","sticky":false,"template":"","format":"standard","meta":{"footnotes":""},"categories":[265],"tags":[282,280,281,283],"class_list":["post-4143","post","type-post","status-publish","format-standard","has-post-thumbnail","hentry","category-sobre-o-autor","tag-8-de-marco","tag-dia-da-mulher","tag-oito-de-marco","tag-primeira-professora"],"_links":{"self":[{"href":"https:\/\/renatoalves.com.br\/blog\/wp-json\/wp\/v2\/posts\/4143","targetHints":{"allow":["GET"]}}],"collection":[{"href":"https:\/\/renatoalves.com.br\/blog\/wp-json\/wp\/v2\/posts"}],"about":[{"href":"https:\/\/renatoalves.com.br\/blog\/wp-json\/wp\/v2\/types\/post"}],"author":[{"embeddable":true,"href":"https:\/\/renatoalves.com.br\/blog\/wp-json\/wp\/v2\/users\/10"}],"replies":[{"embeddable":true,"href":"https:\/\/renatoalves.com.br\/blog\/wp-json\/wp\/v2\/comments?post=4143"}],"version-history":[{"count":1,"href":"https:\/\/renatoalves.com.br\/blog\/wp-json\/wp\/v2\/posts\/4143\/revisions"}],"predecessor-version":[{"id":10550,"href":"https:\/\/renatoalves.com.br\/blog\/wp-json\/wp\/v2\/posts\/4143\/revisions\/10550"}],"wp:featuredmedia":[{"embeddable":true,"href":"https:\/\/renatoalves.com.br\/blog\/wp-json\/wp\/v2\/media\/4144"}],"wp:attachment":[{"href":"https:\/\/renatoalves.com.br\/blog\/wp-json\/wp\/v2\/media?parent=4143"}],"wp:term":[{"taxonomy":"category","embeddable":true,"href":"https:\/\/renatoalves.com.br\/blog\/wp-json\/wp\/v2\/categories?post=4143"},{"taxonomy":"post_tag","embeddable":true,"href":"https:\/\/renatoalves.com.br\/blog\/wp-json\/wp\/v2\/tags?post=4143"}],"curies":[{"name":"wp","href":"https:\/\/api.w.org\/{rel}","templated":true}]}}