{"id":42,"date":"2025-04-25T14:51:17","date_gmt":"2025-04-25T17:51:17","guid":{"rendered":"http:\/\/www.renatoalves.com.br\/blog\/?p=42"},"modified":"2025-04-25T15:01:58","modified_gmt":"2025-04-25T18:01:58","slug":"como-controlar-a-ansiedade","status":"publish","type":"post","link":"https:\/\/renatoalves.com.br\/blog\/como-controlar-a-ansiedade\/","title":{"rendered":"Como controlar a ansiedade: t\u00e9cnicas pr\u00e1ticas para recuperar sua calma e bem-estar"},"content":{"rendered":"\n<p>A ansiedade, quando em excesso, torna-se um obst\u00e1culo que rouba nossa paz interior e limita nosso potencial. Em minhas d\u00e9cadas auxiliando pessoas a fortalecerem mente e mem\u00f3ria, vi de perto como o controle emocional \u00e9 essencial para o equil\u00edbrio e a realiza\u00e7\u00e3o pessoal.<\/p>\n\n\n\n<h2 class=\"wp-block-heading\"><strong>Entendendo a ansiedade<\/strong><\/h2>\n\n\n\n<p>A <a href=\"https:\/\/www.ifmg.edu.br\/betim\/noticias\/ansiedade-voce-costuma-ter-esse-sentimento#:~:text=A%20ansiedade%20%C3%A9%20considerada%20uma,como%20prev%C3%ADamos%20e\/ou%20gostar%C3%ADamos.\" target=\"_blank\" rel=\"noreferrer noopener\">ansiedade \u00e9 uma resposta natural do corpo diante de situa\u00e7\u00f5es desafiadoras<\/a>. Entretanto, quando se torna constante e intensa, passa a prejudicar a sa\u00fade mental e f\u00edsica.<\/p>\n\n\n\n<p><strong>Sintomas comuns da ansiedade:<\/strong><\/p>\n\n\n\n<ul class=\"wp-block-list\">\n<li>Preocupa\u00e7\u00e3o excessiva<\/li>\n\n\n\n<li>Tens\u00e3o muscular<\/li>\n\n\n\n<li>Ins\u00f4nia<\/li>\n\n\n\n<li>Taquicardia<\/li>\n\n\n\n<li>Sensa\u00e7\u00e3o de falta de ar<\/li>\n<\/ul>\n\n\n\n<p>Identificar esses sinais \u00e9 o primeiro passo para buscar o controle.<\/p>\n\n\n\n<h2 class=\"wp-block-heading\"><strong>T\u00e9cnicas eficazes para controlar a ansiedade<\/strong><\/h2>\n\n\n\n<h3 class=\"wp-block-heading\"><strong>1. Respira\u00e7\u00e3o consciente<\/strong><\/h3>\n\n\n\n<p>A respira\u00e7\u00e3o \u00e9 a \u00e2ncora do presente. Quando a ansiedade surgir, pratique a <strong>respira\u00e7\u00e3o 4-4-8<\/strong>: inspire contando at\u00e9 4, segure o ar por 4 segundos e expire lentamente em 8 segundos.<\/p>\n\n\n\n<h3 class=\"wp-block-heading\"><strong>2. Aten\u00e7\u00e3o plena (Mindfulness)<\/strong><\/h3>\n\n\n\n<p><a href=\"https:\/\/renatoalves.com.br\/blog\/mindfulness-o-segredo-para-lidar-com-a-pressao-ao-estudar-para-concursos\/\" target=\"_blank\" rel=\"noreferrer noopener\">Mindfulness <\/a>\u00e9 o estado de estar totalmente presente, atento ao agora. Essa pr\u00e1tica ajuda a reduzir pensamentos catastr\u00f3ficos e a ansiedade futura.<\/p>\n\n\n\n<p><strong>Dica pr\u00e1tica:<\/strong> Reserve 5 minutos di\u00e1rios para observar sua respira\u00e7\u00e3o e sensa\u00e7\u00f5es sem julgamentos.<\/p>\n\n\n\n<h3 class=\"wp-block-heading\"><strong>3. Exerc\u00edcios f\u00edsicos<\/strong><\/h3>\n\n\n\n<p>Movimentar o corpo libera endorfinas, subst\u00e2ncias naturais que promovem bem-estar. Uma caminhada di\u00e1ria j\u00e1 \u00e9 um \u00f3timo come\u00e7o.<\/p>\n\n\n\n<h3 class=\"wp-block-heading\"><strong>4. Reestrutura\u00e7\u00e3o de pensamentos<\/strong><\/h3>\n\n\n\n<p>A ansiedade \u00e9 muitas vezes alimentada por pensamentos distorcidos. Questione suas cren\u00e7as: &#8220;Isso \u00e9 realmente verdade?&#8221;, &#8220;Tenho evid\u00eancias para esse medo?&#8221;<\/p>\n\n\n\n<h3 class=\"wp-block-heading\"><strong>5. Organiza\u00e7\u00e3o e planejamento<\/strong><\/h3>\n\n\n\n<p>A sensa\u00e7\u00e3o de descontrole aumenta a ansiedade. Ter uma rotina organizada reduz a imprevisibilidade e proporciona seguran\u00e7a.<\/p>\n\n\n\n<figure class=\"wp-block-embed is-type-rich is-provider-incorporar-manipulador wp-block-embed-incorporar-manipulador wp-embed-aspect-16-9 wp-has-aspect-ratio\"><div class=\"wp-block-embed__wrapper\">\n<iframe title=\"COMO CONTROLAR A ANSIEDADE | 3 DICAS INFAL\u00cdVEIS PARA VENCER E CONTROLAR A ANSIEDADE\" width=\"800\" height=\"450\" src=\"https:\/\/www.youtube.com\/embed\/LwlYaBl18tk?feature=oembed\" frameborder=\"0\" allow=\"accelerometer; autoplay; clipboard-write; encrypted-media; gyroscope; picture-in-picture; web-share\" referrerpolicy=\"strict-origin-when-cross-origin\" allowfullscreen><\/iframe>\n<\/div><\/figure>\n\n\n\n<h2 class=\"wp-block-heading\"><strong>Um exemplo real: supera\u00e7\u00e3o atrav\u00e9s da pr\u00e1tica<\/strong><\/h2>\n\n\n\n<p>Lembro-me do caso de Andr\u00e9, um jovem universit\u00e1rio que, tomado pela ansiedade, n\u00e3o conseguia apresentar trabalhos. Aplicando exerc\u00edcios de respira\u00e7\u00e3o, t\u00e9cnicas de mindfulness e planejamento antecipado, ele conseguiu dominar seu nervosismo e hoje fala em p\u00fablico com naturalidade.<\/p>\n\n\n\n<p><strong>A transforma\u00e7\u00e3o \u00e9 poss\u00edvel quando h\u00e1 m\u00e9todo e const\u00e2ncia.<\/strong><\/p>\n\n\n\n<h2 class=\"wp-block-heading\"><strong>Quando buscar ajuda profissional<\/strong><\/h2>\n\n\n\n<p>Se a ansiedade estiver intensa e persistente, impedindo suas atividades di\u00e1rias, \u00e9 fundamental buscar apoio de psic\u00f3logos ou psiquiatras. O tratamento precoce favorece a recupera\u00e7\u00e3o.<\/p>\n\n\n\n<h2 class=\"wp-block-heading\"><strong>Reforce sua mente: cuide tamb\u00e9m da mem\u00f3ria<\/strong><\/h2>\n\n\n\n<p>Controlar a ansiedade n\u00e3o s\u00f3 melhora o bem-estar emocional, mas tamb\u00e9m <a href=\"https:\/\/renatoalves.com.br\/?utm_source=Blog&amp;utm_medium=st-ra&amp;utm_campaign=&amp;utm_content=como-controlar-a-ansiedade\" target=\"_blank\" rel=\"noreferrer noopener\">potencializa a mem\u00f3ria<\/a> e a capacidade de concentra\u00e7\u00e3o. Para isso, recomendo tamb\u00e9m a leitura de:<\/p>\n\n\n\n<ul class=\"wp-block-list\">\n<li><a href=\"https:\/\/renatoalves.com.br\/blog\/5-dicas-para-melhorar-a-memoria\/\" target=\"_blank\" rel=\"noreferrer noopener\">5 dicas para melhorar a mem\u00f3ria \u2013 Como ter um c\u00e9rebro jovem \u2013 Confira<\/a><\/li>\n\n\n\n<li><a href=\"https:\/\/renatoalves.com.br\/blog\/exercicios-vencer-preguica-mental\/\" target=\"_blank\" rel=\"noreferrer noopener\">Pregui\u00e7a mental | Exerc\u00edcios para venc\u00ea-la e ter um c\u00e9rebro forte<\/a><\/li>\n<\/ul>\n\n\n\n<p><strong>Sua mente \u00e9 sua maior aliada. Cuide dela com dedica\u00e7\u00e3o e sabedoria.<\/strong><\/p>\n\n\n\n<p>Gostou das dicas? Que tal coloc\u00e1-las em pr\u00e1tica agora mesmo? N\u00e3o esque\u00e7a de deixar seu coment\u00e1rio aqui abaixo e aproveite para conhecer o meu <a href=\"https:\/\/memoriablindada.com.br\/?utm_source=Blog&amp;utm_medium=pv-cmb&amp;utm_campaign=CMB&amp;utm_content=como-controlar-a-ansiedade\" target=\"_blank\" rel=\"noreferrer noopener\">curso Mem\u00f3ria Blindada<\/a> no treinamento eu ensino a aplica\u00e7\u00e3o pr\u00e1tica da memoriza\u00e7\u00e3o para o dia a dia.<\/p>\n\n\n\n<p>Esse treinamento n\u00e3o foi desenvolvido para aliviar a ansiedade, por\u00e9m ansiedade est\u00e1 muitas vezes relacionada a esquecimento em situa\u00e7\u00f5es decisivas e esse treinamento fornece ferramentas suficientes para isso.<\/p>\n\n\n\n<p>Nas videoaulas on-line eu explico de maneira simples e objetiva, todas as estrat\u00e9gias que utilizo para n\u00e3o esquecer de nada. Com esse treinamento voc\u00ea ter\u00e1 condi\u00e7\u00f5es para n\u00e3o esquecer de nomes, datas importantes, rostos, objetos etc.<\/p>\n\n\n\n<p class=\"has-text-align-center\"><a href=\"https:\/\/renatoalves.com.br\/acrobatas-da-memoria\/\" target=\"_blank\" rel=\"noreferrer noopener\"><strong>\u00bb Clique Aqui e assista alguns depoimentos de alunos do curso \u00ab<\/strong><\/a><\/p>\n\n\n\n<p>Para que voc\u00ea adquira ainda hoje o curso <a href=\"https:\/\/memoriablindada.com.br\/?utm_source=Blog&amp;utm_medium=pv-cmb&amp;utm_campaign=CMB&amp;utm_content=como-controlar-a-ansiedade\" target=\"_blank\" rel=\"noreferrer noopener\">Mem\u00f3ria Blindada<\/a>, e por acreditar na efici\u00eancia do meu m\u00e9todo, al\u00e9m dos b\u00f4nus eu ainda lhe ofere\u00e7o uma garantia especial.<\/p>\n\n\n\n<p>Se em 7 dias, depois de aplicar o m\u00e9todo, voc\u00ea\u00a0 n\u00e3o notar melhoras, eu assumo total responsabilidade e devolverei 100% do seu investimento. O que voc\u00ea acha? <a href=\"https:\/\/memoriablindada.com.br\/?utm_source=Blog&amp;utm_medium=pv-cmb&amp;utm_campaign=CMB&amp;utm_content=como-controlar-a-ansiedade\" target=\"_blank\" rel=\"noreferrer noopener\">Clique aqui e comece agora o treinamento!<\/a><\/p>\n\n\n\n<h2 class=\"wp-block-heading\"><strong>Perguntas frequentes (FAQ)<\/strong><\/h2>\n\n\n\n<h3 class=\"wp-block-heading\"><strong>A ansiedade tem cura?<\/strong><\/h3>\n\n\n\n<p>Embora n\u00e3o se fale exatamente em cura, a ansiedade pode ser controlada e administrada com t\u00e9cnicas e, se necess\u00e1rio, acompanhamento profissional.<\/p>\n\n\n\n<h3 class=\"wp-block-heading\"><strong>Quais s\u00e3o as melhores t\u00e9cnicas para controlar a ansiedade?<\/strong><\/h3>\n\n\n\n<p>Respira\u00e7\u00e3o consciente, mindfulness, exerc\u00edcios f\u00edsicos, reestrutura\u00e7\u00e3o de pensamentos e organiza\u00e7\u00e3o da rotina.<\/p>\n\n\n\n<h3 class=\"wp-block-heading\"><strong>\u00c9 poss\u00edvel controlar a ansiedade sem rem\u00e9dios?<\/strong><\/h3>\n\n\n\n<p>Sim. Muitas pessoas conseguem gerenciar a ansiedade com t\u00e9cnicas comportamentais, terapias e mudan\u00e7as no estilo de vida.<\/p>\n\n\n\n<h3 class=\"wp-block-heading\"><strong>Quanto tempo leva para controlar a ansiedade?<\/strong><\/h3>\n\n\n\n<p>Depende de cada caso. A pr\u00e1tica constante das t\u00e9cnicas pode trazer melhorias em poucas semanas.<\/p>\n\n\n\n<h3 class=\"wp-block-heading\"><strong>Exerc\u00edcios f\u00edsicos realmente ajudam na ansiedade?<\/strong><\/h3>\n\n\n\n<p>Sim, o exerc\u00edcio regular reduz os n\u00edveis de cortisol (horm\u00f4nio do estresse) e aumenta os neurotransmissores do bem-estar.<\/p>\n\n\n\n<h2 class=\"wp-block-heading\"><strong>DICA B\u00d4NUS:&nbsp;<\/strong><\/h2>\n\n\n\n<p>Quer ter acesso a outras informa\u00e7\u00f5es? <a href=\"https:\/\/www.facebook.com\/RenatoAlvesOficial\" target=\"_blank\" rel=\"noreferrer noopener\">Curta e siga a minha fanpage no Facebook<\/a> e tamb\u00e9m <a href=\"http:\/\/www.youtube.com\/videosmemoria\/videos?sub_confirmation=1\" target=\"_blank\" rel=\"noreferrer noopener\">inscreva-se no meu canal no Youtube.<\/a><\/p>\n\n\n\n<figure class=\"wp-block-image aligncenter\"><a href=\"https:\/\/memoriablindada.com.br\/?utm_source=Blog&amp;utm_medium=pv-cmb&amp;utm_campaign=CMB&amp;utm_content=como-controlar-a-ansiedade\"><img fetchpriority=\"high\" decoding=\"async\" width=\"2560\" height=\"301\" src=\"\/\/renatoalves.com.br\/blog\/wp-content\/uploads\/2015\/02\/banner_MB.jpg\" alt=\"Curso Mem\u00f3ria Blindada\" class=\"wp-image-2519\" srcset=\"https:\/\/renatoalves.com.br\/blog\/wp-content\/uploads\/2015\/02\/banner_MB.jpg 2560w, https:\/\/renatoalves.com.br\/blog\/wp-content\/uploads\/2015\/02\/banner_MB-300x35.jpg 300w, https:\/\/renatoalves.com.br\/blog\/wp-content\/uploads\/2015\/02\/banner_MB-768x90.jpg 768w, https:\/\/renatoalves.com.br\/blog\/wp-content\/uploads\/2015\/02\/banner_MB-1024x120.jpg 1024w\" sizes=\"(max-width: 2560px) 100vw, 2560px\" \/><\/a><\/figure>\n\n\n\n<p><\/p>\n\n\n\n<p class=\"p1\"><span style=\"color: #ffffff;\">Como controlar a ansiedade&nbsp;Como controlar a ansiedade&nbsp;Como controlar a ansiedade&nbsp;Como controlar a ansiedade&nbsp;Como controlar a ansiedade&nbsp;Como controlar a ansiedade&nbsp;Como controlar a ansiedade&nbsp;Como controlar a ansiedade<\/span><\/p>\n","protected":false},"excerpt":{"rendered":"<p>A ansiedade, quando em excesso, torna-se um obst\u00e1culo que rouba nossa paz interior e limita nosso potencial. Em minhas d\u00e9cadas auxiliando pessoas a fortalecerem mente e mem\u00f3ria, vi de perto como o controle emocional \u00e9 essencial para o equil\u00edbrio e a realiza\u00e7\u00e3o pessoal. Entendendo a ansiedade A ansiedade \u00e9 uma resposta natural do corpo diante [&hellip;]<\/p>\n","protected":false},"author":24,"featured_media":2326,"comment_status":"open","ping_status":"open","sticky":false,"template":"","format":"standard","meta":{"footnotes":""},"categories":[264],"tags":[19,145,18,21,20,16,17],"class_list":["post-42","post","type-post","status-publish","format-standard","has-post-thumbnail","hentry","category-saude-e-qualidade-de-vida","tag-a-ansiedade","tag-boa-memoria","tag-e-se-nao-der-certo","tag-neutralizar-a-ansiedade","tag-novo-emprego","tag-sera-que-eu-consigo","tag-sera-que-eu-devo-fazer"],"_links":{"self":[{"href":"https:\/\/renatoalves.com.br\/blog\/wp-json\/wp\/v2\/posts\/42","targetHints":{"allow":["GET"]}}],"collection":[{"href":"https:\/\/renatoalves.com.br\/blog\/wp-json\/wp\/v2\/posts"}],"about":[{"href":"https:\/\/renatoalves.com.br\/blog\/wp-json\/wp\/v2\/types\/post"}],"author":[{"embeddable":true,"href":"https:\/\/renatoalves.com.br\/blog\/wp-json\/wp\/v2\/users\/24"}],"replies":[{"embeddable":true,"href":"https:\/\/renatoalves.com.br\/blog\/wp-json\/wp\/v2\/comments?post=42"}],"version-history":[{"count":6,"href":"https:\/\/renatoalves.com.br\/blog\/wp-json\/wp\/v2\/posts\/42\/revisions"}],"predecessor-version":[{"id":10035,"href":"https:\/\/renatoalves.com.br\/blog\/wp-json\/wp\/v2\/posts\/42\/revisions\/10035"}],"wp:featuredmedia":[{"embeddable":true,"href":"https:\/\/renatoalves.com.br\/blog\/wp-json\/wp\/v2\/media\/2326"}],"wp:attachment":[{"href":"https:\/\/renatoalves.com.br\/blog\/wp-json\/wp\/v2\/media?parent=42"}],"wp:term":[{"taxonomy":"category","embeddable":true,"href":"https:\/\/renatoalves.com.br\/blog\/wp-json\/wp\/v2\/categories?post=42"},{"taxonomy":"post_tag","embeddable":true,"href":"https:\/\/renatoalves.com.br\/blog\/wp-json\/wp\/v2\/tags?post=42"}],"curies":[{"name":"wp","href":"https:\/\/api.w.org\/{rel}","templated":true}]}}