{"id":44,"date":"2010-06-08T10:36:50","date_gmt":"2010-06-08T13:36:50","guid":{"rendered":"http:\/\/www.renatoalves.com.br\/blog\/?p=44"},"modified":"2021-02-11T14:30:38","modified_gmt":"2021-02-11T17:30:38","slug":"quem-tem-personalidade","status":"publish","type":"post","link":"https:\/\/renatoalves.com.br\/blog\/quem-tem-personalidade\/","title":{"rendered":"Quem tem personalidade"},"content":{"rendered":"<p style=\"text-align: justify;\">Quantas vezes, depois de observarmos o comportamento de uma pessoa, pensamos ou dizemos frases como: &#8220;Ela tem uma personalidade forte&#8221;, ou, &#8220;Aquele sujeito tem muita personalidade&#8221; e at\u00e9 mesmo: &#8220;Este sujeito n\u00e3o tem personalidade nenhuma&#8221;.<\/p>\n<p style=\"text-align: justify;\">Acontece que a sociedade, em geral, erra ao julgar quem tem ou n\u00e3o, personalidade. Julgamentos, muitas vezes, infundados, sem qualquer crit\u00e9rio, simplesmente abalizados em cren\u00e7as, experi\u00eancias pessoais e at\u00e9 pela for\u00e7a de express\u00e3o.<\/p>\n<p style=\"text-align: justify;\">Por exemplo: um grupo de amigos se re\u00fane para conhecer um novo restaurante. Se um deles diz educadamente que n\u00e3o gostou do restaurante, os que gostaram podem reagir: &#8220;Como assim, n\u00e3o gostou? Voc\u00ea n\u00e3o tem personalidade mesmo, hein! Um local t\u00e3o bom&#8230;&#8221; E passam a assumir a cren\u00e7a de que aquele sujeito n\u00e3o tem personalidade.<\/p>\n<p style=\"text-align: justify;\">Suponha que outro indiv\u00edduo batesse a m\u00e3o sobre a mesa e dissesse num tom de voz acalorado: &#8220;Este restaurante \u00e9 uma porcaria, detestei este lugar.&#8221;<\/p>\n<p style=\"text-align: justify;\">Quando questionado sobre o motivo, responde: &#8220;\u00c9 porque eu n\u00e3o gostei mesmo, e da\u00ed? E quero ver quem vai me fazer gostar deste chiqueiro&#8221;. Neste caso, certamente um observador desatento pensaria:<\/p>\n<p style=\"text-align: justify;\">&#8220;Caramba! Este cara tem uma personalidade forte&#8221;. E \u00e9 prov\u00e1vel que alguns at\u00e9 o adote como refer\u00eancia de lideran\u00e7a.<\/p>\n<p style=\"text-align: justify;\">Quando uma sociedade atribui personalidade baseando-se apenas naquilo que v\u00ea, ouve ou sente, sem refletir sobre o que foi visto, ouvido ou sentido, acaba n\u00e3o tendo consist\u00eancia no julgar. \u00c9 assim que se cria e at\u00e9 idolatra-se falsos l\u00edderes.<\/p>\n<p style=\"text-align: justify;\">Personalidade \u00e9 o tra\u00e7o que determina a individualidade da pessoa. \u00c9 um comportamento est\u00e1vel emitido regularmente.<\/p>\n<p style=\"text-align: justify;\">\u00c9 o modo habitual de ser. Desta forma, pode-se dizer que o sujeito que falou num tom de voz brando pode ter tanta personalidade quanto o exaltado.<\/p>\n<p style=\"text-align: justify;\">Por apresentar este comportamento na maioria das vezes, podemos caracteriz\u00e1-lo com uma indiv\u00edduo de personalidade mansa, sossegada, de \u00edndole pac\u00edfica. Pessoas com este perfil s\u00e3o mais flex\u00edveis e abertas a discuss\u00e3o.<\/p>\n<p style=\"text-align: justify;\">Quanto ao outro, se ele apresentar frequentemente um comportamento exaltado, ser\u00e1 rotulado como um sujeito de ego inflado, irritadi\u00e7a, brava e n\u00e3o necessariamente um sujeito de personalidade forte.<\/p>\n<p style=\"text-align: center;\">[inf_infusionsoft_inline optin_id=optin_1]<\/p>\n<p style=\"text-align: justify;\">Pessoas com o este perfil geralmente acabam tornando-se absolutamente resistentes, r\u00edgidas, cr\u00edticas e inflex\u00edveis. Entende-se, desta maneira, que todas as pessoas possuem tra\u00e7os de personalidade e que \u00e9 incorreto julgar. Afinal, boa, m\u00e1, brava, mansa, cada um tem o seu jeito de ser.<\/p>\n<p style=\"text-align: justify;\">Eis uma informa\u00e7\u00e3o importante: a personalidade deve ser avaliada pelo comportamento que o indiv\u00edduo emite na maioria das vezes e n\u00e3o por rea\u00e7\u00f5es isoladas. A personalidade \u00e9 determinada pelo que o indiv\u00edduo \u00e9 na maioria das vezes e n\u00e3o como ele est\u00e1 em determinado momento.<\/p>\n<p style=\"text-align: justify;\">Conclui-se, dessa forma, que n\u00e3o d\u00e1 para definir a personalidade de algu\u00e9m em pouco tempo de conv\u00edvio. \u00c9 preciso conhecer, prestar mais aten\u00e7\u00e3o aos sinais emitidos a maior parte do tempo.<\/p>\n<p style=\"text-align: justify;\">Um l\u00edder de personalidade equilibrada, moderada e de bom senso, \u00e9 um verdadeiro l\u00edder. Jamais diria: &#8220;Este restaurante \u00e9 um chiqueiro&#8221; com o risco de gerar hostilidade e repulsa por parte dos que est\u00e3o sob sua lideran\u00e7a.<\/p>\n<p style=\"text-align: justify;\">Da pr\u00f3xima vez que escutar a frase: &#8220;Que pessoa sem personalidade&#8221; ou algo semelhante, saiba que tal afirma\u00e7\u00e3o foi um pouco precipitada.<\/p>\n<p>Gostou do texto? Qual o seu perfil?\u00a0Deixe seu coment\u00e1rio abaixo e aproveite para conhecer o meu\u00a0<span class=\"s1\"><a href=\"https:\/\/memoriablindada.com.br\" target=\"_blank\" rel=\"noopener noreferrer\">curso\u00a0Mem\u00f3ria Blindada.<\/a> No treinamento eu ensino\u00a0a\u00a0aplica\u00e7\u00e3o pr\u00e1tica da memoriza\u00e7\u00e3o para o\u00a0dia a dia.<\/span><\/p>\n<p style=\"text-align: justify;\"><span class=\"s1\">Nas\u00a0videoaulas on-line eu explico de maneira simples e objetiva, todas as estrat\u00e9gias que utilizo para n\u00e3o esquecer de nada. Com esse treinamento voc\u00ea ter\u00e1 condi\u00e7\u00f5es reais de nunca mais esquecer nomes, rostos, datas importantes, objetos etc.<\/span>:<\/p>\n<p class=\"p1\" style=\"text-align: center;\"><a href=\"https:\/\/renatoalves.com.br\/acrobatas-da-memoria\/\">\u00bb Clique Aqui\u00a0e assista alguns depoimentos de alunos do curso\u00a0\u00ab<\/a><\/p>\n<p class=\"p1\" style=\"text-align: justify;\"><span class=\"s1\">Adquira agora mesmo o curso\u00a0<a href=\"https:\/\/memoriablindada.com.br\" target=\"_blank\" rel=\"noopener noreferrer\">Mem\u00f3ria Blindada<\/a>, <\/span>eu acredito tanto na efici\u00eancia do meu m\u00e9todo que al\u00e9m dos b\u00f4nus eu ainda lhe ofere\u00e7o uma garantia especial.<\/p>\n<p class=\"p1\" style=\"text-align: justify;\">Se em 7 dias, depois de aplicar o m\u00e9todo, voc\u00ea\u00a0 n\u00e3o notar melhoras, eu assumo total responsabilidade e devolverei 100% do seu investimento.\u00a0Dessa forma voc\u00ea n\u00e3o corre nenhum risco. O que voc\u00ea acha?\u00a0<a href=\"https:\/\/memoriablindada.com.br\" target=\"_blank\" rel=\"noopener noreferrer\">Clique aqui e comece agora mesmo!<\/a><\/p>\n<p style=\"text-align: justify;\"><em><strong>Renato Alves<\/strong>\u00a0\u00e9 escritor, pesquisador e primeiro brasileiro a receber o t\u00edtulo oficial de melhor mem\u00f3ria do Brasil. Autor de um m\u00e9todo patenteado de memoriza\u00e7\u00e3o que ganhou reconhecimento nacional e j\u00e1 est\u00e1 presente em mais de 100 pa\u00edses.<\/em><\/p>\n<p>Quer ter acesso a outras informa\u00e7\u00f5es?\u00a0<a href=\"https:\/\/www.facebook.com\/RenatoAlvesOficial\">Curta e siga a minha fanpage no Facebook<\/a>\u00a0e tamb\u00e9m\u00a0<a href=\"http:\/\/www.youtube.com\/videosmemoria\/videos?sub_confirmation=1\">inscreva-se no meu canal no Youtube.<\/a><\/p>\n<p><a href=\"https:\/\/memoriablindada.com.br\" target=\"_blank\" rel=\"noopener noreferrer\"><img fetchpriority=\"high\" decoding=\"async\" class=\"wp-image-2519 size-full aligncenter\" src=\"\/\/renatoalves.com.br\/blog\/wp-content\/uploads\/2015\/02\/banner_MB.jpg\" alt=\"Curso Mem\u00f3ria Blindada\" width=\"3002\" height=\"353\" srcset=\"https:\/\/renatoalves.com.br\/blog\/wp-content\/uploads\/2015\/02\/banner_MB.jpg 2560w, https:\/\/renatoalves.com.br\/blog\/wp-content\/uploads\/2015\/02\/banner_MB-300x35.jpg 300w, https:\/\/renatoalves.com.br\/blog\/wp-content\/uploads\/2015\/02\/banner_MB-768x90.jpg 768w, https:\/\/renatoalves.com.br\/blog\/wp-content\/uploads\/2015\/02\/banner_MB-1024x120.jpg 1024w\" sizes=\"(max-width: 3002px) 100vw, 3002px\" \/><\/a><\/p>\n","protected":false},"excerpt":{"rendered":"<p>Quantas vezes, depois de observarmos o comportamento de uma pessoa, pensamos ou dizemos frases como: &#8220;Ela tem uma personalidade forte&#8221;, ou, &#8220;Aquele sujeito tem muita personalidade&#8221; e at\u00e9 mesmo: &#8220;Este sujeito n\u00e3o tem personalidade nenhuma&#8221;. Acontece que a sociedade, em geral, erra ao julgar quem tem ou n\u00e3o, personalidade. Julgamentos, muitas vezes, infundados, sem qualquer [&hellip;]<\/p>\n","protected":false},"author":24,"featured_media":2623,"comment_status":"open","ping_status":"open","sticky":false,"template":"","format":"standard","meta":{"footnotes":""},"categories":[264],"tags":[145,14,44,46,212,98,13,12,99,95],"class_list":["post-44","post","type-post","status-publish","format-standard","has-post-thumbnail","hentry","category-saude-e-qualidade-de-vida","tag-boa-memoria","tag-comportamento-exaltado","tag-concentracao","tag-curso-de-memorizacao-online","tag-curso-memoria-blindada","tag-curso-online-renato-alves","tag-lider-de-personalidade","tag-personalidade-forte","tag-qual-o-melhor-curso-de-memorizacao","tag-renato-alves-memorizacao"],"_links":{"self":[{"href":"https:\/\/renatoalves.com.br\/blog\/wp-json\/wp\/v2\/posts\/44","targetHints":{"allow":["GET"]}}],"collection":[{"href":"https:\/\/renatoalves.com.br\/blog\/wp-json\/wp\/v2\/posts"}],"about":[{"href":"https:\/\/renatoalves.com.br\/blog\/wp-json\/wp\/v2\/types\/post"}],"author":[{"embeddable":true,"href":"https:\/\/renatoalves.com.br\/blog\/wp-json\/wp\/v2\/users\/24"}],"replies":[{"embeddable":true,"href":"https:\/\/renatoalves.com.br\/blog\/wp-json\/wp\/v2\/comments?post=44"}],"version-history":[{"count":3,"href":"https:\/\/renatoalves.com.br\/blog\/wp-json\/wp\/v2\/posts\/44\/revisions"}],"predecessor-version":[{"id":7379,"href":"https:\/\/renatoalves.com.br\/blog\/wp-json\/wp\/v2\/posts\/44\/revisions\/7379"}],"wp:featuredmedia":[{"embeddable":true,"href":"https:\/\/renatoalves.com.br\/blog\/wp-json\/wp\/v2\/media\/2623"}],"wp:attachment":[{"href":"https:\/\/renatoalves.com.br\/blog\/wp-json\/wp\/v2\/media?parent=44"}],"wp:term":[{"taxonomy":"category","embeddable":true,"href":"https:\/\/renatoalves.com.br\/blog\/wp-json\/wp\/v2\/categories?post=44"},{"taxonomy":"post_tag","embeddable":true,"href":"https:\/\/renatoalves.com.br\/blog\/wp-json\/wp\/v2\/tags?post=44"}],"curies":[{"name":"wp","href":"https:\/\/api.w.org\/{rel}","templated":true}]}}