{"id":457,"date":"2011-11-25T10:41:26","date_gmt":"2011-11-25T13:41:26","guid":{"rendered":"http:\/\/www.renatoalves.com.br\/blog\/?p=457"},"modified":"2020-11-20T10:51:55","modified_gmt":"2020-11-20T13:51:55","slug":"bianca-tem-lapso-de-memoria-e-paga-com-demissao-no-oitavo-episodio-de-o-aprendiz-8","status":"publish","type":"post","link":"https:\/\/renatoalves.com.br\/blog\/bianca-tem-lapso-de-memoria-e-paga-com-demissao-no-oitavo-episodio-de-o-aprendiz-8\/","title":{"rendered":"Bianca tem lapso de mem\u00f3ria e paga com demiss\u00e3o no oitavo epis\u00f3dio de \u201cO Aprendiz 8\u2033"},"content":{"rendered":"<p>Voc\u00ea tem ideia da import\u00e2ncia de uma boa mem\u00f3ria no ambiente de trabalho? Se voc\u00ea \u00e9 esquecido, saiba que, problemas de esquecimento podem provocar sua demiss\u00e3o. Foi o que ocorreu com uma participante do programa\u00a0O Aprendiz 8, no oitavo epis\u00f3dio.<\/p>\n<p style=\"text-align: justify;\">A engenheira de alimentos Bianca Yezzi foi demitida de &#8220;O Aprendiz 8&#8221;, ap\u00f3s ter admitido que n\u00e3o se lembrava do que havia feito por tr\u00eas das 14 horas destinadas \u00e0 execu\u00e7\u00e3o da tarefa.<\/p>\n<p style=\"text-align: justify;\">&#8220;Pelo seu <a href=\"\/\/renatoalves.com.br\/blog\/lapsos-de-memoria-pau-na-minha-mente\/\">lapso de mem\u00f3ria<\/a> lament\u00e1vel, voc\u00ea vai pagar com sua demiss\u00e3o. Aqui no &#8220;Aprendiz&#8221; voc\u00ea n\u00e3o pode se esquecer nem de um minuto, quanto mais de tr\u00eas horas&#8221;, sentenciou Jo\u00e3o D\u00f3ria Jr.<\/p>\n<p style=\"text-align: justify;\">A equipe Vanguarda, que vinha de duas vit\u00f3rias, perdeu a tarefa e foi acusada por D\u00f3ria Jr. de ser excessivamente confiante. Classificada como &#8220;dispersa&#8221;, Bianca foi responsabilizada pela falha que levou \u00e0 derrota do grupo.<\/p>\n<p style=\"text-align: center;\">[inf_infusionsoft_inline optin_id=optin_1]<\/p>\n<h2 style=\"text-align: justify;\">Entenda a tarefa como um dia de trabalho<\/h2>\n<p style=\"text-align: justify;\">O desafio era promover uma a\u00e7\u00e3o de marketing para uma marca de creme dental. Os participantes podiam usar o espa\u00e7o de um supermercado cedido pelo programa, mas precisavam desenvolver ideias para divulgarem a marca em outros locais.<\/p>\n<p style=\"text-align: justify;\">A equipe que atingisse o maior n\u00famero de pessoas com suas iniciativas ganharia o desafio.<\/p>\n<p style=\"text-align: justify;\">O grupo Vetor, formado por Bruna, Diego, Rodrigo e Suelen, conseguiu instalar um ponto extra de divulga\u00e7\u00e3o em uma farm\u00e1cia. Liderada por Diego, a equipe tamb\u00e9m optou por anunciar a marca na internet.<\/p>\n<p style=\"text-align: justify;\">Rodrigo discordou do tempo gasto para a a\u00e7\u00e3o e discutiu com Suelen. A publicit\u00e1ria se descontrolou e xingou o companheiro durante a tarefa. &#8220;Se a gente perder, ele que vai ser demitido. N\u00e3o faz nada&#8221;. desabafou.<\/p>\n<p style=\"text-align: justify;\">Na equipe Vanguarda, Bianca foi designada para tentar parcerias com farm\u00e1cias, mas n\u00e3o conseguiu executar a tarefa. O grupo, composto tamb\u00e9m por Daniely, Jana\u00edna, Maria Fernanda e Renata, optou ent\u00e3o por divulgar a marca de creme dental em frente a um clube de grande movimento em S\u00e3o Paulo.<\/p>\n<p style=\"text-align: justify;\">Depois de algumas tentativas frustradas de abordagem, as participantes desistiram da iniciativa.<\/p>\n<p style=\"text-align: justify;\">Ao anunciar a vit\u00f3ria da equipe Vanguarda, D\u00f3ria Jr. criticou a equipe perdedora por adotar uma postura c\u00f4moda e ter realizado a tarefa de maneira &#8220;b\u00e1sica&#8221;.<\/p>\n<h2>Assista o momento da demiss\u00e3o na Sala de Reuni\u00e3o (3:00 minutos)<\/h2>\n<p><iframe title=\"Sala de Reuni\u00e3o - Demiss\u00e3o Bianca\" width=\"800\" height=\"450\" src=\"https:\/\/www.youtube.com\/embed\/XfuLwjIsPMU?feature=oembed\" frameborder=\"0\" allow=\"accelerometer; autoplay; clipboard-write; encrypted-media; gyroscope; picture-in-picture; web-share\" referrerpolicy=\"strict-origin-when-cross-origin\" allowfullscreen><\/iframe><\/p>\n<p>Voc\u00ea viu o quanto \u00e9 importante estar com a mem\u00f3ria afiada?<\/p>\n<p>Eu costumo de afirmar que a mem\u00f3ria a base de tudo, n\u00e3o existe\u00a0intelig\u00eancia sem a mem\u00f3ria. Uma boa mem\u00f3ria inclusive pode ser o diferencial que voc\u00ea precise para conseguir aquele aumento de sal\u00e1rio.<\/p>\n<p>Pensando em pessoas que procuram melhorar a performance profissional ou a qualidade de vida atrav\u00e9s da memoriza\u00e7\u00e3o eu desenvolvi o meu\u00a0<span class=\"s1\"><a href=\"https:\/\/memoriablindada.com.br\" target=\"_blank\" rel=\"noopener noreferrer\">curso\u00a0Mem\u00f3ria Blindada.<\/a> N<\/span><span class=\"s1\">o treinamento eu ensino\u00a0a\u00a0aplica\u00e7\u00e3o pr\u00e1tica da memoriza\u00e7\u00e3o para o\u00a0dia a dia.<\/span><\/p>\n<p style=\"text-align: justify;\"><span class=\"s1\">Nas\u00a0videoaulas on-line eu explicado de maneira simples e objetiva, todas as estrat\u00e9gias que utilizo para n\u00e3o esquecer de nada. Com o treinamento voc\u00ea ser\u00e1 capaz de eliminar os esquecimentos bobos da sua vida<\/span>:<\/p>\n<p><span class=\"s1\">Para que voc\u00ea adquira ainda hoje o curso\u00a0<a href=\"https:\/\/memoriablindada.com.br\" target=\"_blank\" rel=\"noopener noreferrer\">Mem\u00f3ria Blindada<\/a>\u00a0<\/span>e por acreditar tanto na efici\u00eancia do meu m\u00e9todo, al\u00e9m dos b\u00f4nus eu ainda lhe ofere\u00e7o uma garantia mais que especial.<\/p>\n<p class=\"p1\" style=\"text-align: center;\"><a href=\"\/\/renatoalves.com.br\/depoimentos.html\">\u00bb Clique Aqui\u00a0e assista alguns depoimentos de alunos do curso\u00a0\u00ab<\/a><\/p>\n<p class=\"p1\" style=\"text-align: justify;\">Se em 7 dias, depois de aplicar o m\u00e9todo, voc\u00ea\u00a0 n\u00e3o notar melhoras, eu assumo total responsabilidade e devolverei 100% do seu investimento.<\/p>\n<p class=\"p1\" style=\"text-align: justify;\">\u00c9 isso mesmo, voc\u00ea compra, mas se em at\u00e9 7 dia n\u00e3o notar resultados, entre em contato que devolverei o seu dinheiro. O que voc\u00ea acha?\u00a0<a href=\"https:\/\/memoriablindada.com.br\" target=\"_blank\" rel=\"noopener noreferrer\">Clique aqui e saiba mais sobre o treinamento!<\/a><\/p>\n<p style=\"text-align: justify;\"><em><strong>Renato Alves<\/strong>\u00a0\u00e9 escritor, pesquisador e primeiro brasileiro a receber o t\u00edtulo oficial de melhor mem\u00f3ria do Brasil. Autor de um m\u00e9todo patenteado de memoriza\u00e7\u00e3o que ganhou reconhecimento nacional e j\u00e1 est\u00e1 presente em mais de 100 pa\u00edses.<\/em><\/p>\n<p>Quer ter acesso a outras informa\u00e7\u00f5es?\u00a0<a href=\"https:\/\/www.facebook.com\/RenatoAlvesOficial\">Curta e siga a minha fanpage no Facebook<\/a>\u00a0e tamb\u00e9m\u00a0<a href=\"http:\/\/www.youtube.com\/videosmemoria\/videos?sub_confirmation=1\">inscreva-se no meu canal no Youtube.<\/a><\/p>\n<p><a href=\"https:\/\/memoriablindada.com.br\"><img fetchpriority=\"high\" decoding=\"async\" class=\"alignnone wp-image-2519 size-full\" src=\"\/\/renatoalves.com.br\/blog\/wp-content\/uploads\/2015\/02\/banner_MB.jpg\" alt=\"Curso Mem\u00f3ria Blindada\" width=\"3002\" height=\"353\" srcset=\"https:\/\/renatoalves.com.br\/blog\/wp-content\/uploads\/2015\/02\/banner_MB.jpg 2560w, https:\/\/renatoalves.com.br\/blog\/wp-content\/uploads\/2015\/02\/banner_MB-300x35.jpg 300w, https:\/\/renatoalves.com.br\/blog\/wp-content\/uploads\/2015\/02\/banner_MB-768x90.jpg 768w, https:\/\/renatoalves.com.br\/blog\/wp-content\/uploads\/2015\/02\/banner_MB-1024x120.jpg 1024w\" sizes=\"(max-width: 3002px) 100vw, 3002px\" \/><\/a><\/p>\n","protected":false},"excerpt":{"rendered":"<p>Voc\u00ea tem ideia da import\u00e2ncia de uma boa mem\u00f3ria no ambiente de trabalho? Se voc\u00ea \u00e9 esquecido, saiba que, problemas de esquecimento podem provocar sua demiss\u00e3o. Foi o que ocorreu com uma participante do programa\u00a0O Aprendiz 8, no oitavo epis\u00f3dio. A engenheira de alimentos Bianca Yezzi foi demitida de &#8220;O Aprendiz 8&#8221;, ap\u00f3s ter admitido [&hellip;]<\/p>\n","protected":false},"author":24,"featured_media":4435,"comment_status":"open","ping_status":"open","sticky":false,"template":"","format":"standard","meta":{"footnotes":""},"categories":[262,264],"tags":[41,145,56,44,45,46,212,97,297,298,299,67,43,29,42,47,95],"class_list":["post-457","post","type-post","status-publish","format-standard","has-post-thumbnail","hentry","category-estudo-e-desenvolvimento","category-saude-e-qualidade-de-vida","tag-alzheimer","tag-boa-memoria","tag-branco-na-memoria","tag-concentracao","tag-curso-de-memorizacao","tag-curso-de-memorizacao-online","tag-curso-memoria-blindada","tag-cursos-para-a-memoria","tag-demissao","tag-demissao-por-esquecimento","tag-demissao-por-lapso-de-memoria","tag-dicas-de-memorizacao","tag-foco","tag-memoria","tag-memorizacao","tag-remedio-para-memoria","tag-renato-alves-memorizacao"],"_links":{"self":[{"href":"https:\/\/renatoalves.com.br\/blog\/wp-json\/wp\/v2\/posts\/457","targetHints":{"allow":["GET"]}}],"collection":[{"href":"https:\/\/renatoalves.com.br\/blog\/wp-json\/wp\/v2\/posts"}],"about":[{"href":"https:\/\/renatoalves.com.br\/blog\/wp-json\/wp\/v2\/types\/post"}],"author":[{"embeddable":true,"href":"https:\/\/renatoalves.com.br\/blog\/wp-json\/wp\/v2\/users\/24"}],"replies":[{"embeddable":true,"href":"https:\/\/renatoalves.com.br\/blog\/wp-json\/wp\/v2\/comments?post=457"}],"version-history":[{"count":2,"href":"https:\/\/renatoalves.com.br\/blog\/wp-json\/wp\/v2\/posts\/457\/revisions"}],"predecessor-version":[{"id":6898,"href":"https:\/\/renatoalves.com.br\/blog\/wp-json\/wp\/v2\/posts\/457\/revisions\/6898"}],"wp:featuredmedia":[{"embeddable":true,"href":"https:\/\/renatoalves.com.br\/blog\/wp-json\/wp\/v2\/media\/4435"}],"wp:attachment":[{"href":"https:\/\/renatoalves.com.br\/blog\/wp-json\/wp\/v2\/media?parent=457"}],"wp:term":[{"taxonomy":"category","embeddable":true,"href":"https:\/\/renatoalves.com.br\/blog\/wp-json\/wp\/v2\/categories?post=457"},{"taxonomy":"post_tag","embeddable":true,"href":"https:\/\/renatoalves.com.br\/blog\/wp-json\/wp\/v2\/tags?post=457"}],"curies":[{"name":"wp","href":"https:\/\/api.w.org\/{rel}","templated":true}]}}