{"id":46,"date":"2025-04-25T15:20:29","date_gmt":"2025-04-25T18:20:29","guid":{"rendered":"http:\/\/www.renatoalves.com.br\/blog\/?p=46"},"modified":"2025-04-25T15:26:36","modified_gmt":"2025-04-25T18:26:36","slug":"quanto-custa-um-esquecimento","status":"publish","type":"post","link":"https:\/\/renatoalves.com.br\/blog\/quanto-custa-um-esquecimento\/","title":{"rendered":"Quanto custa um esquecimento? Descubra os impactos financeiros e como evit\u00e1-los"},"content":{"rendered":"\n<p>Quantas vezes voc\u00ea j\u00e1 se pegou dizendo: \u201cEsqueci!\u201d? \u00c0 primeira vista, pode parecer algo banal. No entanto, quando acumulados, os esquecimentos cotidianos podem gerar preju\u00edzos consider\u00e1veis \u2014 emocionais, profissionais e, sobretudo, financeiros.<\/p>\n\n\n\n<p>Ao longo dos anos, como pesquisador da mem\u00f3ria e treinador de alta performance cognitiva, percebi que <strong>muitas pessoas subestimam o impacto real de um simples lapso de mem\u00f3ria<\/strong>. E \u00e9 sobre isso que vamos refletir juntos agora.<\/p>\n\n\n\n<h2 class=\"wp-block-heading\"><strong>O pre\u00e7o invis\u00edvel do esquecimento<\/strong><\/h2>\n\n\n\n<p>Imagine perder um compromisso com um cliente importante, esquecer uma reuni\u00e3o com o chefe ou n\u00e3o pagar uma conta no prazo. O resultado? Multas, perda de oportunidades e at\u00e9 abalos em rela\u00e7\u00f5es profissionais e pessoais.<\/p>\n\n\n\n<p><strong>O esquecimento custa caro. E, muitas vezes, o pre\u00e7o n\u00e3o est\u00e1 apenas no bolso, mas na reputa\u00e7\u00e3o e na autoconfian\u00e7a.<\/strong><\/p>\n\n\n\n<h2 class=\"wp-block-heading\"><strong>Causas mais comuns do esquecimento<\/strong><\/h2>\n\n\n\n<p>Antes de pensar em solu\u00e7\u00f5es, \u00e9 essencial entender o que nos faz esquecer:<\/p>\n\n\n\n<ul class=\"wp-block-list\">\n<li><strong>Falta de aten\u00e7\u00e3o plena<\/strong> (viv\u00eancia no modo autom\u00e1tico)<\/li>\n\n\n\n<li><strong>Sobrecarga de tarefas<\/strong><\/li>\n\n\n\n<li><strong>Estresse cr\u00f4nico e ansiedade<\/strong><\/li>\n\n\n\n<li><strong>Sedentarismo mental<\/strong> (aus\u00eancia de est\u00edmulo cognitivo)<\/li>\n\n\n\n<li><strong>Excesso de confian\u00e7a na tecnologia<\/strong><\/li>\n<\/ul>\n\n\n\n<figure class=\"wp-block-embed is-type-rich is-provider-incorporar-manipulador wp-block-embed-incorporar-manipulador wp-embed-aspect-16-9 wp-has-aspect-ratio\"><div class=\"wp-block-embed__wrapper\">\n<iframe title=\"Ningu\u00e9m Te Contou Isso Sobre Lapsos de Mem\u00f3ria\" width=\"800\" height=\"450\" src=\"https:\/\/www.youtube.com\/embed\/k3ZixMNz4DA?feature=oembed\" frameborder=\"0\" allow=\"accelerometer; autoplay; clipboard-write; encrypted-media; gyroscope; picture-in-picture; web-share\" referrerpolicy=\"strict-origin-when-cross-origin\" allowfullscreen><\/iframe>\n<\/div><\/figure>\n\n\n\n<h2 class=\"wp-block-heading\"><strong>Como evitar preju\u00edzos causados por esquecimentos<\/strong><\/h2>\n\n\n\n<p>A boa not\u00edcia \u00e9 que existem maneiras pr\u00e1ticas e eficazes de minimizar <a href=\"https:\/\/renatoalves.com.br\/blog\/lapsos-de-memoria-pau-na-minha-mente\/\" target=\"_blank\" rel=\"noreferrer noopener\">lapsos de mem\u00f3ria<\/a>. Aqui est\u00e3o algumas estrat\u00e9gias que aplico e ensino em meus treinamentos:<\/p>\n\n\n\n<h3 class=\"wp-block-heading\"><strong>1. Pratique a aten\u00e7\u00e3o plena<\/strong><\/h3>\n\n\n\n<p>Estar 100% presente no momento \u00e9 a base da mem\u00f3ria. Quando voc\u00ea presta aten\u00e7\u00e3o de verdade, o c\u00e9rebro registra com mais precis\u00e3o.<\/p>\n\n\n\n<h3 class=\"wp-block-heading\"><strong>2. Fa\u00e7a anota\u00e7\u00f5es estrat\u00e9gicas<\/strong><\/h3>\n\n\n\n<p>Utilize listas, <a href=\"https:\/\/renatoalves.com.br\/blog\/mapas-mentais-como-podem-te-ajudar-na-memorizacao-de-textos\/\" target=\"_blank\" rel=\"noreferrer noopener\">mapas mentais<\/a> e agendas f\u00edsicas ou digitais. O ato de escrever ajuda na fixa\u00e7\u00e3o.<\/p>\n\n\n\n<h3 class=\"wp-block-heading\"><strong>3. Crie associa\u00e7\u00f5es visuais e mnem\u00f4nicas<\/strong><\/h3>\n\n\n\n<p>Transforme dados em imagens mentais, conectando o novo ao conhecido. Isso facilita o resgate posterior da informa\u00e7\u00e3o.<\/p>\n\n\n\n<h3 class=\"wp-block-heading\"><strong>4. Revise informa\u00e7\u00f5es importantes<\/strong><\/h3>\n\n\n\n<p>A repeti\u00e7\u00e3o espa\u00e7ada \u2014 revisar em intervalos crescentes \u2014 \u00e9 uma t\u00e9cnica cientificamente comprovada para fixar conte\u00fado.<\/p>\n\n\n\n<h3 class=\"wp-block-heading\"><strong>5. Estimule seu c\u00e9rebro diariamente<\/strong><\/h3>\n\n\n\n<p>Leia, resolva desafios l\u00f3gicos, aprenda novos idiomas. <strong>O c\u00e9rebro precisa de desafio para se manter em forma.<\/strong><\/p>\n\n\n\n<h2 class=\"wp-block-heading\"><strong>Um caso real que refor\u00e7a o alerta<\/strong><\/h2>\n\n\n\n<p>Lembro-me de uma aluna, Mariana, que esqueceu a senha do banco e foi v\u00edtima de uma tentativa de golpe. O nervosismo gerado pelo esquecimento quase a levou a fornecer dados sigilosos a um fraudador. Situa\u00e7\u00f5es assim mostram como um \u201csimples esquecimento\u201d pode ter s\u00e9rias consequ\u00eancias.<\/p>\n\n\n\n<h2 class=\"wp-block-heading\"><strong>A mem\u00f3ria pode ser treinada<\/strong><\/h2>\n\n\n\n<p>Diferente do que muitos pensam, a <a href=\"https:\/\/renatoalves.com.br\/?utm_source=Blog&amp;utm_medium=st-ra&amp;utm_campaign=&amp;utm_content=quanto-custa-um-esquecimento\" target=\"_blank\" rel=\"noreferrer noopener\">mem\u00f3ria <\/a>n\u00e3o est\u00e1 \u201cpresa \u00e0 idade\u201d. Com as t\u00e9cnicas corretas, ela pode ser <strong>desenvolvida, fortalecida e at\u00e9 rejuvenescida<\/strong>.<\/p>\n\n\n\n<p><strong>Cuidar da mem\u00f3ria \u00e9 um investimento com retorno garantido: mais produtividade, mais seguran\u00e7a e menos preju\u00edzo.<\/strong><\/p>\n\n\n\n<p>Voc\u00ea conhece uma pessoa muito esquecida? Deixe um coment\u00e1rio e nos diga como este texto te ajudou a identificar comportamentos que prejudicam o seu rendimento nos estudos e no trabalho.<\/p>\n\n\n\n<p>Se voc\u00ea se preocupa com seu bem-estar, gostaria de lhe indicar um curso cujo objetivo n\u00e3o se limita apenas a acabar com esses &#8220;esquecimentos&#8221;, o meu curso<a href=\"https:\/\/memoriablindada.com.br\/?utm_source=Blog&amp;utm_medium=pv-cmb&amp;utm_campaign=CMB&amp;utm_content=quanto-custa-um-esquecimento\" target=\"_blank\" rel=\"noreferrer noopener\"> Mem\u00f3ria Blindada<\/a> \u00e9 um treinamento onde eu ensino a memoriza\u00e7\u00e3o pr\u00e1tica para o dia a dia.<\/p>\n\n\n\n<p>O treinamento por ser em videoaulas on-line, voc\u00ea poder\u00e1 acessar onde e quando quiser, seja no seu celular, tablet, computador ou smart TV. Tudo muito bem elaborado para que voc\u00ea tenha acesso a todas as estrat\u00e9gias que utilizo para n\u00e3o esquecer de nada.<\/p>\n\n\n\n<p>Como incentivo para que voc\u00ea adquira ainda hoje o treinamento e por acreditar tanto na efici\u00eancia do meu m\u00e9todo, al\u00e9m dos b\u00f4nus eu ainda lhe ofere\u00e7o uma garantia especial:<\/p>\n\n\n\n<p class=\"has-text-align-center\"><a href=\"https:\/\/renatoalves.com.br\/acrobatas-da-memoria\/\" target=\"_blank\" rel=\"noreferrer noopener\"><strong>\u00bb Clique Aqui e assista alguns depoimentos de alunos do curso \u00ab<\/strong><\/a><\/p>\n\n\n\n<p>Se em 7 dias, depois de aplicar o m\u00e9todo, voc\u00ea\u00a0 n\u00e3o notar melhoras, eu assumo total responsabilidade e devolverei 100% do seu investimento.<a href=\"https:\/\/memoriablindada.com.br\/?utm_source=Blog&amp;utm_medium=pv-cmb&amp;utm_campaign=CMB&amp;utm_content=quanto-custa-um-esquecimento\" target=\"_blank\" rel=\"noreferrer noopener\"> O que voc\u00ea acha? Clique aqui e saiba mais sobre o treinamento!<\/a><\/p>\n\n\n\n<p><strong>Se quiser aprofundar, recomendo tamb\u00e9m:<\/strong><\/p>\n\n\n\n<ul class=\"wp-block-list\">\n<li><a href=\"https:\/\/renatoalves.com.br\/blog\/5-dicas-para-melhorar-a-memoria\/\" target=\"_blank\" rel=\"noreferrer noopener\">5 dicas para melhorar a mem\u00f3ria \u2013 Como ter um c\u00e9rebro jovem \u2013 Confira<\/a><\/li>\n\n\n\n<li><a href=\"https:\/\/renatoalves.com.br\/blog\/exercicios-vencer-preguica-mental\/\" target=\"_blank\" rel=\"noreferrer noopener\">Pregui\u00e7a mental | Exerc\u00edcios para venc\u00ea-la e ter um c\u00e9rebro forte<\/a><\/li>\n<\/ul>\n\n\n\n<h2 class=\"wp-block-heading\"><strong>Perguntas frequentes (FAQ)<\/strong><\/h2>\n\n\n\n<h3 class=\"wp-block-heading\"><strong>Esquecer com frequ\u00eancia \u00e9 normal?<\/strong><\/h3>\n\n\n\n<p>Esquecer ocasionalmente \u00e9 natural. Mas esquecimentos frequentes e prejudiciais exigem aten\u00e7\u00e3o e mudan\u00e7a de h\u00e1bitos.<\/p>\n\n\n\n<h3 class=\"wp-block-heading\"><strong>O que mais prejudica a mem\u00f3ria no dia a dia?<\/strong><\/h3>\n\n\n\n<p>Falta de aten\u00e7\u00e3o, estresse, m\u00e1 alimenta\u00e7\u00e3o, sedentarismo mental e excesso de distra\u00e7\u00f5es tecnol\u00f3gicas.<\/p>\n\n\n\n<h3 class=\"wp-block-heading\"><strong>Como saber se minha mem\u00f3ria est\u00e1 ruim ou apenas sobrecarregada?<\/strong><\/h3>\n\n\n\n<p>Se os esquecimentos afetam sua rotina e produtividade, vale observar e adotar t\u00e9cnicas de memoriza\u00e7\u00e3o para testar os resultados.<\/p>\n\n\n\n<h3 class=\"wp-block-heading\"><strong>Posso treinar a mem\u00f3ria em qualquer idade?<\/strong><\/h3>\n\n\n\n<p>Sim. A neuroplasticidade permite treinar a mem\u00f3ria em qualquer fase da vida, com est\u00edmulo e const\u00e2ncia.<\/p>\n\n\n\n<h3 class=\"wp-block-heading\"><strong>Quais s\u00e3o as melhores t\u00e9cnicas para evitar esquecimentos?<\/strong><\/h3>\n\n\n\n<p>Aten\u00e7\u00e3o plena, associa\u00e7\u00e3o de ideias, repeti\u00e7\u00e3o espa\u00e7ada e organiza\u00e7\u00e3o s\u00e3o algumas das mais eficazes.<\/p>\n\n\n\n<h2 class=\"wp-block-heading\"><strong>DICA B\u00d4NUS:&nbsp;<\/strong><\/h2>\n\n\n\n<p>Quer ter acesso a outras informa\u00e7\u00f5es? <a href=\"https:\/\/www.facebook.com\/RenatoAlvesOficial\" target=\"_blank\" rel=\"noreferrer noopener\">Curta e siga a minha fanpage no Facebook<\/a> e tamb\u00e9m <a href=\"http:\/\/www.youtube.com\/videosmemoria\/videos?sub_confirmation=1\" target=\"_blank\" rel=\"noreferrer noopener\">inscreva-se no meu canal no Youtube.<\/a><\/p>\n\n\n\n<figure class=\"wp-block-image aligncenter\"><a href=\"https:\/\/memoriablindada.com.br\/?utm_source=Blog&amp;utm_medium=pv-cmb&amp;utm_campaign=CMB&amp;utm_content=quanto-custa-um-esquecimento\"><img fetchpriority=\"high\" decoding=\"async\" width=\"2560\" height=\"301\" src=\"\/\/renatoalves.com.br\/blog\/wp-content\/uploads\/2015\/02\/banner_MB.jpg\" alt=\"Curso Mem\u00f3ria Blindada\" class=\"wp-image-2519\" srcset=\"https:\/\/renatoalves.com.br\/blog\/wp-content\/uploads\/2015\/02\/banner_MB.jpg 2560w, https:\/\/renatoalves.com.br\/blog\/wp-content\/uploads\/2015\/02\/banner_MB-300x35.jpg 300w, https:\/\/renatoalves.com.br\/blog\/wp-content\/uploads\/2015\/02\/banner_MB-768x90.jpg 768w, https:\/\/renatoalves.com.br\/blog\/wp-content\/uploads\/2015\/02\/banner_MB-1024x120.jpg 1024w\" sizes=\"(max-width: 2560px) 100vw, 2560px\" \/><\/a><\/figure>\n","protected":false},"excerpt":{"rendered":"<p>Quantas vezes voc\u00ea j\u00e1 se pegou dizendo: \u201cEsqueci!\u201d? \u00c0 primeira vista, pode parecer algo banal. No entanto, quando acumulados, os esquecimentos cotidianos podem gerar preju\u00edzos consider\u00e1veis \u2014 emocionais, profissionais e, sobretudo, financeiros. Ao longo dos anos, como pesquisador da mem\u00f3ria e treinador de alta performance cognitiva, percebi que muitas pessoas subestimam o impacto real de [&hellip;]<\/p>\n","protected":false},"author":24,"featured_media":2625,"comment_status":"open","ping_status":"open","sticky":false,"template":"","format":"standard","meta":{"footnotes":""},"categories":[264],"tags":[41,56,44,45,46,212,98,67,95],"class_list":["post-46","post","type-post","status-publish","format-standard","has-post-thumbnail","hentry","category-saude-e-qualidade-de-vida","tag-alzheimer","tag-branco-na-memoria","tag-concentracao","tag-curso-de-memorizacao","tag-curso-de-memorizacao-online","tag-curso-memoria-blindada","tag-curso-online-renato-alves","tag-dicas-de-memorizacao","tag-renato-alves-memorizacao"],"_links":{"self":[{"href":"https:\/\/renatoalves.com.br\/blog\/wp-json\/wp\/v2\/posts\/46","targetHints":{"allow":["GET"]}}],"collection":[{"href":"https:\/\/renatoalves.com.br\/blog\/wp-json\/wp\/v2\/posts"}],"about":[{"href":"https:\/\/renatoalves.com.br\/blog\/wp-json\/wp\/v2\/types\/post"}],"author":[{"embeddable":true,"href":"https:\/\/renatoalves.com.br\/blog\/wp-json\/wp\/v2\/users\/24"}],"replies":[{"embeddable":true,"href":"https:\/\/renatoalves.com.br\/blog\/wp-json\/wp\/v2\/comments?post=46"}],"version-history":[{"count":4,"href":"https:\/\/renatoalves.com.br\/blog\/wp-json\/wp\/v2\/posts\/46\/revisions"}],"predecessor-version":[{"id":10041,"href":"https:\/\/renatoalves.com.br\/blog\/wp-json\/wp\/v2\/posts\/46\/revisions\/10041"}],"wp:featuredmedia":[{"embeddable":true,"href":"https:\/\/renatoalves.com.br\/blog\/wp-json\/wp\/v2\/media\/2625"}],"wp:attachment":[{"href":"https:\/\/renatoalves.com.br\/blog\/wp-json\/wp\/v2\/media?parent=46"}],"wp:term":[{"taxonomy":"category","embeddable":true,"href":"https:\/\/renatoalves.com.br\/blog\/wp-json\/wp\/v2\/categories?post=46"},{"taxonomy":"post_tag","embeddable":true,"href":"https:\/\/renatoalves.com.br\/blog\/wp-json\/wp\/v2\/tags?post=46"}],"curies":[{"name":"wp","href":"https:\/\/api.w.org\/{rel}","templated":true}]}}