{"id":4603,"date":"2025-08-14T22:20:00","date_gmt":"2025-08-15T01:20:00","guid":{"rendered":"https:\/\/renatoalves.com.br\/blog\/?p=4603"},"modified":"2025-08-14T08:02:33","modified_gmt":"2025-08-14T11:02:33","slug":"preserve-para-sempre-aqueles-momentos-inesqueciveis","status":"publish","type":"post","link":"https:\/\/renatoalves.com.br\/blog\/preserve-para-sempre-aqueles-momentos-inesqueciveis\/","title":{"rendered":"Preserve para sempre aqueles momentos inesquec\u00edveis"},"content":{"rendered":"\n<p>Voc\u00ea j\u00e1 viveu algo t\u00e3o marcante que parece ter assistido a um filme passando na sua cabe\u00e7a?<br>Essa sensa\u00e7\u00e3o, comum em situa\u00e7\u00f5es de forte emo\u00e7\u00e3o, perigo ou alegria extrema, \u00e9 resultado de <a href=\"https:\/\/memoriablindada.com.br\/\" target=\"_blank\" rel=\"noreferrer noopener\"><strong>gatilhos que ativam nossas mem\u00f3rias mais profundas<\/strong>.<\/a><\/p>\n\n\n\n<p>Mas o que exatamente transforma um momento em algo imposs\u00edvel de esquecer? E como podemos recuperar lembran\u00e7as que, por algum motivo, ficaram \u201capagadas\u201d?<\/p>\n\n\n\n<p>Hoje, vamos mergulhar no fascinante funcionamento da mem\u00f3ria e conhecer hist\u00f3rias reais de supera\u00e7\u00e3o, onde momentos marcantes ajudaram pessoas a resgatar lembran\u00e7as perdidas.<\/p>\n\n\n\n<figure class=\"wp-block-image size-large\"><a href=\"https:\/\/memoriablindada.com.br\/\"><img fetchpriority=\"high\" decoding=\"async\" width=\"1024\" height=\"120\" src=\"https:\/\/renatoalves.com.br\/blog\/wp-content\/uploads\/2014\/09\/MEMORIA-BLINDADA-BANNER-BLOG-RENATO-ALVES-1024x120.png\" alt=\"banner mem\u00f3ria blindada\" class=\"wp-image-10107\" srcset=\"https:\/\/renatoalves.com.br\/blog\/wp-content\/uploads\/2014\/09\/MEMORIA-BLINDADA-BANNER-BLOG-RENATO-ALVES-1024x120.png 1024w, https:\/\/renatoalves.com.br\/blog\/wp-content\/uploads\/2014\/09\/MEMORIA-BLINDADA-BANNER-BLOG-RENATO-ALVES-300x35.png 300w, https:\/\/renatoalves.com.br\/blog\/wp-content\/uploads\/2014\/09\/MEMORIA-BLINDADA-BANNER-BLOG-RENATO-ALVES-768x90.png 768w, https:\/\/renatoalves.com.br\/blog\/wp-content\/uploads\/2014\/09\/MEMORIA-BLINDADA-BANNER-BLOG-RENATO-ALVES-1536x181.png 1536w, https:\/\/renatoalves.com.br\/blog\/wp-content\/uploads\/2014\/09\/MEMORIA-BLINDADA-BANNER-BLOG-RENATO-ALVES.png 1700w\" sizes=\"(max-width: 1024px) 100vw, 1024px\" \/><\/a><\/figure>\n\n\n\n<h2 class=\"wp-block-heading\"><strong>Por que alguns momentos ficam gravados para sempre?<\/strong><\/h2>\n\n\n\n<p>Nossa mem\u00f3ria \u00e9 como uma <strong>bibliotec\u00e1ria incans\u00e1vel<\/strong>: ela cataloga, organiza, arquiva e, quando necess\u00e1rio, traz de volta recorda\u00e7\u00f5es espec\u00edficas.<\/p>\n\n\n\n<p>Alguns gatilhos que ativam essas lembran\u00e7as incluem:<\/p>\n\n\n\n<ul class=\"wp-block-list\">\n<li><strong>M\u00fasicas<\/strong> que marcaram uma \u00e9poca<\/li>\n\n\n\n<li><strong>Cenas de filmes<\/strong> que emocionaram<\/li>\n\n\n\n<li><strong>Cheiros<\/strong> que remetem a lugares ou pessoas<\/li>\n\n\n\n<li><strong>Sons<\/strong> que nos transportam para outros momentos<\/li>\n<\/ul>\n\n\n\n<p>Esses est\u00edmulos, chamados <strong>gatilhos mnem\u00f4nicos<\/strong>, est\u00e3o por toda parte. Basta abrir os olhos de manh\u00e3 para come\u00e7ar a interagir com elementos que alimentam nossa mem\u00f3ria.<\/p>\n\n\n\n<h2 class=\"wp-block-heading\"><strong>Quando a mem\u00f3ria falha: hist\u00f3rias reais de supera\u00e7\u00e3o<\/strong><\/h2>\n\n\n\n<p>Infelizmente, acidentes e traumas podem afetar gravemente nossa capacidade de lembrar. No Brasil, mais de <strong>1 milh\u00e3o de pessoas por ano<\/strong> enfrentam perdas de mem\u00f3ria causadas por derrames ou les\u00f5es cerebrais \u2014 e muitos desses casos ocorrem em jovens.<\/p>\n\n\n\n<p>Um estudo conduzido pelo neurologista <strong>Renato Anghinah<\/strong> mostrou que <strong>momentos inesquec\u00edveis ligados ao esporte<\/strong> ajudaram tr\u00eas jovens a reativar mem\u00f3rias perdidas ap\u00f3s graves acidentes.<\/p>\n\n\n\n<ul class=\"wp-block-list\">\n<li><strong>Pedro Kourijan<\/strong>: caiu de 4 metros ao tentar resgatar uma pipa e passou 12 dias em coma. Ap\u00f3s o acidente, se perdia no metr\u00f4 por esquecer nomes de esta\u00e7\u00f5es.<\/li>\n\n\n\n<li><strong>Patr\u00edcio Lopes<\/strong>: sofreu um aneurisma enquanto estudava nos EUA e perdeu recorda\u00e7\u00f5es de toda a experi\u00eancia.<\/li>\n\n\n\n<li><strong>Caroline Valdez<\/strong>: sobreviveu a um grave acidente de carro que tirou a vida de seus amigos e deixou sequelas na mem\u00f3ria.<\/li>\n<\/ul>\n\n\n\n<p>O tratamento incluiu sess\u00f5es de <strong>reabilita\u00e7\u00e3o cognitiva<\/strong>, com v\u00eddeos e reportagens sobre esportes que cada um amava. Ao serem expostos repetidamente a conte\u00fados que despertavam emo\u00e7\u00f5es e conex\u00f5es antigas, todos apresentaram <strong>melhora significativa<\/strong> na capacidade de lembrar e processar informa\u00e7\u00f5es.<\/p>\n\n\n\n<h2 class=\"wp-block-heading\"><strong>O papel da neuroplasticidade no resgate das lembran\u00e7as<\/strong><\/h2>\n\n\n\n<p>O c\u00e9rebro humano \u00e9 capaz de <strong>se adaptar e criar novas conex\u00f5es<\/strong> \u2014 um fen\u00f4meno chamado <strong>neuroplasticidade<\/strong>.<br>Essa caracter\u00edstica permite que, mesmo ap\u00f3s traumas, seja poss\u00edvel recuperar mem\u00f3rias e fortalecer habilidades cognitivas.<\/p>\n\n\n\n<p>Entre as t\u00e9cnicas mais eficazes para estimular essa capacidade, est\u00e3o as <strong>estrat\u00e9gias mnem\u00f4nicas<\/strong>, que facilitam o armazenamento e a recupera\u00e7\u00e3o de informa\u00e7\u00f5es.<\/p>\n\n\n\n<p>Estudos mostram que essas t\u00e9cnicas aumentam a motiva\u00e7\u00e3o, a autoestima e a capacidade de lembrar, especialmente em pessoas acima de 50 anos, mas tamb\u00e9m beneficiam estudantes, profissionais e qualquer pessoa que deseje manter a mente afiada.<\/p>\n\n\n\n<h2 class=\"wp-block-heading\"><strong>Como fortalecer sua mem\u00f3ria no dia a dia<\/strong><\/h2>\n\n\n\n<p>Manter a mem\u00f3ria ativa exige <strong>pr\u00e1tica constante<\/strong>. Aqui v\u00e3o algumas a\u00e7\u00f5es simples que podem ajudar:<\/p>\n\n\n\n<ul class=\"wp-block-list\">\n<li>Treinar o c\u00e9rebro com <strong>exerc\u00edcios de memoriza\u00e7\u00e3o<\/strong><\/li>\n\n\n\n<li>Praticar esportes ou hobbies que tragam <strong>novas experi\u00eancias<\/strong><\/li>\n\n\n\n<li>Revisitar mem\u00f3rias boas atrav\u00e9s de <strong>fotos, m\u00fasicas e hist\u00f3rias<\/strong><\/li>\n\n\n\n<li>Estabelecer rotinas de aprendizado cont\u00ednuo<\/li>\n<\/ul>\n\n\n\n<p>Nossas lembran\u00e7as n\u00e3o s\u00e3o apenas registros do passado \u2014 elas moldam nossa identidade e orientam nossas decis\u00f5es.<br>Seja para evitar esquecimentos no dia a dia ou para recuperar momentos especiais, <a href=\"https:\/\/renatoalves.com.br\/blog\/problemas-de-memoria-podem-ser-fatais\/\" target=\"_blank\" rel=\"noreferrer noopener\"><strong>estimular a mem\u00f3ria \u00e9 investir na sua qualidade de vida<\/strong>.<\/a><\/p>\n\n\n\n<p>Lembre-se: seu c\u00e9rebro \u00e9 capaz de se reinventar, e cada experi\u00eancia vivida pode se tornar um momento inesquec\u00edvel.<\/p>\n\n\n\n<figure class=\"wp-block-image size-large\"><a href=\"https:\/\/memoriablindada.com.br\/\"><img fetchpriority=\"high\" decoding=\"async\" width=\"1024\" height=\"120\" src=\"https:\/\/renatoalves.com.br\/blog\/wp-content\/uploads\/2014\/09\/MEMORIA-BLINDADA-BANNER-BLOG-RENATO-ALVES-1024x120.png\" alt=\"banner mem\u00f3ria blindada\" class=\"wp-image-10107\" srcset=\"https:\/\/renatoalves.com.br\/blog\/wp-content\/uploads\/2014\/09\/MEMORIA-BLINDADA-BANNER-BLOG-RENATO-ALVES-1024x120.png 1024w, https:\/\/renatoalves.com.br\/blog\/wp-content\/uploads\/2014\/09\/MEMORIA-BLINDADA-BANNER-BLOG-RENATO-ALVES-300x35.png 300w, https:\/\/renatoalves.com.br\/blog\/wp-content\/uploads\/2014\/09\/MEMORIA-BLINDADA-BANNER-BLOG-RENATO-ALVES-768x90.png 768w, https:\/\/renatoalves.com.br\/blog\/wp-content\/uploads\/2014\/09\/MEMORIA-BLINDADA-BANNER-BLOG-RENATO-ALVES-1536x181.png 1536w, https:\/\/renatoalves.com.br\/blog\/wp-content\/uploads\/2014\/09\/MEMORIA-BLINDADA-BANNER-BLOG-RENATO-ALVES.png 1700w\" sizes=\"(max-width: 1024px) 100vw, 1024px\" \/><\/a><\/figure>\n\n\n\n<h2 class=\"wp-block-heading\"><strong>Perguntas Frequentes<\/strong> (FAQ)<\/h2>\n\n\n\n<h3 class=\"wp-block-heading\"><strong>Por que alguns momentos s\u00e3o mais f\u00e1ceis de lembrar que outros?<\/strong><\/h3>\n\n\n\n<p>Porque eles est\u00e3o ligados a emo\u00e7\u00f5es intensas, que fortalecem as conex\u00f5es neurais e tornam a lembran\u00e7a mais duradoura.<\/p>\n\n\n\n<h3 class=\"wp-block-heading\"><strong>O que \u00e9 neuroplasticidade?<\/strong><\/h3>\n\n\n\n<p>\u00c9 a capacidade do c\u00e9rebro de criar novas conex\u00f5es e se adaptar, mesmo ap\u00f3s les\u00f5es ou traumas.<\/p>\n\n\n\n<h3 class=\"wp-block-heading\"><strong>A mem\u00f3ria pode ser treinada?<\/strong><\/h3>\n\n\n\n<p>Sim. Com t\u00e9cnicas mnem\u00f4nicas e exerc\u00edcios espec\u00edficos, \u00e9 poss\u00edvel melhorar a capacidade de lembrar e reter informa\u00e7\u00f5es.<\/p>\n\n\n\n<h3 class=\"wp-block-heading\"><strong>Traumas sempre causam perda de mem\u00f3ria?<\/strong><\/h3>\n\n\n\n<p>N\u00e3o. Isso depende da gravidade, da regi\u00e3o do c\u00e9rebro afetada e do tratamento recebido.<\/p>\n\n\n\n<h3 class=\"wp-block-heading\"><strong>O esporte pode ajudar na recupera\u00e7\u00e3o da mem\u00f3ria?<\/strong><\/h3>\n\n\n\n<p>Sim. Momentos emocionantes e marcantes ligados ao esporte podem funcionar como gatilhos para resgatar lembran\u00e7as.<\/p>\n\n\n\n<h2 class=\"wp-block-heading\">Veja tamb\u00e9m:<\/h2>\n\n\n\n<figure class=\"wp-block-embed is-type-rich is-provider-incorporar-manipulador wp-block-embed-incorporar-manipulador wp-embed-aspect-16-9 wp-has-aspect-ratio\"><div class=\"wp-block-embed__wrapper\">\n<iframe title=\"Ansiedade roubando seu foco? |  Descubra Como Mudar Isso\" width=\"800\" height=\"450\" src=\"https:\/\/www.youtube.com\/embed\/fqgFcmZq1qU?feature=oembed\" frameborder=\"0\" allow=\"accelerometer; autoplay; clipboard-write; encrypted-media; gyroscope; picture-in-picture; web-share\" referrerpolicy=\"strict-origin-when-cross-origin\" allowfullscreen><\/iframe>\n<\/div><\/figure>\n\n\n\n<p><\/p>\n","protected":false},"excerpt":{"rendered":"<p>Voc\u00ea j\u00e1 viveu algo t\u00e3o marcante que parece ter assistido a um filme passando na sua cabe\u00e7a?Essa sensa\u00e7\u00e3o, comum em situa\u00e7\u00f5es de forte emo\u00e7\u00e3o, perigo ou alegria extrema, \u00e9 resultado de gatilhos que ativam nossas mem\u00f3rias mais profundas. Mas o que exatamente transforma um momento em algo imposs\u00edvel de esquecer? E como podemos recuperar lembran\u00e7as [&hellip;]<\/p>\n","protected":false},"author":10,"featured_media":4618,"comment_status":"open","ping_status":"open","sticky":false,"template":"","format":"standard","meta":{"footnotes":""},"categories":[264],"tags":[41,145,56,44,46,212,98,325,47],"class_list":["post-4603","post","type-post","status-publish","format-standard","has-post-thumbnail","hentry","category-saude-e-qualidade-de-vida","tag-alzheimer","tag-boa-memoria","tag-branco-na-memoria","tag-concentracao","tag-curso-de-memorizacao-online","tag-curso-memoria-blindada","tag-curso-online-renato-alves","tag-momentos-inesqueciveis","tag-remedio-para-memoria"],"_links":{"self":[{"href":"https:\/\/renatoalves.com.br\/blog\/wp-json\/wp\/v2\/posts\/4603","targetHints":{"allow":["GET"]}}],"collection":[{"href":"https:\/\/renatoalves.com.br\/blog\/wp-json\/wp\/v2\/posts"}],"about":[{"href":"https:\/\/renatoalves.com.br\/blog\/wp-json\/wp\/v2\/types\/post"}],"author":[{"embeddable":true,"href":"https:\/\/renatoalves.com.br\/blog\/wp-json\/wp\/v2\/users\/10"}],"replies":[{"embeddable":true,"href":"https:\/\/renatoalves.com.br\/blog\/wp-json\/wp\/v2\/comments?post=4603"}],"version-history":[{"count":3,"href":"https:\/\/renatoalves.com.br\/blog\/wp-json\/wp\/v2\/posts\/4603\/revisions"}],"predecessor-version":[{"id":10533,"href":"https:\/\/renatoalves.com.br\/blog\/wp-json\/wp\/v2\/posts\/4603\/revisions\/10533"}],"wp:featuredmedia":[{"embeddable":true,"href":"https:\/\/renatoalves.com.br\/blog\/wp-json\/wp\/v2\/media\/4618"}],"wp:attachment":[{"href":"https:\/\/renatoalves.com.br\/blog\/wp-json\/wp\/v2\/media?parent=4603"}],"wp:term":[{"taxonomy":"category","embeddable":true,"href":"https:\/\/renatoalves.com.br\/blog\/wp-json\/wp\/v2\/categories?post=4603"},{"taxonomy":"post_tag","embeddable":true,"href":"https:\/\/renatoalves.com.br\/blog\/wp-json\/wp\/v2\/tags?post=4603"}],"curies":[{"name":"wp","href":"https:\/\/api.w.org\/{rel}","templated":true}]}}