{"id":480,"date":"2012-01-25T14:38:37","date_gmt":"2012-01-25T17:38:37","guid":{"rendered":"http:\/\/www.renatoalves.com.br\/blog\/?p=480"},"modified":"2020-11-20T10:47:08","modified_gmt":"2020-11-20T13:47:08","slug":"tragedia-provocada-por-esquecimentos","status":"publish","type":"post","link":"https:\/\/renatoalves.com.br\/blog\/tragedia-provocada-por-esquecimentos\/","title":{"rendered":"Trag\u00e9dia provocada por esquecimentos"},"content":{"rendered":"<p style=\"text-align: justify;\">Voc\u00ea j\u00e1 se perguntou o quanto \u00e9 comum uma\u00a0trag\u00e9dia provocada por esquecimentos? N\u00e3o? Infelizmente isso \u00e9 muito comum, e ocorre todos os dias a todo momento.<\/p>\n<h2>Infelizmente, uma trag\u00e9dia provocada por esquecimentos \u00e9 mais comum do que gostar\u00edamos<\/h2>\n<p style=\"text-align: justify;\">Voc\u00ea lembra do caso do beb\u00ea que foi esquecido pelo pai dentro do carro e acabou morrendo chocou o pa\u00eds?<\/p>\n<p style=\"text-align: justify;\">O pequeno Andr\u00e9 n\u00e3o resistiu \u00e0s queimaduras e morreu desidratado, ap\u00f3s permanecer cinco horas dentro de um carro.<\/p>\n<p style=\"text-align: justify;\">\u00c9 dif\u00edcil imaginar a dor desse pai, mas n\u00e3o \u00e9 dif\u00edcil entender como a vida corrida dos tempos modernos pode criar situa\u00e7\u00f5es de esquecimento, estresse e trag\u00e9dia.<\/p>\n<p style=\"text-align: justify;\">Segundo psiquiatras, em situa\u00e7\u00f5es de stress e fadiga, o aparelho mental pode falhar e uma trag\u00e9dia provocada por esquecimentos pode estar prestes a acontecer.<\/p>\n<p style=\"text-align: justify;\">A rotina de quem vive em cidade grande \u00e9 correr o dia todo para dar conta de tanto compromisso. O excesso de tarefas faz nosso c\u00e9rebro ficar alerta o tempo todo.<\/p>\n<p style=\"text-align: justify;\">&#8220;Em situa\u00e7\u00f5es de stress e fadiga, o aparelho mental poder\u00e1 falhar&#8221;, explica Jair Mari, psiquiatra da Unifesp.<\/p>\n<p style=\"text-align: justify;\">Para Carlos Legal, essa falha na mem\u00f3ria provocou uma trag\u00e9dia.<\/p>\n<p style=\"text-align: justify;\">&#8220;Ele quebrou a rotina, e nessa quebra de rotina, ligou o piloto autom\u00e1tico&#8221;, observa a delegada Adanzil Limonta.<\/p>\n<p style=\"text-align: justify;\">O beb\u00ea ficou na cadeirinha, dentro do carro, em frente \u00e0 academia, por cinco horas. Ningu\u00e9m conseguiu v\u00ea-lo porque os vidros do carro s\u00e3o escuros. Carlos s\u00f3 se deu conta do esquecimento quando se sentiu mal e foi pegar o carro para ir no m\u00e9dico.<\/p>\n<p style=\"text-align: justify;\">A m\u00e3e chorou muito, mas consolou o marido, que estava se sentindo culpado.<\/p>\n<p style=\"text-align: center;\">[inf_infusionsoft_inline optin_id=optin_1]<\/p>\n<p style=\"text-align: justify;\">Os pais do beb\u00ea ir\u00e3o prestar depoimento \u00e0 pol\u00edcia. Carlos pode ser indiciado por homic\u00eddio culposo, sem inten\u00e7\u00e3o de matar. Mas ele pode ser beneficiado pelo perd\u00e3o judicial.<\/p>\n<p style=\"text-align: justify;\">&#8220;Quando as conseq\u00fc\u00eancias do fato criminoso atingirem t\u00e3o gravemente o pr\u00f3prio infrator, o juiz pode dispensar a aplica\u00e7\u00e3o da pena, ele n\u00e3o \u00e9 obrigado a aplicar a pena&#8221;, pondera Celso Limongi, presidente do Tribunal de Justi\u00e7a de S\u00e3o Paulo.<\/p>\n<p style=\"text-align: justify;\">Carlos est\u00e1 internado em estado de choque. A m\u00e3e, tamb\u00e9m muito abalada, disse que j\u00e1 perdoou o marido. Tamb\u00e9m comentou que Carlos vinha tendo pesadelos relacionados \u00e0 morte.<\/p>\n<p style=\"text-align: justify;\">Os sonhos podem ter sido uma coincid\u00eancia, mas o mal estar que Carlos teve no dia em que esqueceu o beb\u00ea no carro, n\u00e3o. Segundo os m\u00e9dicos, pode ter sido um aviso do c\u00e9rebro de que ele deixou de fazer algo importante.<\/p>\n<p style=\"text-align: justify;\">&#8220;A percep\u00e7\u00e3o de uma tarefa n\u00e3o executada e que pode levar a graves conseq\u00fc\u00eancias, isso leva o indiv\u00edduo a se sentir muito mal&#8221;, observa o psiquiatra Jair Mari. Os m\u00e9dicos dizem que falhas de mem\u00f3ria s\u00e3o comuns para quem vive em grandes cidades e leva uma vida sobrecarregada.<\/p>\n<p style=\"text-align: justify;\">O esquecimento hoje tem um peso maior do que teve no passado.<\/p>\n<p style=\"text-align: justify;\">Segundo especialistas, h\u00e1 estudos que comprovam que pessoas submetidas a estresse t\u00eam a <a href=\"\/\/renatoalves.com.br\/blog\/lapsos-de-memoria-pau-na-minha-mente\/\">mem\u00f3ria<\/a> de fixa\u00e7\u00e3o, que \u00e9 aquela que armazena as coisas a curto prazo, muito reduzida.<\/p>\n<p style=\"text-align: justify;\">O estresse di\u00e1rio e o ac\u00famulo de fun\u00e7\u00e3o causam desconcentra\u00e7\u00e3o e confus\u00e3o na organiza\u00e7\u00e3o das pequenas tarefas.<\/p>\n<p style=\"text-align: justify;\">Dicas do especialista:<br \/>\nH\u00e1 maneiras de amenizar a correria. \u00c9 necess\u00e1rio fazer pausas, almo\u00e7ar com calma, parar em alguns momentos durante o trabalho, pensar positivo e, fundamentalmente, se planejar e organizar as tarefas de maneira clara e calma.<\/p>\n<p style=\"text-align: justify;\">O bom humor \u00e9 fundamental para uma vida feliz. Exerc\u00edcios f\u00edsicos auxiliam bastante a melhorar o humor.<\/p>\n<p style=\"text-align: justify;\">O psiquiatra aconselha os homens a participarem, a se envolverem mais nos cuidados com os filhos.<\/p>\n<p style=\"text-align: justify;\">Joel Renn\u00f3 Jr \u00e9 autor do livro Depress\u00e3o e menopausa.<\/p>\n<p>Gostou do texto? Voc\u00ea alguma vez j\u00e1 havia se perguntado o quanto \u00e9 comum uma trag\u00e9dia provocada por esquecimentos? Agora sabendo disso espero que voc\u00ea coloque mais aten\u00e7\u00e3o em tudo que fizer, memorizar \u00e9 uma quest\u00e3o de foco!<\/p>\n<p>N\u00e3o esque\u00e7a de deixar seu coment\u00e1rio aqui abaixo e aproveite para conhecer o meu\u00a0<span class=\"s1\"><a href=\"https:\/\/memoriablindada.com.br\" target=\"_blank\" rel=\"noopener noreferrer\">curso\u00a0Mem\u00f3ria Blindada<\/a>\u00a0no treinamento eu ensino\u00a0a\u00a0aplica\u00e7\u00e3o pr\u00e1tica da memoriza\u00e7\u00e3o\u00a0no\u00a0dia a dia.<\/span><\/p>\n<p style=\"text-align: justify;\"><span class=\"s1\">Nas\u00a0videoaulas on-line eu explicado de maneira simples e objetiva, todas as estrat\u00e9gias que utilizo para n\u00e3o esquecer de nada. Definitivamente chega de esquecimentos, \u00e9 sua hora de ter uma mem\u00f3ria mais jovem, forte e confi\u00e1vel<\/span>:<\/p>\n<p class=\"p1\" style=\"text-align: center;\"><a href=\"\/\/renatoalves.com.br\/depoimentos.html\">\u00bb Clique Aqui\u00a0e assista alguns depoimentos de alunos do curso\u00a0\u00ab<\/a><\/p>\n<p class=\"p1\" style=\"text-align: justify;\"><span class=\"s1\">Para que voc\u00ea adquira ainda hoje o curso\u00a0<a href=\"https:\/\/memoriablindada.com.br\" target=\"_blank\" rel=\"noopener noreferrer\">Mem\u00f3ria Blindada<\/a>,\u00a0<\/span>al\u00e9m dos b\u00f4nus eu ainda lhe ofere\u00e7o uma garantia especial.<\/p>\n<p class=\"p1\" style=\"text-align: justify;\">Eu acredito tanto na efici\u00eancia do meu m\u00e9todo que desafio voc\u00ea adquiri-lo. Se em 7 dias, depois de aplicar o m\u00e9todo, voc\u00ea\u00a0 n\u00e3o notar melhoras, eu assumo total responsabilidade e devolverei 100% do seu investimento.<\/p>\n<p class=\"p1\" style=\"text-align: justify;\">\u00c9 isso mesmo, voc\u00ea compra e usa, se no s\u00e9timo dia notar que n\u00e3o fez efeito, entre em contato que lhe devolverei o seu dinheiro! Dessa forma voc\u00ea n\u00e3o corre nenhum risco. O que voc\u00ea acha?\u00a0<a href=\"https:\/\/memoriablindada.com.br\" target=\"_blank\" rel=\"noopener noreferrer\">Clique aqui e saiba mais sobre o treinamento!<\/a><\/p>\n<p style=\"text-align: justify;\"><em><strong>Renato Alves<\/strong>\u00a0\u00e9 escritor, pesquisador e primeiro brasileiro a receber o t\u00edtulo oficial de melhor mem\u00f3ria do Brasil. Autor de um m\u00e9todo patenteado de memoriza\u00e7\u00e3o que ganhou reconhecimento nacional e j\u00e1 est\u00e1 presente em mais de 100 pa\u00edses.<\/em><\/p>\n<p>Quer ter acesso a outras informa\u00e7\u00f5es?\u00a0<a href=\"https:\/\/www.facebook.com\/RenatoAlvesOficial\">Curta e siga a minha fanpage no Facebook<\/a>\u00a0e tamb\u00e9m\u00a0<a href=\"http:\/\/www.youtube.com\/videosmemoria\/videos?sub_confirmation=1\">inscreva-se no meu canal no Youtube.<\/a><\/p>\n<p><a href=\"https:\/\/memoriablindada.com.br\"><img fetchpriority=\"high\" decoding=\"async\" class=\"alignnone wp-image-2519 size-full\" src=\"\/\/renatoalves.com.br\/blog\/wp-content\/uploads\/2015\/02\/banner_MB.jpg\" alt=\"Curso Mem\u00f3ria Blindada\" width=\"3002\" height=\"353\" srcset=\"https:\/\/renatoalves.com.br\/blog\/wp-content\/uploads\/2015\/02\/banner_MB.jpg 2560w, https:\/\/renatoalves.com.br\/blog\/wp-content\/uploads\/2015\/02\/banner_MB-300x35.jpg 300w, https:\/\/renatoalves.com.br\/blog\/wp-content\/uploads\/2015\/02\/banner_MB-768x90.jpg 768w, https:\/\/renatoalves.com.br\/blog\/wp-content\/uploads\/2015\/02\/banner_MB-1024x120.jpg 1024w\" sizes=\"(max-width: 3002px) 100vw, 3002px\" \/><\/a><\/p>\n","protected":false},"excerpt":{"rendered":"<p>Beb\u00ea foi esquecido pelo pai dentro do carro e acabou morrendo chocou o pa\u00eds.<br \/>\nO pequeno Andr\u00e9 n\u00e3o resistiu \u00e0s queimaduras e morreu desidratado, ap\u00f3s permanecer cinco horas dentro de um carro. <\/p>\n","protected":false},"author":24,"featured_media":4412,"comment_status":"open","ping_status":"open","sticky":false,"template":"","format":"standard","meta":{"footnotes":""},"categories":[264],"tags":[41,145,56,44,45,46,212,98,296,153,139,6,43,29,42,47],"class_list":["post-480","post","type-post","status-publish","format-standard","has-post-thumbnail","hentry","category-saude-e-qualidade-de-vida","tag-alzheimer","tag-boa-memoria","tag-branco-na-memoria","tag-concentracao","tag-curso-de-memorizacao","tag-curso-de-memorizacao-online","tag-curso-memoria-blindada","tag-curso-online-renato-alves","tag-depressao","tag-esquecimento","tag-estresse","tag-evitar-esquecimentos","tag-foco","tag-memoria","tag-memorizacao","tag-remedio-para-memoria"],"_links":{"self":[{"href":"https:\/\/renatoalves.com.br\/blog\/wp-json\/wp\/v2\/posts\/480","targetHints":{"allow":["GET"]}}],"collection":[{"href":"https:\/\/renatoalves.com.br\/blog\/wp-json\/wp\/v2\/posts"}],"about":[{"href":"https:\/\/renatoalves.com.br\/blog\/wp-json\/wp\/v2\/types\/post"}],"author":[{"embeddable":true,"href":"https:\/\/renatoalves.com.br\/blog\/wp-json\/wp\/v2\/users\/24"}],"replies":[{"embeddable":true,"href":"https:\/\/renatoalves.com.br\/blog\/wp-json\/wp\/v2\/comments?post=480"}],"version-history":[{"count":2,"href":"https:\/\/renatoalves.com.br\/blog\/wp-json\/wp\/v2\/posts\/480\/revisions"}],"predecessor-version":[{"id":6893,"href":"https:\/\/renatoalves.com.br\/blog\/wp-json\/wp\/v2\/posts\/480\/revisions\/6893"}],"wp:featuredmedia":[{"embeddable":true,"href":"https:\/\/renatoalves.com.br\/blog\/wp-json\/wp\/v2\/media\/4412"}],"wp:attachment":[{"href":"https:\/\/renatoalves.com.br\/blog\/wp-json\/wp\/v2\/media?parent=480"}],"wp:term":[{"taxonomy":"category","embeddable":true,"href":"https:\/\/renatoalves.com.br\/blog\/wp-json\/wp\/v2\/categories?post=480"},{"taxonomy":"post_tag","embeddable":true,"href":"https:\/\/renatoalves.com.br\/blog\/wp-json\/wp\/v2\/tags?post=480"}],"curies":[{"name":"wp","href":"https:\/\/api.w.org\/{rel}","templated":true}]}}