{"id":483,"date":"2012-02-02T14:31:55","date_gmt":"2012-02-02T17:31:55","guid":{"rendered":"http:\/\/www.renatoalves.com.br\/blog\/?p=483"},"modified":"2020-11-20T10:45:27","modified_gmt":"2020-11-20T13:45:27","slug":"inicio-de-ano-sobrecarrega-a-memoria-humana","status":"publish","type":"post","link":"https:\/\/renatoalves.com.br\/blog\/inicio-de-ano-sobrecarrega-a-memoria-humana\/","title":{"rendered":"In\u00edcio de ano sobrecarrega a mem\u00f3ria humana"},"content":{"rendered":"<p style=\"text-align: justify;\">\u00c9 grande a press\u00e3o sofrida pelo sistema emocional nos meses de janeiro, fevereiro e mar\u00e7o, nesse contexto, tudo isso naturalmente sobrecarrega a mem\u00f3ria humana, de n\u00f3s pobres mortais. \u00c9 nesta \u00e9poca que algumas pessoas apresentam sintomas como brancos na mem\u00f3ria, dificuldade de foco e concentra\u00e7\u00e3o.<\/p>\n<p style=\"text-align: justify;\">Com o t\u00e9rmino do descanso de final de ano chega a hora do trabalho. O pacote de janeiro inclui as metas desafiadoras que elaboramos como arrumar um bom emprego, comprar um im\u00f3vel, abrir um neg\u00f3cio, passar num concurso, fazer uma viagem ao exterior e de b\u00f4nus as contas do final do ano, os impostos, a matr\u00edcula dos filhos, \u00e0 volta as aulas, enfim, atividades que passam a consumir demasiada energia mental sobrecarregando os mecanismos de mem\u00f3ria e concentra\u00e7\u00e3o.<\/p>\n<p style=\"text-align: justify;\">Pense na quantidade de coisas que voc\u00ea precisa administrar com um \u00fanico c\u00e9rebro:<\/p>\n<p style=\"text-align: justify;\">1. Esfera Pessoal<br \/>\n2. Profissional<br \/>\n3. Acad\u00eamica<br \/>\n4. Financeira<br \/>\n5. Familiar<br \/>\n6. Afetiva<br \/>\n7. Religiosa<br \/>\n8. Sexual<br \/>\n9. Social<br \/>\n10. Esportiva<br \/>\n11. Musical (m\u00fasicas internas tocando ininterruptamente)<br \/>\n12. Televisiva (acompanhar cap\u00edtulos de s\u00e9ries televisivas)<br \/>\n13. Redes sociais (Administrar Facebook, Orkut, Twitter, Fazendinha).<br \/>\n14. Lazer<\/p>\n<p style=\"text-align: justify;\">Segundo a neuroci\u00eancia, o volume de informa\u00e7\u00f5es que o c\u00e9rebro humano processa diariamente ultrapassa dois milh\u00f5es. Quem n\u00e3o se prepara para lidar com esta montanha de dados sente a mente girar como um liquidificador que mistura pensamentos e produz confus\u00e3o.<\/p>\n<p style=\"text-align: center;\">[inf_infusionsoft_inline optin_id=optin_1]<\/p>\n<p style=\"text-align: justify;\">Acordar pensando no trabalho. Trabalhar pensando na fam\u00edlia. Com a fam\u00edlia pensar na religi\u00e3o. Na igreja pensar no namoro. Namorando, pensar nos estudos. Enfim, com um desequil\u00edbrio na administra\u00e7\u00e3o dos pensamentos a paralisia e a baixa produtividade n\u00e3o tardam aparecer.<\/p>\n<p style=\"text-align: justify;\">Eu aprendi que in\u00edcio de ano \u00e9 \u00e9poca boa para silenciar a mente. Albert Einstein dizia que \u201cn\u00e3o podemos resolver os problemas com o mesmo n\u00edvel de consci\u00eancia que os criou\u201d. Ent\u00e3o notei que era preciso respirar fundo e esvaziar a mente.<\/p>\n<p style=\"text-align: justify;\">Que devemos refletir ao inv\u00e9s de reagir, pensar antes de responder, aprender a dizer n\u00e3o a certos convites que a vida nos faz. Buscar a paz mental para que os solos da mem\u00f3ria possam receber boas sementes, que bem cultivadas dar\u00e3o bons frutos. Os frutos dos nossos sonhos!<\/p>\n<p>Gostou do artigo? N\u00e3o esque\u00e7a de deixar seu coment\u00e1rio aqui abaixo e aproveite para conhecer o meu\u00a0<span class=\"s1\">curso\u00a0<a href=\"https:\/\/memoriablindada.com.br\">Mem\u00f3ria Blindada<\/a>\u00a0no treinamento eu ensino\u00a0a\u00a0aplica\u00e7\u00e3o pr\u00e1tica da memoriza\u00e7\u00e3o para o\u00a0dia a dia.<\/span><\/p>\n<p style=\"text-align: justify;\"><span class=\"s1\">Nas\u00a0videoaulas on-line eu explico de maneira simples e objetiva, todas as estrat\u00e9gias que utilizo para n\u00e3o esquecer de nada. O curso por ser on-line, pode ser visto no celular, tablet, smart tv ou outro dispositivo com acesso a internet e um navegador.\u00a0<\/span><\/p>\n<p class=\"p1\" style=\"text-align: center;\"><a href=\"\/\/renatoalves.com.br\/depoimentos.html\">\u00bb Clique Aqui\u00a0e assista alguns depoimentos de alunos do curso\u00a0\u00ab<\/a><\/p>\n<p class=\"p1\" style=\"text-align: justify;\"><span class=\"s1\">Para que voc\u00ea adquira ainda hoje o <a href=\"https:\/\/memoriablindada.com.br\">curso\u00a0Mem\u00f3ria Blindada<\/a>, e<\/span>u lhe ofere\u00e7o um incentivo especial. Al\u00e9m dos b\u00f4nus!<\/p>\n<p class=\"p1\" style=\"text-align: justify;\">Se em 7 dias, depois de aplicar o m\u00e9todo, voc\u00ea\u00a0 n\u00e3o notar melhoras, eu assumo total responsabilidade e devolverei 100% do seu investimento.\u00a0Dessa forma voc\u00ea n\u00e3o corre nenhum risco.<\/p>\n<p class=\"p1\" style=\"text-align: justify;\"><span class=\"s1\">Definitivamente \u00e9 sua hora de ter uma mem\u00f3ria mais jovem, forte e confi\u00e1vel!\u00a0<\/span>O que voc\u00ea acha?\u00a0<a href=\"https:\/\/memoriablindada.com.br\">Clique aqui e tenha mais informa\u00e7\u00f5es!<\/a><\/p>\n<p style=\"text-align: justify;\"><em><strong>Renato Alves<\/strong>\u00a0\u00e9 escritor, pesquisador e primeiro brasileiro a receber o t\u00edtulo oficial de melhor mem\u00f3ria do Brasil. Autor de um m\u00e9todo patenteado de memoriza\u00e7\u00e3o que ganhou reconhecimento nacional e j\u00e1 est\u00e1 presente em mais de 100 pa\u00edses.<\/em><\/p>\n<p>Quer ter acesso a outras informa\u00e7\u00f5es?\u00a0<a href=\"https:\/\/www.facebook.com\/RenatoAlvesOficial\">Curta e siga a minha fanpage no Facebook<\/a>\u00a0e tamb\u00e9m\u00a0<a href=\"http:\/\/www.youtube.com\/videosmemoria\/videos?sub_confirmation=1\">inscreva-se no meu canal no Youtube!<\/a><\/p>\n<p><a href=\"https:\/\/memoriablindada.com.br\"><img fetchpriority=\"high\" decoding=\"async\" class=\"alignnone wp-image-2519 size-full\" src=\"\/\/renatoalves.com.br\/blog\/wp-content\/uploads\/2015\/02\/banner_MB.jpg\" alt=\"Curso Mem\u00f3ria Blindada\" width=\"3002\" height=\"353\" srcset=\"https:\/\/renatoalves.com.br\/blog\/wp-content\/uploads\/2015\/02\/banner_MB.jpg 2560w, https:\/\/renatoalves.com.br\/blog\/wp-content\/uploads\/2015\/02\/banner_MB-300x35.jpg 300w, https:\/\/renatoalves.com.br\/blog\/wp-content\/uploads\/2015\/02\/banner_MB-768x90.jpg 768w, https:\/\/renatoalves.com.br\/blog\/wp-content\/uploads\/2015\/02\/banner_MB-1024x120.jpg 1024w\" sizes=\"(max-width: 3002px) 100vw, 3002px\" \/><\/a><\/p>\n","protected":false},"excerpt":{"rendered":"<p>\u00c9 grande a press\u00e3o sofrida pelo sistema emocional nos meses de janeiro, fevereiro e mar\u00e7o, nesse contexto, tudo isso naturalmente sobrecarrega a mem\u00f3ria humana, de n\u00f3s pobres mortais. \u00c9 nesta \u00e9poca que algumas pessoas apresentam sintomas como brancos na mem\u00f3ria, dificuldade de foco e concentra\u00e7\u00e3o. Com o t\u00e9rmino do descanso de final de ano chega [&hellip;]<\/p>\n","protected":false},"author":24,"featured_media":2713,"comment_status":"open","ping_status":"open","sticky":false,"template":"","format":"standard","meta":{"footnotes":""},"categories":[262],"tags":[41,145,56,66,44,45,46,212,98,43,29,42,47],"class_list":["post-483","post","type-post","status-publish","format-standard","has-post-thumbnail","hentry","category-estudo-e-desenvolvimento","tag-alzheimer","tag-boa-memoria","tag-branco-na-memoria","tag-como-estudar-para-o-enem","tag-concentracao","tag-curso-de-memorizacao","tag-curso-de-memorizacao-online","tag-curso-memoria-blindada","tag-curso-online-renato-alves","tag-foco","tag-memoria","tag-memorizacao","tag-remedio-para-memoria"],"_links":{"self":[{"href":"https:\/\/renatoalves.com.br\/blog\/wp-json\/wp\/v2\/posts\/483","targetHints":{"allow":["GET"]}}],"collection":[{"href":"https:\/\/renatoalves.com.br\/blog\/wp-json\/wp\/v2\/posts"}],"about":[{"href":"https:\/\/renatoalves.com.br\/blog\/wp-json\/wp\/v2\/types\/post"}],"author":[{"embeddable":true,"href":"https:\/\/renatoalves.com.br\/blog\/wp-json\/wp\/v2\/users\/24"}],"replies":[{"embeddable":true,"href":"https:\/\/renatoalves.com.br\/blog\/wp-json\/wp\/v2\/comments?post=483"}],"version-history":[{"count":2,"href":"https:\/\/renatoalves.com.br\/blog\/wp-json\/wp\/v2\/posts\/483\/revisions"}],"predecessor-version":[{"id":6889,"href":"https:\/\/renatoalves.com.br\/blog\/wp-json\/wp\/v2\/posts\/483\/revisions\/6889"}],"wp:featuredmedia":[{"embeddable":true,"href":"https:\/\/renatoalves.com.br\/blog\/wp-json\/wp\/v2\/media\/2713"}],"wp:attachment":[{"href":"https:\/\/renatoalves.com.br\/blog\/wp-json\/wp\/v2\/media?parent=483"}],"wp:term":[{"taxonomy":"category","embeddable":true,"href":"https:\/\/renatoalves.com.br\/blog\/wp-json\/wp\/v2\/categories?post=483"},{"taxonomy":"post_tag","embeddable":true,"href":"https:\/\/renatoalves.com.br\/blog\/wp-json\/wp\/v2\/tags?post=483"}],"curies":[{"name":"wp","href":"https:\/\/api.w.org\/{rel}","templated":true}]}}