{"id":5266,"date":"2025-08-12T17:20:00","date_gmt":"2025-08-12T20:20:00","guid":{"rendered":"https:\/\/renatoalves.com.br\/blog\/?p=5266"},"modified":"2025-08-12T08:55:58","modified_gmt":"2025-08-12T11:55:58","slug":"desemprego-16-mil-vagas-de-emprego","status":"publish","type":"post","link":"https:\/\/renatoalves.com.br\/blog\/desemprego-16-mil-vagas-de-emprego\/","title":{"rendered":"Desemprego! S\u00e3o 16 mil vagas de emprego com sal\u00e1rios at\u00e9 R$ 24 mil"},"content":{"rendered":"\n<p>Voc\u00ea sabia que <strong>mais de 28% dos jovens brasileiros entre 18 e 24 anos est\u00e3o desempregados<\/strong>?<br>Esse n\u00famero, divulgado pelo IBGE, \u00e9 assustador \u2014 nunca as vagas foram t\u00e3o disputadas.<br>E o pior: isso acontece justamente na fase mais produtiva da vida.<\/p>\n\n\n\n<p>Mas e se eu te disser que, em meio a esse cen\u00e1rio dif\u00edcil, existe uma chance de virar o jogo usando aquilo que voc\u00ea mais tem agora:<a href=\"https:\/\/renatoalves.com.br\/blog\/produtividade-relacionada-a-escolhas\/\" target=\"_blank\" rel=\"noreferrer noopener\"> <strong>tempo<\/strong><\/a>?<\/p>\n\n\n\n<figure class=\"wp-block-image size-large\"><a href=\"https:\/\/memoriablindada.com.br\/\"><img fetchpriority=\"high\" decoding=\"async\" width=\"1024\" height=\"120\" src=\"https:\/\/renatoalves.com.br\/blog\/wp-content\/uploads\/2014\/09\/MEMORIA-BLINDADA-BANNER-BLOG-RENATO-ALVES-1024x120.png\" alt=\"banner mem\u00f3ria blindada\" class=\"wp-image-10107\" srcset=\"https:\/\/renatoalves.com.br\/blog\/wp-content\/uploads\/2014\/09\/MEMORIA-BLINDADA-BANNER-BLOG-RENATO-ALVES-1024x120.png 1024w, https:\/\/renatoalves.com.br\/blog\/wp-content\/uploads\/2014\/09\/MEMORIA-BLINDADA-BANNER-BLOG-RENATO-ALVES-300x35.png 300w, https:\/\/renatoalves.com.br\/blog\/wp-content\/uploads\/2014\/09\/MEMORIA-BLINDADA-BANNER-BLOG-RENATO-ALVES-768x90.png 768w, https:\/\/renatoalves.com.br\/blog\/wp-content\/uploads\/2014\/09\/MEMORIA-BLINDADA-BANNER-BLOG-RENATO-ALVES-1536x181.png 1536w, https:\/\/renatoalves.com.br\/blog\/wp-content\/uploads\/2014\/09\/MEMORIA-BLINDADA-BANNER-BLOG-RENATO-ALVES.png 1700w\" sizes=\"(max-width: 1024px) 100vw, 1024px\" \/><\/a><\/figure>\n\n\n\n<h2 class=\"wp-block-heading\">Como transformar o desemprego em vantagem competitiva?<\/h2>\n\n\n\n<p>Estar desempregado \u00e9 doloroso. Voc\u00ea sente que tem energia para mudar o mundo, mas n\u00e3o encontra onde canalizar essa for\u00e7a.<br>Por outro lado, esse momento pode ser a sua porta de entrada para <strong>estudar e conquistar uma vaga em concurso p\u00fablico<\/strong>.<\/p>\n\n\n\n<p>Quando eu fiquei desempregado aos 26 anos, minha primeira rea\u00e7\u00e3o foi o p\u00e2nico. Fiz contatos, entreguei curr\u00edculos\u2026 nada acontecia. At\u00e9 que percebi: tinha um bem precioso nas m\u00e3os \u2014 <strong>horas livres<\/strong>.<\/p>\n\n\n\n<p>Foi nessa fase que descobri minha paix\u00e3o por escrever. Resultado? Um romance com <strong>389 p\u00e1ginas<\/strong>, depois mais <strong>oito livros publicados<\/strong> e <strong>cinco best-sellers<\/strong>.<\/p>\n\n\n\n<p>E o mesmo vale para concursos: <strong>quem tem tempo livre sai na frente<\/strong>.<\/p>\n\n\n\n<h2 class=\"wp-block-heading\">Por que o tempo \u00e9 o seu maior aliado para passar em concursos?<\/h2>\n\n\n\n<p>Muita gente que estuda para concurso esbarra em dois problemas: <strong>falta de tempo<\/strong> e <strong>dificuldade de memoriza\u00e7\u00e3o<\/strong>. Voc\u00ea, sem emprego fixo, j\u00e1 tem a vantagem de poder se dedicar mais horas por dia.<\/p>\n\n\n\n<p>Segundo levantamento do UOL, <strong>existem hoje mais de 16 mil vagas abertas em concursos p\u00fablicos no Brasil<\/strong>, para diferentes \u00e1reas e n\u00edveis de escolaridade. As oportunidades est\u00e3o a\u00ed, s\u00f3 esperando quem esteja preparado.<\/p>\n\n\n\n<p>Mas por onde come\u00e7ar?<\/p>\n\n\n\n<h2 class=\"wp-block-heading\">Passo 1 \u2013 Escolha o concurso certo para voc\u00ea<\/h2>\n\n\n\n<p>Antes de sair estudando tudo, defina a \u00e1rea e o cargo que deseja. Pode ser desde fun\u00e7\u00f5es administrativas at\u00e9 concursos de alto escal\u00e3o. O importante \u00e9 <strong>ter foco<\/strong>.<\/p>\n\n\n\n<h2 class=\"wp-block-heading\">Passo 2 \u2013 Monte um plano de estudos inteligente<\/h2>\n\n\n\n<p>Com mais tempo dispon\u00edvel, \u00e9 poss\u00edvel criar um <strong>cronograma personalizado<\/strong> e manter uma rotina constante.<br>Quanto mais dedica\u00e7\u00e3o, mais r\u00e1pido voc\u00ea deixar\u00e1 as estat\u00edsticas do desemprego para tr\u00e1s.<\/p>\n\n\n\n<h2 class=\"wp-block-heading\">Passo 3 \u2013 Invista na sua mem\u00f3ria<\/h2>\n\n\n\n<p>N\u00e3o adianta estudar horas se no dia da prova n\u00e3o lembrar de nada. T\u00e9cnicas de memoriza\u00e7\u00e3o podem fazer toda a diferen\u00e7a.<br>Conhe\u00e7o pessoas que conseguiram aprova\u00e7\u00e3o em menos de dois meses aplicando m\u00e9todos corretos.<\/p>\n\n\n\n<p>Um exemplo? Um bacharel em direito que, usando t\u00e9cnicas de estudo e aproveitando o tempo livre, passou na OAB em apenas 60 dias.<\/p>\n\n\n\n<figure class=\"wp-block-image size-large\"><a href=\"https:\/\/memoriablindada.com.br\/\"><img fetchpriority=\"high\" decoding=\"async\" width=\"1024\" height=\"120\" src=\"https:\/\/renatoalves.com.br\/blog\/wp-content\/uploads\/2014\/09\/MEMORIA-BLINDADA-BANNER-BLOG-RENATO-ALVES-1024x120.png\" alt=\"banner mem\u00f3ria blindada\" class=\"wp-image-10107\" srcset=\"https:\/\/renatoalves.com.br\/blog\/wp-content\/uploads\/2014\/09\/MEMORIA-BLINDADA-BANNER-BLOG-RENATO-ALVES-1024x120.png 1024w, https:\/\/renatoalves.com.br\/blog\/wp-content\/uploads\/2014\/09\/MEMORIA-BLINDADA-BANNER-BLOG-RENATO-ALVES-300x35.png 300w, https:\/\/renatoalves.com.br\/blog\/wp-content\/uploads\/2014\/09\/MEMORIA-BLINDADA-BANNER-BLOG-RENATO-ALVES-768x90.png 768w, https:\/\/renatoalves.com.br\/blog\/wp-content\/uploads\/2014\/09\/MEMORIA-BLINDADA-BANNER-BLOG-RENATO-ALVES-1536x181.png 1536w, https:\/\/renatoalves.com.br\/blog\/wp-content\/uploads\/2014\/09\/MEMORIA-BLINDADA-BANNER-BLOG-RENATO-ALVES.png 1700w\" sizes=\"(max-width: 1024px) 100vw, 1024px\" \/><\/a><\/figure>\n\n\n\n<h2 class=\"wp-block-heading\">O desemprego n\u00e3o precisa ser o fim da linha<\/h2>\n\n\n\n<p>Se voc\u00ea est\u00e1 desempregado, j\u00e1 tem o primeiro recurso necess\u00e1rio: <strong>tempo<\/strong>.<br>Agora, basta unir isso a<a href=\"https:\/\/renatoalves.com.br\/blog\/feira-do-livro-memorizacao-leitura-infantil\/\" target=\"_blank\" rel=\"noreferrer noopener\"> <strong>estrat\u00e9gia<\/strong> e <strong>persist\u00eancia<\/strong><\/a> para transformar sua vida.<\/p>\n\n\n\n<p>E se quiser acelerar esse processo, buscar orienta\u00e7\u00e3o com quem j\u00e1 passou por isso pode ser um diferencial enorme.<\/p>\n\n\n\n<p>O desemprego \u00e9 um desafio, mas tamb\u00e9m pode ser a chance de construir um novo caminho. Use seu tempo para estudar, se preparar e conquistar estabilidade atrav\u00e9s de um concurso p\u00fablico.<\/p>\n\n\n\n<h2 class=\"wp-block-heading\">Veja tamb\u00e9m:<\/h2>\n\n\n\n<figure class=\"wp-block-embed is-type-rich is-provider-incorporar-manipulador wp-block-embed-incorporar-manipulador wp-embed-aspect-16-9 wp-has-aspect-ratio\"><div class=\"wp-block-embed__wrapper\">\n<iframe title=\"O Melhor REM\u00c9DIO Natural para Mem\u00f3ria e Foco (N\u00e3o \u00c9 o Que Voc\u00ea Pensa)\" width=\"800\" height=\"450\" src=\"https:\/\/www.youtube.com\/embed\/-2L0qE-M7bo?feature=oembed\" frameborder=\"0\" allow=\"accelerometer; autoplay; clipboard-write; encrypted-media; gyroscope; picture-in-picture; web-share\" referrerpolicy=\"strict-origin-when-cross-origin\" allowfullscreen><\/iframe>\n<\/div><\/figure>\n\n\n\n<p><\/p>\n","protected":false},"excerpt":{"rendered":"<p>Voc\u00ea sabia que mais de 28% dos jovens brasileiros entre 18 e 24 anos est\u00e3o desempregados?Esse n\u00famero, divulgado pelo IBGE, \u00e9 assustador \u2014 nunca as vagas foram t\u00e3o disputadas.E o pior: isso acontece justamente na fase mais produtiva da vida. Mas e se eu te disser que, em meio a esse cen\u00e1rio dif\u00edcil, existe uma [&hellip;]<\/p>\n","protected":false},"author":10,"featured_media":5274,"comment_status":"open","ping_status":"open","sticky":false,"template":"","format":"standard","meta":{"footnotes":""},"categories":[262],"tags":[60,65,66,84,75,112,46,86,98,68,97,377,67,379,378],"class_list":["post-5266","post","type-post","status-publish","format-standard","has-post-thumbnail","hentry","category-estudo-e-desenvolvimento","tag-como-estudar","tag-como-estudar-para-concurso","tag-como-estudar-para-o-enem","tag-como-fazer-um-plano-de-estudo","tag-como-passar-em-concurso","tag-concurso-publico","tag-curso-de-memorizacao-online","tag-curso-estudo-e-memorizacao","tag-curso-online-renato-alves","tag-curso-renato-alves","tag-cursos-para-a-memoria","tag-desemprego","tag-dicas-de-memorizacao","tag-situacao-de-desemprego","tag-vagas-de-emprego"],"_links":{"self":[{"href":"https:\/\/renatoalves.com.br\/blog\/wp-json\/wp\/v2\/posts\/5266","targetHints":{"allow":["GET"]}}],"collection":[{"href":"https:\/\/renatoalves.com.br\/blog\/wp-json\/wp\/v2\/posts"}],"about":[{"href":"https:\/\/renatoalves.com.br\/blog\/wp-json\/wp\/v2\/types\/post"}],"author":[{"embeddable":true,"href":"https:\/\/renatoalves.com.br\/blog\/wp-json\/wp\/v2\/users\/10"}],"replies":[{"embeddable":true,"href":"https:\/\/renatoalves.com.br\/blog\/wp-json\/wp\/v2\/comments?post=5266"}],"version-history":[{"count":5,"href":"https:\/\/renatoalves.com.br\/blog\/wp-json\/wp\/v2\/posts\/5266\/revisions"}],"predecessor-version":[{"id":10505,"href":"https:\/\/renatoalves.com.br\/blog\/wp-json\/wp\/v2\/posts\/5266\/revisions\/10505"}],"wp:featuredmedia":[{"embeddable":true,"href":"https:\/\/renatoalves.com.br\/blog\/wp-json\/wp\/v2\/media\/5274"}],"wp:attachment":[{"href":"https:\/\/renatoalves.com.br\/blog\/wp-json\/wp\/v2\/media?parent=5266"}],"wp:term":[{"taxonomy":"category","embeddable":true,"href":"https:\/\/renatoalves.com.br\/blog\/wp-json\/wp\/v2\/categories?post=5266"},{"taxonomy":"post_tag","embeddable":true,"href":"https:\/\/renatoalves.com.br\/blog\/wp-json\/wp\/v2\/tags?post=5266"}],"curies":[{"name":"wp","href":"https:\/\/api.w.org\/{rel}","templated":true}]}}