{"id":537,"date":"2012-11-07T07:35:50","date_gmt":"2012-11-07T10:35:50","guid":{"rendered":"http:\/\/www.renatoalves.com.br\/blog\/?p=537"},"modified":"2023-07-18T18:25:47","modified_gmt":"2023-07-18T21:25:47","slug":"melhor-remedio-memoria","status":"publish","type":"post","link":"https:\/\/renatoalves.com.br\/blog\/melhor-remedio-memoria\/","title":{"rendered":"Qual \u00e9 o melhor rem\u00e9dio para a mem\u00f3ria?"},"content":{"rendered":"\n<p><span style=\"font-weight: 400;\">Quando se trata de aprimorar a mem\u00f3ria, muitas pessoas se perguntam qual seria o melhor rem\u00e9dio dispon\u00edvel. No entanto, \u00e9 importante entender que n\u00e3o h\u00e1 uma resposta simples.&nbsp;<\/span><\/p>\n\n\n\n<p><span style=\"font-weight: 400;\">Embora existam medicamentos no mercado que afirmam melhorar a mem\u00f3ria, \u00e9 essencial considerar uma abordagem abrangente, envolvendo estilo de vida saud\u00e1vel e estrat\u00e9gias de treinamento cognitivo.&nbsp;<\/span><\/p>\n\n\n\n<p><span style=\"font-weight: 400;\">Neste contexto, exploraremos diferentes aspectos relacionados ao aprimoramento da mem\u00f3ria, considerando n\u00e3o apenas medicamentos, mas tamb\u00e9m outras medidas importantes.<\/span><\/p>\n\n\n\n<h2 class=\"wp-block-heading\"><span style=\"font-weight: 400;\">Como os rem\u00e9dios para mem\u00f3ria atuam no c\u00e9rebro?<\/span><\/h2>\n\n\n\n<p><span style=\"font-weight: 400;\">Os rem\u00e9dios para mem\u00f3ria, conhecidos como nootr\u00f3picos, atuam de diferentes maneiras no c\u00e9rebro. Alguns aumentam o fluxo sangu\u00edneo cerebral, fornecendo mais oxig\u00eanio e nutrientes para as c\u00e9lulas cerebrais.&nbsp;<\/span><\/p>\n\n\n\n<p><span style=\"font-weight: 400;\">Outros estimulam neurotransmissores, como a acetilcolina, dopamina e serotonina, melhorando a comunica\u00e7\u00e3o entre as c\u00e9lulas. Al\u00e9m disso, eles podem modular receptores neuronais e aumentar a plasticidade sin\u00e1ptica, facilitando a forma\u00e7\u00e3o de mem\u00f3rias.&nbsp;<\/span><\/p>\n\n\n\n<p><span style=\"font-weight: 400;\">No entanto, \u00e9 importante lembrar que esses medicamentos devem ser prescritos por profissionais de sa\u00fade, e seu uso inadequado pode ser prejudicial. Um estilo de vida saud\u00e1vel tamb\u00e9m \u00e9 essencial para uma boa mem\u00f3ria.<\/span><\/p>\n\n\n\n<h2 class=\"wp-block-heading\"><span style=\"font-weight: 400;\">Por que as pessoas buscam rem\u00e9dio para a mem\u00f3ria?<\/span><\/h2>\n\n\n\n<p><span style=\"font-weight: 400;\">Existe uma alta busca de pessoas por um rem\u00e9dio para mem\u00f3ria. Muitos s\u00e3o jovens, profissionais ativos, com a mem\u00f3ria saud\u00e1vel, mas que recorrem a bebidas energ\u00e9ticas e estimulantes como cafe\u00edna, ginseng, p\u00f3 de guaran\u00e1 e at\u00e9 ritalina com o objetivo de aumentar o desempenho da mem\u00f3ria e conseguirem lidar com excesso de informa\u00e7\u00e3o.<\/span><\/p>\n\n\n\n<p><span style=\"font-weight: 400;\">H\u00e1 tamb\u00e9m um grupo de pessoas que desejam drogas ou tratamentos para evitar esquecimentos, o tal rem\u00e9dio para mem\u00f3ria. Como n\u00e3o existe uma p\u00edlula que fa\u00e7a lembrar, por exemplo, do hor\u00e1rio de uma reuni\u00e3o ou que hoje \u00e9 o dia de levar os filhos na escola, essas pessoas investem muito dinheiro em aparelhos eletr\u00f4nicos.<\/span><\/p>\n\n\n\n<h2 class=\"wp-block-heading\"><span style=\"font-weight: 400;\">Como a tecnologia prejudica a mem\u00f3ria?<\/span><\/h2>\n\n\n\n<p><span style=\"font-weight: 400;\">Sim, as maravilhas eletr\u00f4nicas nos permitem lembrar de compromissos e tarefas, possibilitam conectarmos softwares de sincroniza\u00e7\u00e3o de dados e acessar informa\u00e7\u00f5es pessoais de qualquer dispositivo, em qualquer parte do planeta.&nbsp; Mas, os principais males da confian\u00e7a exagerada na tecnologia s\u00e3o:<\/span><\/p>\n\n\n\n<ul class=\"wp-block-list\">\n<li><span style=\"font-weight: 400;\">Depend\u00eancia \u2014 diminui\u00e7\u00e3o do esfor\u00e7o para memorizar e reter informa\u00e7\u00f5es, uma vez que sabemos que podemos recuper\u00e1-las facilmente quando necess\u00e1rio.<\/span><\/li>\n\n\n\n<li><span style=\"font-weight: 400;\">Sobrecarga de informa\u00e7\u00f5es \u2014 nosso c\u00e9rebro n\u00e3o consegue processar e reter tudo o que encontramos. Por isso, temos dificuldade em lembrar de informa\u00e7\u00f5es espec\u00edficas, mesmo que tenhamos acesso a elas atrav\u00e9s da tecnologia.<\/span><\/li>\n\n\n\n<li><span style=\"font-weight: 400;\">Multitarefa constante \u2014 o uso simult\u00e2neo de v\u00e1rias tecnologias, como assistir TV enquanto verifica as redes sociais no smartphone, pode prejudicar a capacidade de concentra\u00e7\u00e3o e foco.<\/span><\/li>\n\n\n\n<li><span style=\"font-weight: 400;\">Terceiriza\u00e7\u00e3o da mem\u00f3ria \u2014 ao usar aplicativos de lembretes ou calend\u00e1rios eletr\u00f4nicos, podemos confiar nesses recursos em vez de confiar na nossa mem\u00f3ria. Isso leva a uma redu\u00e7\u00e3o no exerc\u00edcio da mem\u00f3ria e na capacidade de lembrar informa\u00e7\u00f5es sem o aux\u00edlio da tecnologia.<\/span><\/li>\n<\/ul>\n\n\n\n<p><span style=\"font-weight: 400;\">Portanto, o ideal \u00e9 treinar sua mente, por meio de um curso para melhorar a mem\u00f3ria, como o \u201c<\/span><a href=\"https:\/\/renatoalves.com.br\/curso-memoria-blindada\/\" target=\"_blank\" rel=\"noreferrer noopener nofollow\"><span style=\"font-weight: 400;\">Mem\u00f3ria Blindada<\/span><\/a><span style=\"font-weight: 400;\">\u201d, criada pelo Renato Alves, com base em sua ampla experi\u00eancia na \u00e1rea de memoriza\u00e7\u00e3o e estudos.<\/span><\/p>\n\n\n\n<h2 class=\"wp-block-heading\"><span style=\"font-weight: 400;\">Qual \u00e9 o melhor rem\u00e9dio para a mem\u00f3ria?<\/span><\/h2>\n\n\n\n<p><span style=\"font-weight: 400;\">Embora existam medicamentos dispon\u00edveis, \u00e9 importante ressaltar que n\u00e3o h\u00e1 um \u201cmelhor\u201d rem\u00e9dio para a mem\u00f3ria. Cada pessoa \u00e9 \u00fanica, e o que funciona para uma pode n\u00e3o funcionar da mesma forma para outra. Al\u00e9m disso, geralmente requerem prescri\u00e7\u00e3o m\u00e9dica e podem ter efeitos colaterais.<\/span><\/p>\n\n\n\n<p><span style=\"font-weight: 400;\">Por isso, as alternativas mais interessantes para quem deseja melhorar a mem\u00f3ria sem uso desse tipo de droga s\u00e3o:<\/span><\/p>\n\n\n\n<ul class=\"wp-block-list\">\n<li><span style=\"font-weight: 400;\">Treinamento da mem\u00f3ria \u2014 engajar-se em atividades que exercitem a mem\u00f3ria, como quebra-cabe\u00e7as, jogos de mem\u00f3ria e aprendizado cont\u00ednuo.<\/span><\/li>\n\n\n\n<li><span style=\"font-weight: 400;\">Alimenta\u00e7\u00e3o saud\u00e1vel \u2014 seguir uma dieta equilibrada e rica em nutrientes essenciais, como \u00e1cidos graxos \u00f4mega-3, vitaminas do complexo B, vitamina E e antioxidantes.<\/span><\/li>\n\n\n\n<li><span style=\"font-weight: 400;\">Sono regular \u2014 priorizar um sono adequado e de qualidade, pois o descanso apropriado contribui para a consolida\u00e7\u00e3o da mem\u00f3ria e o funcionamento cognitivo adequado.<\/span><\/li>\n\n\n\n<li><span style=\"font-weight: 400;\">Atividade f\u00edsica \u2014 manter uma rotina regular de exerc\u00edcios f\u00edsicos, pois o exerc\u00edcio promove a circula\u00e7\u00e3o sangu\u00ednea, estimula a libera\u00e7\u00e3o de subst\u00e2ncias ben\u00e9ficas no c\u00e9rebro e melhora a plasticidade cerebral.<\/span><\/li>\n<\/ul>\n\n\n\n<p><span style=\"font-weight: 400;\">Para aqueles que precisam turbinar a mem\u00f3ria para estudar para provas e concursos, inscrever-se no curso do Renato Alves enquanto ainda h\u00e1 vagas \u00e9 a forma mais inteligente e r\u00e1pida de fazer isso, garantindo seu bom desempenho no exame.<\/span><\/p>\n\n\n\n<p><span style=\"font-weight: 400;\">\u00c9 importante ressaltar que essas abordagens s\u00e3o consideradas medidas gerais para aprimorar a mem\u00f3ria e a sa\u00fade cognitiva. Em caso de preocupa\u00e7\u00f5es persistentes com a mem\u00f3ria, \u00e9 sempre recomendado buscar orienta\u00e7\u00e3o m\u00e9dica adequada.<\/span><\/p>\n\n\n\n<p><span style=\"font-weight: 400;\">Aprimore sua mem\u00f3ria e aprendizado! Se est\u00e1 interessado em explorar mais sobre esse assunto fascinante, convidamos voc\u00ea a mergulhar em conte\u00fados, cursos e livros que podem expandir seu conhecimento. Descubra t\u00e9cnicas, estrat\u00e9gias e dicas valiosas para <\/span><a href=\"https:\/\/renatoalves.com.br\/\" target=\"_blank\" rel=\"noreferrer noopener nofollow\"><span style=\"font-weight: 400;\">fortalecer sua mem\u00f3ria e otimizar seu aprendizado<\/span><\/a><span style=\"font-weight: 400;\"> em nosso site.<\/span> <\/p>\n\n\n\n<figure class=\"wp-block-image aligncenter\"><a href=\"https:\/\/memoriablindada.com.br\/\"><img fetchpriority=\"high\" decoding=\"async\" width=\"2560\" height=\"301\" src=\"\/\/renatoalves.com.br\/blog\/wp-content\/uploads\/2015\/02\/banner_MB.jpg\" alt=\"Curso Mem\u00f3ria Blindada\" class=\"wp-image-2519\" srcset=\"https:\/\/renatoalves.com.br\/blog\/wp-content\/uploads\/2015\/02\/banner_MB.jpg 2560w, https:\/\/renatoalves.com.br\/blog\/wp-content\/uploads\/2015\/02\/banner_MB-300x35.jpg 300w, https:\/\/renatoalves.com.br\/blog\/wp-content\/uploads\/2015\/02\/banner_MB-768x90.jpg 768w, https:\/\/renatoalves.com.br\/blog\/wp-content\/uploads\/2015\/02\/banner_MB-1024x120.jpg 1024w\" sizes=\"(max-width: 2560px) 100vw, 2560px\" \/><\/a><\/figure>\n","protected":false},"excerpt":{"rendered":"<p>Existe uma histeria coletiva de pessoas em busca de rem\u00e9dios para mem\u00f3ria.<\/p>\n","protected":false},"author":24,"featured_media":2726,"comment_status":"open","ping_status":"open","sticky":false,"template":"","format":"standard","meta":{"footnotes":""},"categories":[264],"tags":[41,145,56,44,45,46,212,98,43,29,42,74,47,95],"class_list":["post-537","post","type-post","status-publish","format-standard","has-post-thumbnail","hentry","category-saude-e-qualidade-de-vida","tag-alzheimer","tag-boa-memoria","tag-branco-na-memoria","tag-concentracao","tag-curso-de-memorizacao","tag-curso-de-memorizacao-online","tag-curso-memoria-blindada","tag-curso-online-renato-alves","tag-foco","tag-memoria","tag-memorizacao","tag-metodo-renato-alves","tag-remedio-para-memoria","tag-renato-alves-memorizacao"],"_links":{"self":[{"href":"https:\/\/renatoalves.com.br\/blog\/wp-json\/wp\/v2\/posts\/537","targetHints":{"allow":["GET"]}}],"collection":[{"href":"https:\/\/renatoalves.com.br\/blog\/wp-json\/wp\/v2\/posts"}],"about":[{"href":"https:\/\/renatoalves.com.br\/blog\/wp-json\/wp\/v2\/types\/post"}],"author":[{"embeddable":true,"href":"https:\/\/renatoalves.com.br\/blog\/wp-json\/wp\/v2\/users\/24"}],"replies":[{"embeddable":true,"href":"https:\/\/renatoalves.com.br\/blog\/wp-json\/wp\/v2\/comments?post=537"}],"version-history":[{"count":3,"href":"https:\/\/renatoalves.com.br\/blog\/wp-json\/wp\/v2\/posts\/537\/revisions"}],"predecessor-version":[{"id":8604,"href":"https:\/\/renatoalves.com.br\/blog\/wp-json\/wp\/v2\/posts\/537\/revisions\/8604"}],"wp:featuredmedia":[{"embeddable":true,"href":"https:\/\/renatoalves.com.br\/blog\/wp-json\/wp\/v2\/media\/2726"}],"wp:attachment":[{"href":"https:\/\/renatoalves.com.br\/blog\/wp-json\/wp\/v2\/media?parent=537"}],"wp:term":[{"taxonomy":"category","embeddable":true,"href":"https:\/\/renatoalves.com.br\/blog\/wp-json\/wp\/v2\/categories?post=537"},{"taxonomy":"post_tag","embeddable":true,"href":"https:\/\/renatoalves.com.br\/blog\/wp-json\/wp\/v2\/tags?post=537"}],"curies":[{"name":"wp","href":"https:\/\/api.w.org\/{rel}","templated":true}]}}