{"id":5422,"date":"2025-08-11T19:35:00","date_gmt":"2025-08-11T22:35:00","guid":{"rendered":"https:\/\/renatoalves.com.br\/blog\/?p=5422"},"modified":"2025-08-11T08:48:38","modified_gmt":"2025-08-11T11:48:38","slug":"qualidade-de-vida-e-comunicacao","status":"publish","type":"post","link":"https:\/\/renatoalves.com.br\/blog\/qualidade-de-vida-e-comunicacao\/","title":{"rendered":"Qualidade de vida \u00e9 qualidade de comunica\u00e7\u00e3o"},"content":{"rendered":"\n<p>Sabe aquelas pessoas que entram na sua vida por apenas <strong>tr\u00eas minutos<\/strong>, mas deixam marcas para sempre?<br>Seus <strong>nomes, rostos e palavras<\/strong> ficam gravados na mem\u00f3ria como se fossem cap\u00edtulos de um livro que voc\u00ea nunca esquece. Essas pessoas t\u00eam algo raro: <strong>qualidade de comunica\u00e7\u00e3o<\/strong>.<\/p>\n\n\n\n<p>E aqui vai um pensamento que carrego comigo:<a href=\"https:\/\/memoriablindada.com.br\/\" target=\"_blank\" rel=\"noreferrer noopener\"> <strong>qualidade de vida \u00e9 qualidade de comunica\u00e7\u00e3o<\/strong>.<\/a><\/p>\n\n\n\n<p>Hoje quero compartilhar com voc\u00ea uma dessas hist\u00f3rias \u2014 uma que, mesmo anos depois, continua viva em minha lembran\u00e7a e me inspira at\u00e9 hoje.<\/p>\n\n\n\n<figure class=\"wp-block-image size-large\"><a href=\"https:\/\/memoriablindada.com.br\/\"><img fetchpriority=\"high\" decoding=\"async\" width=\"1024\" height=\"120\" src=\"https:\/\/renatoalves.com.br\/blog\/wp-content\/uploads\/2014\/09\/MEMORIA-BLINDADA-BANNER-BLOG-RENATO-ALVES-1024x120.png\" alt=\"banner mem\u00f3ria blindada\" class=\"wp-image-10107\" srcset=\"https:\/\/renatoalves.com.br\/blog\/wp-content\/uploads\/2014\/09\/MEMORIA-BLINDADA-BANNER-BLOG-RENATO-ALVES-1024x120.png 1024w, https:\/\/renatoalves.com.br\/blog\/wp-content\/uploads\/2014\/09\/MEMORIA-BLINDADA-BANNER-BLOG-RENATO-ALVES-300x35.png 300w, https:\/\/renatoalves.com.br\/blog\/wp-content\/uploads\/2014\/09\/MEMORIA-BLINDADA-BANNER-BLOG-RENATO-ALVES-768x90.png 768w, https:\/\/renatoalves.com.br\/blog\/wp-content\/uploads\/2014\/09\/MEMORIA-BLINDADA-BANNER-BLOG-RENATO-ALVES-1536x181.png 1536w, https:\/\/renatoalves.com.br\/blog\/wp-content\/uploads\/2014\/09\/MEMORIA-BLINDADA-BANNER-BLOG-RENATO-ALVES.png 1700w\" sizes=\"(max-width: 1024px) 100vw, 1024px\" \/><\/a><\/figure>\n\n\n\n<h2 class=\"wp-block-heading\"><strong>O encontro inesperado<\/strong><\/h2>\n\n\n\n<p>Eram 11 horas da noite. Eu acabava de encerrar uma palestra para mais de <strong>500 pessoas<\/strong> num anfiteatro em Curitiba.<br>A fome j\u00e1 batia \u00e0 porta, e fomos comemorar numa pizzaria: eu, meu amigo M\u00e1rcio, organizador do evento, e Jos\u00e9 Carlos, t\u00e9cnico respons\u00e1vel pelo som.<\/p>\n\n\n\n<p>Foi quando, de repente, um garoto loiro, camisa branca, gravata vermelha e mochila nas costas se aproximou. Sua postura elegante e educa\u00e7\u00e3o impec\u00e1vel poderiam faz\u00ea-lo passar por cliente do restaurante \u2014 se n\u00e3o fosse pela frase que veio em seguida:<\/p>\n\n\n\n<blockquote class=\"wp-block-quote is-layout-flow wp-block-quote-is-layout-flow\">\n<p>\u201cCom licen\u00e7a. Boa noite, senhores. Eu sou um vendedor. Sou o Rei do Amendoim de Curitiba.\u201d<\/p>\n<\/blockquote>\n\n\n\n<h2 class=\"wp-block-heading\"><strong>Uma aula pr\u00e1tica de comunica\u00e7\u00e3o eficiente<\/strong><\/h2>\n\n\n\n<p>Ele abriu a mochila, retirou pacotes de amendoim e continuou:<\/p>\n\n\n\n<blockquote class=\"wp-block-quote is-layout-flow wp-block-quote-is-layout-flow\">\n<p>\u201cS\u00e3o gr\u00e3os selecionados, torrados e levemente salgados, perfeitos para acompanhar uma cerveja gelada. Dois pacotes para cada um e outro para a mesa, por apenas R$ 5. Ou 10 pacotes por R$ 7. Quantos os senhores desejam?\u201d<\/p>\n<\/blockquote>\n\n\n\n<p>E, antes que respond\u00eassemos, ele repetiu o mesmo discurso\u2026 <strong>em ingl\u00eas<\/strong>. Com pron\u00fancia impec\u00e1vel.<\/p>\n\n\n\n<p>Resultado? Ele conquistou nossos ouvidos, cora\u00e7\u00f5es e \u2014 claro \u2014 nossos bolsos. Levamos os amendoins. Ele seguiu para a pr\u00f3xima mesa e repetiu o sucesso.<\/p>\n\n\n\n<h2 class=\"wp-block-heading\"><strong>A hist\u00f3ria por tr\u00e1s do talento<\/strong><\/h2>\n\n\n\n<p>Quando ele j\u00e1 ia embora, chamei-o para conversar. Seu nome? <strong>Alan Michel Schneider de Medeiros<\/strong>.<br>Tinha apenas <strong>14 anos<\/strong>. Estudava pela manh\u00e3, vendia amendoins \u00e0 noite para ajudar a fam\u00edlia e, com poucas horas de trabalho, ganhava mais que muitos adultos.<\/p>\n\n\n\n<p>O segredo dele? <strong>N\u00e3o era o sabor do produto<\/strong>.<br>Era <strong>iniciativa, for\u00e7a de vontade, disposi\u00e7\u00e3o para correr riscos e, acima de tudo, comunica\u00e7\u00e3o<\/strong>.<\/p>\n\n\n\n<h2 class=\"wp-block-heading\"><strong>Qualidade de comunica\u00e7\u00e3o \u00e9 qualidade de vida<\/strong><\/h2>\n\n\n\n<p>Como ensina <strong>Anthony Robbins<\/strong>, um dos maiores nomes da Programa\u00e7\u00e3o Neurolingu\u00edstica:<\/p>\n\n\n\n<blockquote class=\"wp-block-quote is-layout-flow wp-block-quote-is-layout-flow\">\n<p><em>\u201cTudo o que conquistamos na vida est\u00e1 ligado \u00e0 qualidade da nossa comunica\u00e7\u00e3o.\u201d<\/em><\/p>\n<\/blockquote>\n\n\n\n<p>Se voc\u00ea n\u00e3o est\u00e1 satisfeito com o que conquistou, talvez seja hora de verificar <strong>como sua mensagem chega \u00e0s pessoas<\/strong>.<\/p>\n\n\n\n<h2 class=\"wp-block-heading\"><strong>De t\u00edmido a comunicador<\/strong><\/h2>\n\n\n\n<p>Na p\u00f3s-adolesc\u00eancia, eu era extremamente t\u00edmido. Minha qualidade de vida sofria por isso. Nunca fui incentivado a me expressar, e acabei perdendo oportunidades preciosas.<br>Hoje, meu trabalho impacta mais de <strong>3 milh\u00f5es de pessoas por ano<\/strong>, mas antes disso precisei aprender <strong>na ra\u00e7a<\/strong>, com erros, ajustes e muito estudo.<\/p>\n\n\n\n<p>Subi a muitos palcos. Tive a chance de influenciar e vender\u2026 mas n\u00e3o sabia encantar. Isso s\u00f3 mudou quando investi tempo e dinheiro para <strong>destravar minha comunica\u00e7\u00e3o<\/strong>.<\/p>\n\n\n\n<p>Livros, semin\u00e1rios, treinamentos \u2014 at\u00e9 que finalmente consegui. E minha vida mudou.<\/p>\n\n\n\n<h2 class=\"wp-block-heading\"><strong>O m\u00e9todo que transforma<\/strong><\/h2>\n\n\n\n<p>Hoje, ensino o que aprendi em mais de 21 anos no palco e no contato com grandes comunicadores.<br>Meu curso <strong>Empatia Instant\u00e2nea<\/strong> \u00e9 um treinamento online que vai direto ao ponto: <a href=\"https:\/\/renatoalves.com.br\/blog\/distracao-falta-de-concentracao-e-foco\/\" target=\"_blank\" rel=\"noreferrer noopener\"><strong>desenvolver a comunica\u00e7\u00e3o humana para gerar resultados imediatos<\/strong>.<\/a><\/p>\n\n\n\n<p>Foi assim que Allan, com um sorriso e postura certeira, conquistava clientes sem oferecer degusta\u00e7\u00e3o. Ele dizia <strong>exatamente o que a pessoa precisava ouvir<\/strong> \u2014 no tom, no tempo e com a energia certos.<\/p>\n\n\n\n<p>Se comunicar bem <strong>n\u00e3o \u00e9 um talento nato<\/strong> \u2014 \u00e9 uma habilidade trein\u00e1vel.<br>E, como j\u00e1 disse no in\u00edcio, <a href=\"https:\/\/renatoalves.com.br\/blog\/feira-do-livro-memorizacao-leitura-infantil\/\" target=\"_blank\" rel=\"noreferrer noopener\"><strong>qualidade de vida \u00e9 qualidade de comunica\u00e7\u00e3o<\/strong>.<\/a><\/p>\n\n\n\n<figure class=\"wp-block-image size-large\"><a href=\"https:\/\/memoriablindada.com.br\/\"><img fetchpriority=\"high\" decoding=\"async\" width=\"1024\" height=\"120\" src=\"https:\/\/renatoalves.com.br\/blog\/wp-content\/uploads\/2014\/09\/MEMORIA-BLINDADA-BANNER-BLOG-RENATO-ALVES-1024x120.png\" alt=\"banner mem\u00f3ria blindada\" class=\"wp-image-10107\" srcset=\"https:\/\/renatoalves.com.br\/blog\/wp-content\/uploads\/2014\/09\/MEMORIA-BLINDADA-BANNER-BLOG-RENATO-ALVES-1024x120.png 1024w, https:\/\/renatoalves.com.br\/blog\/wp-content\/uploads\/2014\/09\/MEMORIA-BLINDADA-BANNER-BLOG-RENATO-ALVES-300x35.png 300w, https:\/\/renatoalves.com.br\/blog\/wp-content\/uploads\/2014\/09\/MEMORIA-BLINDADA-BANNER-BLOG-RENATO-ALVES-768x90.png 768w, https:\/\/renatoalves.com.br\/blog\/wp-content\/uploads\/2014\/09\/MEMORIA-BLINDADA-BANNER-BLOG-RENATO-ALVES-1536x181.png 1536w, https:\/\/renatoalves.com.br\/blog\/wp-content\/uploads\/2014\/09\/MEMORIA-BLINDADA-BANNER-BLOG-RENATO-ALVES.png 1700w\" sizes=\"(max-width: 1024px) 100vw, 1024px\" \/><\/a><\/figure>\n\n\n\n<h2 class=\"wp-block-heading\"><strong>Perguntas Frequentes<\/strong> (FAQ)<\/h2>\n\n\n\n<h3 class=\"wp-block-heading\"><strong>1. O que \u00e9 qualidade de comunica\u00e7\u00e3o?<\/strong><\/h3>\n\n\n\n<p>\u00c9 a capacidade de transmitir ideias de forma clara, envolvente e eficaz, gerando compreens\u00e3o e conex\u00e3o imediata com quem ouve.<\/p>\n\n\n\n<h3 class=\"wp-block-heading\"><strong>2. Qual a rela\u00e7\u00e3o entre comunica\u00e7\u00e3o e qualidade de vida?<\/strong><\/h3>\n\n\n\n<p>Quanto melhor voc\u00ea se comunica, mais portas se abrem: relacionamentos, oportunidades de trabalho, vendas e crescimento pessoal.<\/p>\n\n\n\n<h3 class=\"wp-block-heading\"><strong>3. Como melhorar minha comunica\u00e7\u00e3o rapidamente?<\/strong><\/h3>\n\n\n\n<p>Treinando t\u00e9cnicas de empatia, linguagem corporal, entona\u00e7\u00e3o e organiza\u00e7\u00e3o de ideias \u2014 exatamente o que ensino no curso <em>Empatia Instant\u00e2nea<\/em>.<\/p>\n\n\n\n<h3 class=\"wp-block-heading\"><strong>4. Preciso ser extrovertido para me comunicar bem?<\/strong><\/h3>\n\n\n\n<p>N\u00e3o. Comunica\u00e7\u00e3o eficaz \u00e9 fruto de treino, n\u00e3o de personalidade.<\/p>\n\n\n\n<h3 class=\"wp-block-heading\"><strong>5. O que diferencia um bom comunicador?<\/strong><\/h3>\n\n\n\n<p>Capacidade de adaptar a mensagem ao p\u00fablico, gerar empatia e transmitir confian\u00e7a.<\/p>\n\n\n\n<h2 class=\"wp-block-heading\">Veja tamb\u00e9m:<\/h2>\n\n\n\n<figure class=\"wp-block-embed is-type-rich is-provider-incorporar-manipulador wp-block-embed-incorporar-manipulador wp-embed-aspect-16-9 wp-has-aspect-ratio\"><div class=\"wp-block-embed__wrapper\">\n<iframe title=\"5 H\u00e1bitos Que Est\u00e3o Destruindo Sua Mem\u00f3ria (E Como Reverter)\" width=\"800\" height=\"450\" src=\"https:\/\/www.youtube.com\/embed\/tpxlN6Fl7l8?feature=oembed\" frameborder=\"0\" allow=\"accelerometer; autoplay; clipboard-write; encrypted-media; gyroscope; picture-in-picture; web-share\" referrerpolicy=\"strict-origin-when-cross-origin\" allowfullscreen><\/iframe>\n<\/div><\/figure>\n\n\n\n<p><\/p>\n","protected":false},"excerpt":{"rendered":"<p>T\u00eam pessoas que entram nas nossas vidas por poucos minutos, mas seus nomes, rostos e mensagem ficam gravadas para sempre.<\/p>\n","protected":false},"author":10,"featured_media":5446,"comment_status":"open","ping_status":"open","sticky":false,"template":"","format":"standard","meta":{"footnotes":""},"categories":[262,264],"tags":[401,381,380,399,353,386,383,400,403,402],"class_list":["post-5422","post","type-post","status-publish","format-standard","has-post-thumbnail","hentry","category-estudo-e-desenvolvimento","category-saude-e-qualidade-de-vida","tag-alan-michel-schneider-de-medeiros","tag-como-fazer-amigos","tag-como-fazer-amigos-e-influenciar-pessoas","tag-comunicacao","tag-curso-empatia-instantanea","tag-empatia-instantanea","tag-persuasao","tag-raport","tag-rei-do-amendoim","tag-tony-robbins"],"_links":{"self":[{"href":"https:\/\/renatoalves.com.br\/blog\/wp-json\/wp\/v2\/posts\/5422","targetHints":{"allow":["GET"]}}],"collection":[{"href":"https:\/\/renatoalves.com.br\/blog\/wp-json\/wp\/v2\/posts"}],"about":[{"href":"https:\/\/renatoalves.com.br\/blog\/wp-json\/wp\/v2\/types\/post"}],"author":[{"embeddable":true,"href":"https:\/\/renatoalves.com.br\/blog\/wp-json\/wp\/v2\/users\/10"}],"replies":[{"embeddable":true,"href":"https:\/\/renatoalves.com.br\/blog\/wp-json\/wp\/v2\/comments?post=5422"}],"version-history":[{"count":2,"href":"https:\/\/renatoalves.com.br\/blog\/wp-json\/wp\/v2\/posts\/5422\/revisions"}],"predecessor-version":[{"id":10494,"href":"https:\/\/renatoalves.com.br\/blog\/wp-json\/wp\/v2\/posts\/5422\/revisions\/10494"}],"wp:featuredmedia":[{"embeddable":true,"href":"https:\/\/renatoalves.com.br\/blog\/wp-json\/wp\/v2\/media\/5446"}],"wp:attachment":[{"href":"https:\/\/renatoalves.com.br\/blog\/wp-json\/wp\/v2\/media?parent=5422"}],"wp:term":[{"taxonomy":"category","embeddable":true,"href":"https:\/\/renatoalves.com.br\/blog\/wp-json\/wp\/v2\/categories?post=5422"},{"taxonomy":"post_tag","embeddable":true,"href":"https:\/\/renatoalves.com.br\/blog\/wp-json\/wp\/v2\/tags?post=5422"}],"curies":[{"name":"wp","href":"https:\/\/api.w.org\/{rel}","templated":true}]}}