{"id":5439,"date":"2025-08-08T10:30:00","date_gmt":"2025-08-08T13:30:00","guid":{"rendered":"https:\/\/renatoalves.com.br\/blog\/?p=5439"},"modified":"2025-08-07T21:40:54","modified_gmt":"2025-08-08T00:40:54","slug":"produtividade-relacionada-a-escolhas","status":"publish","type":"post","link":"https:\/\/renatoalves.com.br\/blog\/produtividade-relacionada-a-escolhas\/","title":{"rendered":"Produtividade est\u00e1 relacionada a escolhas"},"content":{"rendered":"\n<p>Muita gente me pergunta como consigo manter alta produtividade e <strong>ler 50 livros por ano<\/strong>.<br>A resposta come\u00e7a por um ponto essencial: <strong>eu amo aprender<\/strong>.<\/p>\n\n\n\n<p>Quanto mais conhecimento adquiro, mais preparo tenho para a vida \u2014 em todas as \u00e1reas: acad\u00eamica, social, profissional e financeira.<\/p>\n\n\n\n<p>Existe um ditado que gosto muito:<br><strong>\u201cAs \u00e1guas correm para o mar.\u201d<\/strong><br>Em outras palavras: quanto mais voc\u00ea tem, mais acumula. Quanto mais l\u00ea, mais amplia seu vocabul\u00e1rio e seu n\u00edvel de compreens\u00e3o. E conhecimento, quando bem aplicado, <strong>\u00e9 moeda de troca poderosa<\/strong> para gerar resultados, ajudar pessoas e empresas e ganhar tempo.<\/p>\n\n\n\n<figure class=\"wp-block-image size-large\"><a href=\"https:\/\/memoriablindada.com.br\/\"><img fetchpriority=\"high\" decoding=\"async\" width=\"1024\" height=\"120\" src=\"https:\/\/renatoalves.com.br\/blog\/wp-content\/uploads\/2014\/09\/MEMORIA-BLINDADA-BANNER-BLOG-RENATO-ALVES-1024x120.png\" alt=\"banner mem\u00f3ria blindada\" class=\"wp-image-10107\" srcset=\"https:\/\/renatoalves.com.br\/blog\/wp-content\/uploads\/2014\/09\/MEMORIA-BLINDADA-BANNER-BLOG-RENATO-ALVES-1024x120.png 1024w, https:\/\/renatoalves.com.br\/blog\/wp-content\/uploads\/2014\/09\/MEMORIA-BLINDADA-BANNER-BLOG-RENATO-ALVES-300x35.png 300w, https:\/\/renatoalves.com.br\/blog\/wp-content\/uploads\/2014\/09\/MEMORIA-BLINDADA-BANNER-BLOG-RENATO-ALVES-768x90.png 768w, https:\/\/renatoalves.com.br\/blog\/wp-content\/uploads\/2014\/09\/MEMORIA-BLINDADA-BANNER-BLOG-RENATO-ALVES-1536x181.png 1536w, https:\/\/renatoalves.com.br\/blog\/wp-content\/uploads\/2014\/09\/MEMORIA-BLINDADA-BANNER-BLOG-RENATO-ALVES.png 1700w\" sizes=\"(max-width: 1024px) 100vw, 1024px\" \/><\/a><\/figure>\n\n\n\n<h2 class=\"wp-block-heading\">Minha realidade no in\u00edcio<\/h2>\n\n\n\n<p>Quem acompanha meus textos, cursos ou redes sociais sabe que, antes de ser escritor, palestrante e campe\u00e3o de mem\u00f3ria, eu <strong>tamb\u00e9m sofria com falta de concentra\u00e7\u00e3o, esquecimentos e desorganiza\u00e7\u00e3o<\/strong>.<\/p>\n\n\n\n<p>A grande virada aconteceu quando percebi que, para melhorar minha produtividade, precisava <strong>fortalecer minha mem\u00f3ria<\/strong>.<br>E encontrei essa inspira\u00e7\u00e3o\u2026 nos livros.<\/p>\n\n\n\n<h2 class=\"wp-block-heading\">A met\u00e1fora do Pr\u00eamio Nobel sobre gest\u00e3o do tempo<\/h2>\n\n\n\n<p>H\u00e1 mais de 15 anos, li sobre um ganhador do Pr\u00eamio Nobel que n\u00e3o era muito f\u00e3 de entrevistas. Em um raro encontro com empres\u00e1rios, ele foi questionado:<\/p>\n\n\n\n<blockquote class=\"wp-block-quote is-layout-flow wp-block-quote-is-layout-flow\">\n<p>\u201cProfessor, como o senhor consegue viajar tanto, pesquisar, entregar tanto conte\u00fado e se manter produtivo por tantos anos?\u201d<\/p>\n<\/blockquote>\n\n\n\n<p>Ele respondeu que poderia explicar <strong>em apenas 1 minuto<\/strong>.<\/p>\n\n\n\n<p>Na mesa, havia uma jarra de \u00e1gua, pedras grandes, pedras menores e areia.<br>Ele colocou as pedras grandes na jarra (caberam 3). Depois, as m\u00e9dias e pequenas preencheram os espa\u00e7os. Em seguida, a areia ocupou os \u00faltimos v\u00e3os. E, por fim, acrescentou mais \u00e1gua at\u00e9 transbordar.<\/p>\n\n\n\n<p>A li\u00e7\u00e3o foi direta:<\/p>\n\n\n\n<blockquote class=\"wp-block-quote is-layout-flow wp-block-quote-is-layout-flow\">\n<p><strong>&#8220;Para organizar seu tempo, comece com as grandes quest\u00f5es.<br>N\u00e3o deixe que coisas menores ocupem o espa\u00e7o das mais importantes.<br>Quando souber fazer isso, tudo que realmente importa caber\u00e1 no seu dia.&#8221;<\/strong><\/p>\n<\/blockquote>\n\n\n\n<p>Essa demonstra\u00e7\u00e3o simples se tornou uma met\u00e1fora mundial sobre <strong>prioriza\u00e7\u00e3o<\/strong>.<\/p>\n\n\n\n<h2 class=\"wp-block-heading\">O que essa li\u00e7\u00e3o mudou em mim<\/h2>\n\n\n\n<p>Percebi que <strong>minha mem\u00f3ria era a chave<\/strong>.<br>Se eu esquecia compromissos, ideias e informa\u00e7\u00f5es, acabava deixando as \u201cgrandes pedras\u201d de lado e preenchendo meu tempo com \u201careia\u201d.<\/p>\n\n\n\n<p>Por isso, estabeleci como meta <strong>ter a melhor mem\u00f3ria do Brasil<\/strong>.<br>Quando atingi esse objetivo, todas as outras metas come\u00e7aram a se encaixar naturalmente: mais produtividade, mais foco, mais resultados.<\/p>\n\n\n\n<h2 class=\"wp-block-heading\">E voc\u00ea? Quais s\u00e3o suas 3 grandes pedras?<\/h2>\n\n\n\n<p>Talvez hoje sua vida esteja cheia de distra\u00e7\u00f5es, tarefas pequenas e urg\u00eancias que roubam energia.<br>Mas, assim como na jarra do Nobel, voc\u00ea s\u00f3 ter\u00e1 espa\u00e7o para o que importa <strong>se colocar primeiro as pedras grandes<\/strong> \u2014 seus objetivos mais importantes.<\/p>\n\n\n\n<p>Se quer aprender como treinar sua mem\u00f3ria para n\u00e3o perder o foco e dar prioridade ao que realmente importa, conhe\u00e7a meu treinamento <a href=\"https:\/\/memoriablindada.com.br\/\" target=\"_blank\" rel=\"noreferrer noopener\"><strong>Mem\u00f3ria Blindada<\/strong>.<\/a><\/p>\n\n\n\n<p>Se quer mais foco, produtividade e resultados, comece organizando sua jarra mental: <strong>coloque primeiro as pedras grandes<\/strong>.<br>O resto se encaixa naturalmente.<\/p>\n\n\n\n<figure class=\"wp-block-image size-large\"><a href=\"https:\/\/memoriablindada.com.br\/\"><img fetchpriority=\"high\" decoding=\"async\" width=\"1024\" height=\"120\" src=\"https:\/\/renatoalves.com.br\/blog\/wp-content\/uploads\/2014\/09\/MEMORIA-BLINDADA-BANNER-BLOG-RENATO-ALVES-1024x120.png\" alt=\"banner mem\u00f3ria blindada\" class=\"wp-image-10107\" srcset=\"https:\/\/renatoalves.com.br\/blog\/wp-content\/uploads\/2014\/09\/MEMORIA-BLINDADA-BANNER-BLOG-RENATO-ALVES-1024x120.png 1024w, https:\/\/renatoalves.com.br\/blog\/wp-content\/uploads\/2014\/09\/MEMORIA-BLINDADA-BANNER-BLOG-RENATO-ALVES-300x35.png 300w, https:\/\/renatoalves.com.br\/blog\/wp-content\/uploads\/2014\/09\/MEMORIA-BLINDADA-BANNER-BLOG-RENATO-ALVES-768x90.png 768w, https:\/\/renatoalves.com.br\/blog\/wp-content\/uploads\/2014\/09\/MEMORIA-BLINDADA-BANNER-BLOG-RENATO-ALVES-1536x181.png 1536w, https:\/\/renatoalves.com.br\/blog\/wp-content\/uploads\/2014\/09\/MEMORIA-BLINDADA-BANNER-BLOG-RENATO-ALVES.png 1700w\" sizes=\"(max-width: 1024px) 100vw, 1024px\" \/><\/a><\/figure>\n\n\n\n<h2 class=\"wp-block-heading\">Perguntas Frequentes (FAQ)<\/h2>\n\n\n\n<h3 class=\"wp-block-heading\"><strong>1. \u00c9 poss\u00edvel conciliar alta produtividade com leitura frequente?<\/strong><\/h3>\n\n\n\n<p>Sim. O segredo est\u00e1 em priorizar leituras relevantes, manter disciplina di\u00e1ria e saber aproveitar pequenos intervalos para ler.<\/p>\n\n\n\n<h3 class=\"wp-block-heading\"><strong>2. Ler muito n\u00e3o prejudica a reten\u00e7\u00e3o do conte\u00fado?<\/strong><\/h3>\n\n\n\n<p>N\u00e3o, se voc\u00ea aplicar t\u00e9cnicas de memoriza\u00e7\u00e3o e revis\u00e3o. O problema n\u00e3o \u00e9 a quantidade, mas a forma como processa e fixa o conte\u00fado.<\/p>\n\n\n\n<h3 class=\"wp-block-heading\"><strong>3. Por que a mem\u00f3ria \u00e9 t\u00e3o importante para produtividade?<\/strong><\/h3>\n\n\n\n<p>Porque lembrar com clareza reduz retrabalho, aumenta efici\u00eancia e libera energia mental para tarefas de alto impacto.<\/p>\n\n\n\n<h3 class=\"wp-block-heading\"><strong>4. O que s\u00e3o as \u201ctr\u00eas grandes pedras\u201d na pr\u00e1tica?<\/strong><\/h3>\n\n\n\n<p>S\u00e3o suas tr\u00eas metas ou prioridades mais importantes no momento. Elas devem guiar sua agenda e receber seus melhores hor\u00e1rios e energia.<\/p>\n\n\n\n<h3 class=\"wp-block-heading\"><strong>5. Em quanto tempo posso melhorar minha mem\u00f3ria aplicando seu m\u00e9todo?<\/strong><\/h3>\n\n\n\n<p>Com pr\u00e1tica di\u00e1ria, muitos alunos percebem resultados em poucas semanas. Em tr\u00eas meses, a diferen\u00e7a \u00e9 ainda mais vis\u00edvel.<\/p>\n\n\n\n<p><\/p>\n","protected":false},"excerpt":{"rendered":"<p>Muita gente me pergunta como consigo manter alta produtividade e ler 50 livros por ano.A resposta come\u00e7a por um ponto essencial: eu amo aprender. Quanto mais conhecimento adquiro, mais preparo tenho para a vida \u2014 em todas as \u00e1reas: acad\u00eamica, social, profissional e financeira. Existe um ditado que gosto muito:\u201cAs \u00e1guas correm para o mar.\u201dEm [&hellip;]<\/p>\n","protected":false},"author":10,"featured_media":5477,"comment_status":"open","ping_status":"open","sticky":false,"template":"","format":"standard","meta":{"footnotes":""},"categories":[264],"tags":[145,56,44,45,46,212,98,97,70,6,110,95],"class_list":["post-5439","post","type-post","status-publish","format-standard","has-post-thumbnail","hentry","category-saude-e-qualidade-de-vida","tag-boa-memoria","tag-branco-na-memoria","tag-concentracao","tag-curso-de-memorizacao","tag-curso-de-memorizacao-online","tag-curso-memoria-blindada","tag-curso-online-renato-alves","tag-cursos-para-a-memoria","tag-dicas-memorizacao","tag-evitar-esquecimentos","tag-produtividade","tag-renato-alves-memorizacao"],"_links":{"self":[{"href":"https:\/\/renatoalves.com.br\/blog\/wp-json\/wp\/v2\/posts\/5439","targetHints":{"allow":["GET"]}}],"collection":[{"href":"https:\/\/renatoalves.com.br\/blog\/wp-json\/wp\/v2\/posts"}],"about":[{"href":"https:\/\/renatoalves.com.br\/blog\/wp-json\/wp\/v2\/types\/post"}],"author":[{"embeddable":true,"href":"https:\/\/renatoalves.com.br\/blog\/wp-json\/wp\/v2\/users\/10"}],"replies":[{"embeddable":true,"href":"https:\/\/renatoalves.com.br\/blog\/wp-json\/wp\/v2\/comments?post=5439"}],"version-history":[{"count":4,"href":"https:\/\/renatoalves.com.br\/blog\/wp-json\/wp\/v2\/posts\/5439\/revisions"}],"predecessor-version":[{"id":10468,"href":"https:\/\/renatoalves.com.br\/blog\/wp-json\/wp\/v2\/posts\/5439\/revisions\/10468"}],"wp:featuredmedia":[{"embeddable":true,"href":"https:\/\/renatoalves.com.br\/blog\/wp-json\/wp\/v2\/media\/5477"}],"wp:attachment":[{"href":"https:\/\/renatoalves.com.br\/blog\/wp-json\/wp\/v2\/media?parent=5439"}],"wp:term":[{"taxonomy":"category","embeddable":true,"href":"https:\/\/renatoalves.com.br\/blog\/wp-json\/wp\/v2\/categories?post=5439"},{"taxonomy":"post_tag","embeddable":true,"href":"https:\/\/renatoalves.com.br\/blog\/wp-json\/wp\/v2\/tags?post=5439"}],"curies":[{"name":"wp","href":"https:\/\/api.w.org\/{rel}","templated":true}]}}