{"id":5496,"date":"2025-08-11T07:40:00","date_gmt":"2025-08-11T10:40:00","guid":{"rendered":"https:\/\/renatoalves.com.br\/blog\/?p=5496"},"modified":"2025-08-09T21:06:10","modified_gmt":"2025-08-10T00:06:10","slug":"bienal-do-livro-com-memorizacao","status":"publish","type":"post","link":"https:\/\/renatoalves.com.br\/blog\/bienal-do-livro-com-memorizacao\/","title":{"rendered":"Memoriza\u00e7\u00e3o na Bienal do livro, foi \u00f3timo!"},"content":{"rendered":"\n<p>No \u00faltimo domingo, 10 de agosto, vivi um momento \u00fanico: participei de uma sess\u00e3o de aut\u00f3grafos e um bate-papo com leitores na <strong>Bienal do Livro de S\u00e3o Paulo<\/strong>, a convite da <strong>Editora Gente<\/strong>.<\/p>\n\n\n\n<p>Foi a minha segunda participa\u00e7\u00e3o como autor em um evento desse porte, e posso afirmar que esta edi\u00e7\u00e3o <strong>superou todas as expectativas<\/strong>. O p\u00fablico estava \u00e1vido por<a href=\"https:\/\/estudomemorizacao.com.br\/\" target=\"_blank\" rel=\"noreferrer noopener\"> conhecimento e cultura.<\/a><\/p>\n\n\n\n<figure class=\"wp-block-image size-large\"><a href=\"https:\/\/estudomemorizacao.com.br\/\"><img fetchpriority=\"high\" decoding=\"async\" width=\"1024\" height=\"120\" src=\"https:\/\/renatoalves.com.br\/blog\/wp-content\/uploads\/2025\/05\/METALEITURA-BANNER-BLOG-RENATO-ALVES-1024x120.png\" alt=\"banner metaleitura\" class=\"wp-image-10134\" srcset=\"https:\/\/renatoalves.com.br\/blog\/wp-content\/uploads\/2025\/05\/METALEITURA-BANNER-BLOG-RENATO-ALVES-1024x120.png 1024w, https:\/\/renatoalves.com.br\/blog\/wp-content\/uploads\/2025\/05\/METALEITURA-BANNER-BLOG-RENATO-ALVES-300x35.png 300w, https:\/\/renatoalves.com.br\/blog\/wp-content\/uploads\/2025\/05\/METALEITURA-BANNER-BLOG-RENATO-ALVES-768x90.png 768w, https:\/\/renatoalves.com.br\/blog\/wp-content\/uploads\/2025\/05\/METALEITURA-BANNER-BLOG-RENATO-ALVES-1536x181.png 1536w, https:\/\/renatoalves.com.br\/blog\/wp-content\/uploads\/2025\/05\/METALEITURA-BANNER-BLOG-RENATO-ALVES.png 1700w\" sizes=\"(max-width: 1024px) 100vw, 1024px\" \/><\/a><\/figure>\n\n\n\n<h2 class=\"wp-block-heading\"><strong>A for\u00e7a da nova gera\u00e7\u00e3o de leitores<\/strong><\/h2>\n\n\n\n<p>Curiosamente, quem atraiu as maiores filas este ano n\u00e3o foram os autores consagrados, mas sim <strong>os Youtubers<\/strong>.<br>Apesar das cr\u00edticas que alguns fazem, n\u00e3o h\u00e1 como negar: <strong>eles abriram as portas da literatura para milhares de jovens<\/strong>. Assim como muitos come\u00e7aram lendo gibis, talvez essa seja a porta de entrada da gera\u00e7\u00e3o atual para o universo dos livros.<\/p>\n\n\n\n<h2 class=\"wp-block-heading\"><strong>N\u00fameros que impressionam<\/strong><\/h2>\n\n\n\n<p>A Bienal de S\u00e3o Paulo 2018 reuniu:<\/p>\n\n\n\n<ul class=\"wp-block-list\">\n<li><strong>Quase 700 mil visitantes<\/strong> em 10 dias de evento<\/li>\n\n\n\n<li><strong>75 mil m\u00b2<\/strong> de \u00e1rea e <strong>197 expositores<\/strong><\/li>\n\n\n\n<li><strong>14 espa\u00e7os culturais<\/strong> e <strong>1.500 horas de programa\u00e7\u00e3o<\/strong><\/li>\n\n\n\n<li>P\u00fablico gastando <strong>33% a mais<\/strong> que na edi\u00e7\u00e3o anterior<\/li>\n\n\n\n<li><strong>97% de satisfa\u00e7\u00e3o<\/strong> entre os visitantes<\/li>\n<\/ul>\n\n\n\n<h3 class=\"wp-block-heading\"><strong>Presen\u00e7as marcantes<\/strong><\/h3>\n\n\n\n<p>O evento contou com grandes nomes como:<\/p>\n\n\n\n<p>Mario S\u00e9rgio Cortella, Luiz Felipe Pond\u00e9, Maur\u00edcio de Sousa, L\u00e1zaro Ramos, Walcyr Carrasco, Monja Coen, Nathalia Arcuri, H\u00e9lio de La Pe\u00f1a, Rafael Cortez, entre outros.<\/p>\n\n\n\n<p>Foi tamb\u00e9m <strong>a primeira vez que um professor de memoriza\u00e7\u00e3o participou ativamente<\/strong> de uma feira desse porte \u2014 e foi uma honra fazer parte disso.<\/p>\n\n\n\n<h3 class=\"wp-block-heading\"><strong>Momentos especiais no estande da Editora Gente<\/strong><\/h3>\n\n\n\n<p>O estande esteve <strong>lotado durante toda a sess\u00e3o<\/strong>. Entre meus quatro t\u00edtulos dispon\u00edveis, dois esgotaram completamente:<\/p>\n\n\n\n<ul class=\"wp-block-list\">\n<li><em>O C\u00e9rebro com Foco e Disciplina<\/em><\/li>\n\n\n\n<li><em>Como Ter Mem\u00f3ria Forte e C\u00e9rebro Sempre Jovem<\/em><\/li>\n<\/ul>\n\n\n\n<p>O carinho do p\u00fablico e as conversas com leitores foram o ponto alto da experi\u00eancia.<\/p>\n\n\n\n<p>Independente da velocidade ou m\u00e9todo de leitura,<a href=\"https:\/\/renatoalves.com.br\/blog\/feira-do-livro-memorizacao-leitura-infantil\/\" target=\"_blank\" rel=\"noreferrer noopener\"> <strong>ler transforma vidas<\/strong>.<\/a><br>Acredito firmemente que <strong><a href=\"https:\/\/renatoalves.com.br\/blog\/guerra-sera-o-cerebro-vs-informacoes\/\" target=\"_blank\" rel=\"noreferrer noopener\">um pa\u00eds s\u00f3 muda atrav\u00e9s da educa\u00e7\u00e3o<\/a><\/strong>, e isso inclui a leitura de bons livros.<\/p>\n\n\n\n<p><strong>E voc\u00ea, o que est\u00e1 lendo hoje?<\/strong><br>Compartilhe nos coment\u00e1rios \u2014 vou adorar saber.<\/p>\n\n\n\n<figure class=\"wp-block-image size-large\"><a href=\"https:\/\/estudomemorizacao.com.br\/\"><img fetchpriority=\"high\" decoding=\"async\" width=\"1024\" height=\"120\" src=\"https:\/\/renatoalves.com.br\/blog\/wp-content\/uploads\/2025\/05\/METALEITURA-BANNER-BLOG-RENATO-ALVES-1024x120.png\" alt=\"banner metaleitura\" class=\"wp-image-10134\" srcset=\"https:\/\/renatoalves.com.br\/blog\/wp-content\/uploads\/2025\/05\/METALEITURA-BANNER-BLOG-RENATO-ALVES-1024x120.png 1024w, https:\/\/renatoalves.com.br\/blog\/wp-content\/uploads\/2025\/05\/METALEITURA-BANNER-BLOG-RENATO-ALVES-300x35.png 300w, https:\/\/renatoalves.com.br\/blog\/wp-content\/uploads\/2025\/05\/METALEITURA-BANNER-BLOG-RENATO-ALVES-768x90.png 768w, https:\/\/renatoalves.com.br\/blog\/wp-content\/uploads\/2025\/05\/METALEITURA-BANNER-BLOG-RENATO-ALVES-1536x181.png 1536w, https:\/\/renatoalves.com.br\/blog\/wp-content\/uploads\/2025\/05\/METALEITURA-BANNER-BLOG-RENATO-ALVES.png 1700w\" sizes=\"(max-width: 1024px) 100vw, 1024px\" \/><\/a><\/figure>\n\n\n\n<h2 class=\"wp-block-heading\"><strong>Perguntas Frequentes <\/strong>(FAQ)<\/h2>\n\n\n\n<p><strong>1. A Bienal \u00e9 apenas para quem quer comprar livros?<\/strong><br>N\u00e3o. Al\u00e9m da venda de livros, h\u00e1 palestras, debates, sess\u00f5es de aut\u00f3grafos e atividades culturais.<\/p>\n\n\n\n<p><strong>2. Vale a pena ir mesmo se eu n\u00e3o conhecer os autores?<\/strong><br>Sim. \u00c9 uma \u00f3tima oportunidade para descobrir novos escritores e g\u00eaneros liter\u00e1rios.<\/p>\n\n\n\n<p><strong>3. Quanto custa para entrar?<\/strong><br>O valor varia a cada edi\u00e7\u00e3o, com descontos para estudantes, professores e grupos.<\/p>\n\n\n\n<p><strong>4. Crian\u00e7as aproveitam o evento?<\/strong><br>Muito! H\u00e1 programa\u00e7\u00e3o espec\u00edfica para o p\u00fablico infantil.<\/p>\n\n\n\n<p><strong>5. A pr\u00f3xima Bienal j\u00e1 tem data?<\/strong><br>A organiza\u00e7\u00e3o divulga as datas no site oficial alguns meses antes do evento.<\/p>\n\n\n\n<h2 class=\"wp-block-heading\">Veja tamb\u00e9m:<\/h2>\n\n\n\n<figure class=\"wp-block-embed is-type-rich is-provider-incorporar-manipulador wp-block-embed-incorporar-manipulador wp-embed-aspect-16-9 wp-has-aspect-ratio\"><div class=\"wp-block-embed__wrapper\">\n<iframe title=\"Como Ler 10x Mais R\u00e1pido (Sem Perder a Compreens\u00e3o!)\" width=\"800\" height=\"450\" src=\"https:\/\/www.youtube.com\/embed\/vKqUn68nAr4?feature=oembed\" frameborder=\"0\" allow=\"accelerometer; autoplay; clipboard-write; encrypted-media; gyroscope; picture-in-picture; web-share\" referrerpolicy=\"strict-origin-when-cross-origin\" allowfullscreen><\/iframe>\n<\/div><\/figure>\n\n\n\n<p><\/p>\n","protected":false},"excerpt":{"rendered":"<p>No \u00faltimo domingo, 10 de agosto, vivi um momento \u00fanico: participei de uma sess\u00e3o de aut\u00f3grafos e um bate-papo com leitores na Bienal do Livro de S\u00e3o Paulo, a convite da Editora Gente. Foi a minha segunda participa\u00e7\u00e3o como autor em um evento desse porte, e posso afirmar que esta edi\u00e7\u00e3o superou todas as expectativas. [&hellip;]<\/p>\n","protected":false},"author":10,"featured_media":10486,"comment_status":"open","ping_status":"open","sticky":false,"template":"","format":"standard","meta":{"footnotes":""},"categories":[32,265],"tags":[407,406,408,46,98,68,74,55,95],"class_list":["post-5496","post","type-post","status-publish","format-standard","has-post-thumbnail","hentry","category-namidia","category-sobre-o-autor","tag-25a-bienal-do-livro","tag-25a-bienal-internacional-do-livro-de-sao-paulo","tag-bienal-do-livro","tag-curso-de-memorizacao-online","tag-curso-online-renato-alves","tag-curso-renato-alves","tag-metodo-renato-alves","tag-renato-alves","tag-renato-alves-memorizacao"],"_links":{"self":[{"href":"https:\/\/renatoalves.com.br\/blog\/wp-json\/wp\/v2\/posts\/5496","targetHints":{"allow":["GET"]}}],"collection":[{"href":"https:\/\/renatoalves.com.br\/blog\/wp-json\/wp\/v2\/posts"}],"about":[{"href":"https:\/\/renatoalves.com.br\/blog\/wp-json\/wp\/v2\/types\/post"}],"author":[{"embeddable":true,"href":"https:\/\/renatoalves.com.br\/blog\/wp-json\/wp\/v2\/users\/10"}],"replies":[{"embeddable":true,"href":"https:\/\/renatoalves.com.br\/blog\/wp-json\/wp\/v2\/comments?post=5496"}],"version-history":[{"count":1,"href":"https:\/\/renatoalves.com.br\/blog\/wp-json\/wp\/v2\/posts\/5496\/revisions"}],"predecessor-version":[{"id":10487,"href":"https:\/\/renatoalves.com.br\/blog\/wp-json\/wp\/v2\/posts\/5496\/revisions\/10487"}],"wp:featuredmedia":[{"embeddable":true,"href":"https:\/\/renatoalves.com.br\/blog\/wp-json\/wp\/v2\/media\/10486"}],"wp:attachment":[{"href":"https:\/\/renatoalves.com.br\/blog\/wp-json\/wp\/v2\/media?parent=5496"}],"wp:term":[{"taxonomy":"category","embeddable":true,"href":"https:\/\/renatoalves.com.br\/blog\/wp-json\/wp\/v2\/categories?post=5496"},{"taxonomy":"post_tag","embeddable":true,"href":"https:\/\/renatoalves.com.br\/blog\/wp-json\/wp\/v2\/tags?post=5496"}],"curies":[{"name":"wp","href":"https:\/\/api.w.org\/{rel}","templated":true}]}}