{"id":5529,"date":"2025-08-08T23:00:00","date_gmt":"2025-08-09T02:00:00","guid":{"rendered":"https:\/\/renatoalves.com.br\/blog\/?p=5529"},"modified":"2025-08-08T09:04:40","modified_gmt":"2025-08-08T12:04:40","slug":"idoso-velho-idade-nao-e-desculpa","status":"publish","type":"post","link":"https:\/\/renatoalves.com.br\/blog\/idoso-velho-idade-nao-e-desculpa\/","title":{"rendered":"Seja idoso, n\u00e3o velho. Idade n\u00e3o \u00e9 desculpa!"},"content":{"rendered":"\n<p>Voc\u00ea j\u00e1 imaginou como ser\u00e1 sua vida aos 80 anos?<br>E mais: <strong>idoso precisa ser sin\u00f4nimo de velho?<\/strong><\/p>\n\n\n\n<p>A ci\u00eancia aponta que <strong>os primeiros humanos capazes de viver com sa\u00fade e lucidez at\u00e9 os 120 anos j\u00e1 est\u00e3o entre n\u00f3s<\/strong>. Se voc\u00ea hoje mant\u00e9m corpo saud\u00e1vel, <a href=\"https:\/\/memoriablindada.com.br\/\" target=\"_blank\" rel=\"noreferrer noopener\">mente equilibrada e mem\u00f3ria forte<\/a>, j\u00e1 est\u00e1 a caminho de fazer parte de um grupo especial: o dos <strong>superidosos<\/strong>.<\/p>\n\n\n\n<figure class=\"wp-block-image size-large\"><a href=\"https:\/\/memoriablindada.com.br\/\"><img fetchpriority=\"high\" decoding=\"async\" width=\"1024\" height=\"120\" src=\"https:\/\/renatoalves.com.br\/blog\/wp-content\/uploads\/2014\/09\/MEMORIA-BLINDADA-BANNER-BLOG-RENATO-ALVES-1024x120.png\" alt=\"banner mem\u00f3ria blindada\" class=\"wp-image-10107\" srcset=\"https:\/\/renatoalves.com.br\/blog\/wp-content\/uploads\/2014\/09\/MEMORIA-BLINDADA-BANNER-BLOG-RENATO-ALVES-1024x120.png 1024w, https:\/\/renatoalves.com.br\/blog\/wp-content\/uploads\/2014\/09\/MEMORIA-BLINDADA-BANNER-BLOG-RENATO-ALVES-300x35.png 300w, https:\/\/renatoalves.com.br\/blog\/wp-content\/uploads\/2014\/09\/MEMORIA-BLINDADA-BANNER-BLOG-RENATO-ALVES-768x90.png 768w, https:\/\/renatoalves.com.br\/blog\/wp-content\/uploads\/2014\/09\/MEMORIA-BLINDADA-BANNER-BLOG-RENATO-ALVES-1536x181.png 1536w, https:\/\/renatoalves.com.br\/blog\/wp-content\/uploads\/2014\/09\/MEMORIA-BLINDADA-BANNER-BLOG-RENATO-ALVES.png 1700w\" sizes=\"(max-width: 1024px) 100vw, 1024px\" \/><\/a><\/figure>\n\n\n\n<h2 class=\"wp-block-heading\"><strong>Viver mais \u00e9 diferente de viver melhor<\/strong><\/h2>\n\n\n\n<p>O brasileiro j\u00e1 ultrapassou a m\u00e9dia de 75 anos de expectativa de vida.<br>O desafio agora \u00e9 <strong>envelhecer sem depender de dezenas de rem\u00e9dios e sem abrir m\u00e3o da qualidade de vida<\/strong>.<\/p>\n\n\n\n<p>Aos 40 anos, j\u00e1 \u00e9 hora de pensar nisso.<br>Um dos maiores vil\u00f5es do envelhecimento \u00e9 o <strong>Alzheimer<\/strong>, que rouba mem\u00f3rias e identidade.<br>O ditado popular j\u00e1 alerta: <em>\u201cMente vazia, oficina do Alzheimer\u201d<\/em>.<\/p>\n\n\n\n<p><strong>Manter o c\u00e9rebro ativo \u00e9 t\u00e3o importante quanto cuidar do corpo.<\/strong><\/p>\n\n\n\n<h3 class=\"wp-block-heading\"><strong>Exemplos que inspiram<\/strong><\/h3>\n\n\n\n<ul class=\"wp-block-list\">\n<li><strong>Abilio Diniz (81 anos)<\/strong> \u2013 empres\u00e1rio, conselheiro de grandes empresas, mente ativa e estilo de vida saud\u00e1vel.<\/li>\n\n\n\n<li><strong>Irene Obera (84 anos)<\/strong> \u2013 atleta, treina 3 a 4 vezes por semana e mant\u00e9m o lema: <em>\u201cUm derrotista nunca vence e um vencedor nunca desiste\u201d<\/em>.<\/li>\n<\/ul>\n\n\n\n<p>Esses casos mostram que <strong>o segredo n\u00e3o \u00e9 parar o tempo, mas usar bem o tempo que temos<\/strong>.<\/p>\n\n\n\n<h2 class=\"wp-block-heading\"><strong>O que a ci\u00eancia j\u00e1 sabe sobre os superidosos<\/strong>?<\/h2>\n\n\n\n<p>Pesquisas da USP, UFMG e PUC-RS mostram que superidosos t\u00eam \u00e1reas do c\u00e9rebro ligadas \u00e0 mem\u00f3ria e motiva\u00e7\u00e3o <strong>mais ativas<\/strong> do que a m\u00e9dia.<br>Comportamentalmente, s\u00e3o:<\/p>\n\n\n\n<ul class=\"wp-block-list\">\n<li>Ativos<\/li>\n\n\n\n<li>Otimistas<\/li>\n\n\n\n<li>Soci\u00e1veis<\/li>\n<\/ul>\n\n\n\n<p>E continuam cuidando de h\u00e1bitos como:<\/p>\n\n\n\n<ul class=\"wp-block-list\">\n<li>Alimenta\u00e7\u00e3o equilibrada<\/li>\n\n\n\n<li>Exerc\u00edcios f\u00edsicos<\/li>\n\n\n\n<li>Est\u00edmulo mental constante<\/li>\n<\/ul>\n\n\n\n<h3 class=\"wp-block-heading\"><strong>Segredos para ser idoso, mas n\u00e3o velho<\/strong><\/h3>\n\n\n\n<ol class=\"wp-block-list\">\n<li><strong>Movimente-se<\/strong> \u2013 corpo ativo, mente ativa.<\/li>\n\n\n\n<li><strong>Alimente-se bem<\/strong> \u2013 <em>\u201cCaf\u00e9 da manh\u00e3 de rei, almo\u00e7o de pr\u00edncipe, jantar de plebeu\u201d<\/em>.<\/li>\n\n\n\n<li><strong>Exercite a mente<\/strong> \u2013 leitura, jogos, conversas, aprendizado cont\u00ednuo.<\/li>\n\n\n\n<li><strong>Seja soci\u00e1vel<\/strong> \u2013 converse, viaje, conhe\u00e7a novas pessoas.<\/li>\n\n\n\n<li><strong>Pense longe<\/strong> \u2013 visualize um futuro saud\u00e1vel e tome decis\u00f5es alinhadas a isso.<\/li>\n<\/ol>\n\n\n\n<p>Se voc\u00ea quer garantir uma<a href=\"https:\/\/renatoalves.com.br\/blog\/distracao-falta-de-concentracao-e-foco\/\" target=\"_blank\" rel=\"noreferrer noopener\"> mente forte<\/a> para envelhecer com sa\u00fade, conhe\u00e7a o <strong><a href=\"https:\/\/memoriablindada.com.br\/\" target=\"_blank\" rel=\"noreferrer noopener\">curso Mem\u00f3ria Blindada<\/a><\/strong>.<br>M\u00e9todo validado em mais de 100 pa\u00edses, 97% de aprova\u00e7\u00e3o e garantia de 7 dias \u2014 risco zero para voc\u00ea.<\/p>\n\n\n\n<figure class=\"wp-block-image size-large\"><a href=\"https:\/\/memoriablindada.com.br\/\"><img fetchpriority=\"high\" decoding=\"async\" width=\"1024\" height=\"120\" src=\"https:\/\/renatoalves.com.br\/blog\/wp-content\/uploads\/2014\/09\/MEMORIA-BLINDADA-BANNER-BLOG-RENATO-ALVES-1024x120.png\" alt=\"banner mem\u00f3ria blindada\" class=\"wp-image-10107\" srcset=\"https:\/\/renatoalves.com.br\/blog\/wp-content\/uploads\/2014\/09\/MEMORIA-BLINDADA-BANNER-BLOG-RENATO-ALVES-1024x120.png 1024w, https:\/\/renatoalves.com.br\/blog\/wp-content\/uploads\/2014\/09\/MEMORIA-BLINDADA-BANNER-BLOG-RENATO-ALVES-300x35.png 300w, https:\/\/renatoalves.com.br\/blog\/wp-content\/uploads\/2014\/09\/MEMORIA-BLINDADA-BANNER-BLOG-RENATO-ALVES-768x90.png 768w, https:\/\/renatoalves.com.br\/blog\/wp-content\/uploads\/2014\/09\/MEMORIA-BLINDADA-BANNER-BLOG-RENATO-ALVES-1536x181.png 1536w, https:\/\/renatoalves.com.br\/blog\/wp-content\/uploads\/2014\/09\/MEMORIA-BLINDADA-BANNER-BLOG-RENATO-ALVES.png 1700w\" sizes=\"(max-width: 1024px) 100vw, 1024px\" \/><\/a><\/figure>\n\n\n\n<h2 class=\"wp-block-heading\"><strong>Perguntas frequentes<\/strong> (FAQ)<\/h2>\n\n\n\n<h3 class=\"wp-block-heading\"><strong>1. O que diferencia um idoso de um velho?<\/strong><\/h3>\n\n\n\n<p>Idoso \u00e9 quem tem idade avan\u00e7ada. Velho \u00e9 quem se deixa vencer pelo desuso, pela inatividade e pela falta de curiosidade pela vida.<\/p>\n\n\n\n<h3 class=\"wp-block-heading\"><strong>2. \u00c9 poss\u00edvel prevenir o Alzheimer apenas com h\u00e1bitos?<\/strong><\/h3>\n\n\n\n<p>N\u00e3o existe preven\u00e7\u00e3o garantida, mas h\u00e1bitos saud\u00e1veis reduzem significativamente o risco e retardam sintomas.<\/p>\n\n\n\n<h3 class=\"wp-block-heading\"><strong>3. Qual o papel da mem\u00f3ria no envelhecimento saud\u00e1vel?<\/strong><\/h3>\n\n\n\n<p>Mem\u00f3ria forte \u00e9 base para autonomia, autoestima e lucidez na terceira idade.<\/p>\n\n\n\n<h3 class=\"wp-block-heading\"><strong>4. Quando devo come\u00e7ar a cuidar da minha mente para o futuro?<\/strong><\/h3>\n\n\n\n<p>O ideal \u00e9 come\u00e7ar antes dos 40, mas nunca \u00e9 tarde para adotar novos h\u00e1bitos.<\/p>\n\n\n\n<h3 class=\"wp-block-heading\"><strong>5. Como posso treinar minha mem\u00f3ria de forma pr\u00e1tica?<\/strong><\/h3>\n\n\n\n<p>Cursos como o <em>Mem\u00f3ria Blindada<\/em> ensinam t\u00e9cnicas que podem ser aplicadas diariamente para fortalecer a mente.<\/p>\n\n\n\n<h2 class=\"wp-block-heading\">Veja tamb\u00e9m:<\/h2>\n\n\n\n<figure class=\"wp-block-embed is-type-rich is-provider-incorporar-manipulador wp-block-embed-incorporar-manipulador wp-embed-aspect-16-9 wp-has-aspect-ratio\"><div class=\"wp-block-embed__wrapper\">\n<iframe title=\"O Melhor REM\u00c9DIO Natural para Mem\u00f3ria e Foco (N\u00e3o \u00c9 o Que Voc\u00ea Pensa)\" width=\"800\" height=\"450\" src=\"https:\/\/www.youtube.com\/embed\/-2L0qE-M7bo?feature=oembed\" frameborder=\"0\" allow=\"accelerometer; autoplay; clipboard-write; encrypted-media; gyroscope; picture-in-picture; web-share\" referrerpolicy=\"strict-origin-when-cross-origin\" allowfullscreen><\/iframe>\n<\/div><\/figure>\n\n\n\n<p><\/p>\n","protected":false},"excerpt":{"rendered":"<p>Voc\u00ea j\u00e1 imaginou como ser\u00e1 sua vida aos 80 anos?E mais: idoso precisa ser sin\u00f4nimo de velho? A ci\u00eancia aponta que os primeiros humanos capazes de viver com sa\u00fade e lucidez at\u00e9 os 120 anos j\u00e1 est\u00e3o entre n\u00f3s. Se voc\u00ea hoje mant\u00e9m corpo saud\u00e1vel, mente equilibrada e mem\u00f3ria forte, j\u00e1 est\u00e1 a caminho de [&hellip;]<\/p>\n","protected":false},"author":10,"featured_media":5560,"comment_status":"open","ping_status":"open","sticky":false,"template":"","format":"standard","meta":{"footnotes":""},"categories":[264],"tags":[41,145,56,44,45,46,86,212,98,68,70,6,412,29,42,74,99,47,55,95,413],"class_list":["post-5529","post","type-post","status-publish","format-standard","has-post-thumbnail","hentry","category-saude-e-qualidade-de-vida","tag-alzheimer","tag-boa-memoria","tag-branco-na-memoria","tag-concentracao","tag-curso-de-memorizacao","tag-curso-de-memorizacao-online","tag-curso-estudo-e-memorizacao","tag-curso-memoria-blindada","tag-curso-online-renato-alves","tag-curso-renato-alves","tag-dicas-memorizacao","tag-evitar-esquecimentos","tag-idoso","tag-memoria","tag-memorizacao","tag-metodo-renato-alves","tag-qual-o-melhor-curso-de-memorizacao","tag-remedio-para-memoria","tag-renato-alves","tag-renato-alves-memorizacao","tag-velho"],"_links":{"self":[{"href":"https:\/\/renatoalves.com.br\/blog\/wp-json\/wp\/v2\/posts\/5529","targetHints":{"allow":["GET"]}}],"collection":[{"href":"https:\/\/renatoalves.com.br\/blog\/wp-json\/wp\/v2\/posts"}],"about":[{"href":"https:\/\/renatoalves.com.br\/blog\/wp-json\/wp\/v2\/types\/post"}],"author":[{"embeddable":true,"href":"https:\/\/renatoalves.com.br\/blog\/wp-json\/wp\/v2\/users\/10"}],"replies":[{"embeddable":true,"href":"https:\/\/renatoalves.com.br\/blog\/wp-json\/wp\/v2\/comments?post=5529"}],"version-history":[{"count":1,"href":"https:\/\/renatoalves.com.br\/blog\/wp-json\/wp\/v2\/posts\/5529\/revisions"}],"predecessor-version":[{"id":10478,"href":"https:\/\/renatoalves.com.br\/blog\/wp-json\/wp\/v2\/posts\/5529\/revisions\/10478"}],"wp:featuredmedia":[{"embeddable":true,"href":"https:\/\/renatoalves.com.br\/blog\/wp-json\/wp\/v2\/media\/5560"}],"wp:attachment":[{"href":"https:\/\/renatoalves.com.br\/blog\/wp-json\/wp\/v2\/media?parent=5529"}],"wp:term":[{"taxonomy":"category","embeddable":true,"href":"https:\/\/renatoalves.com.br\/blog\/wp-json\/wp\/v2\/categories?post=5529"},{"taxonomy":"post_tag","embeddable":true,"href":"https:\/\/renatoalves.com.br\/blog\/wp-json\/wp\/v2\/tags?post=5529"}],"curies":[{"name":"wp","href":"https:\/\/api.w.org\/{rel}","templated":true}]}}