{"id":5698,"date":"2025-08-08T16:50:00","date_gmt":"2025-08-08T19:50:00","guid":{"rendered":"https:\/\/renatoalves.com.br\/blog\/?p=5698"},"modified":"2025-08-08T08:41:37","modified_gmt":"2025-08-08T11:41:37","slug":"feira-do-livro-memorizacao-leitura-infantil","status":"publish","type":"post","link":"https:\/\/renatoalves.com.br\/blog\/feira-do-livro-memorizacao-leitura-infantil\/","title":{"rendered":"Feira do Livro: Memoriza\u00e7\u00e3o e Leitura Infantil presentes em S\u00e3o Joaquim da Barra"},"content":{"rendered":"\n<p>Como \u00e9 gratificante ver no Brasil<a href=\"https:\/\/lerrapido.com.br\/\" target=\"_blank\" rel=\"noreferrer noopener\"> <strong>iniciativas que estimulam a leitura<\/strong><\/a>!<br>Assim como ocorre na Bienal do Livro de S\u00e3o Paulo, acredito que <strong>cada cidade deveria ter a sua pr\u00f3pria feira do livro<\/strong>.<\/p>\n\n\n\n<p>Um bom livro \u00e9 capaz de transformar n\u00e3o apenas uma pessoa, mas at\u00e9 regi\u00f5es inteiras.<br>Se voc\u00ea me acompanha, j\u00e1 sabe: sou apaixonado por leitura e pelo <strong>rico conhecimento<\/strong> que os livros oferecem.<\/p>\n\n\n\n<p>Muitas vezes, o conte\u00fado de um livro pode <strong>mudar nossa perspectiva<\/strong> e ampliar nossa vis\u00e3o sobre temas que antes conhec\u00edamos pouco.<\/p>\n\n\n\n<figure class=\"wp-block-image size-large\"><a href=\"https:\/\/lerrapido.com.br\/\"><img fetchpriority=\"high\" decoding=\"async\" width=\"1024\" height=\"120\" src=\"https:\/\/renatoalves.com.br\/blog\/wp-content\/uploads\/2025\/05\/METALEITURA-BANNER-BLOG-RENATO-ALVES-1024x120.png\" alt=\"banner metaleitura\" class=\"wp-image-10134\" srcset=\"https:\/\/renatoalves.com.br\/blog\/wp-content\/uploads\/2025\/05\/METALEITURA-BANNER-BLOG-RENATO-ALVES-1024x120.png 1024w, https:\/\/renatoalves.com.br\/blog\/wp-content\/uploads\/2025\/05\/METALEITURA-BANNER-BLOG-RENATO-ALVES-300x35.png 300w, https:\/\/renatoalves.com.br\/blog\/wp-content\/uploads\/2025\/05\/METALEITURA-BANNER-BLOG-RENATO-ALVES-768x90.png 768w, https:\/\/renatoalves.com.br\/blog\/wp-content\/uploads\/2025\/05\/METALEITURA-BANNER-BLOG-RENATO-ALVES-1536x181.png 1536w, https:\/\/renatoalves.com.br\/blog\/wp-content\/uploads\/2025\/05\/METALEITURA-BANNER-BLOG-RENATO-ALVES.png 1700w\" sizes=\"(max-width: 1024px) 100vw, 1024px\" \/><\/a><\/figure>\n\n\n\n<h2 class=\"wp-block-heading\">Mais que eventos: encontros que inspiram<\/h2>\n\n\n\n<p>Voc\u00ea considera a leitura importante na vida de uma pessoa?<br>Eu acredito que sim \u2014 e muito.<\/p>\n\n\n\n<p>As feiras do livro n\u00e3o s\u00e3o apenas eventos para vender livros.<br>Elas s\u00e3o <strong>pontos de encontro<\/strong> para autores, leitores e curiosos. S\u00e3o portas para debates, troca de ideias e acesso a novas culturas.<\/p>\n\n\n\n<h2 class=\"wp-block-heading\">Memoriza\u00e7\u00e3o e leitura na inf\u00e2ncia: minha palestra na Feira de S\u00e3o Joaquim da Barra<\/h2>\n\n\n\n<p>Na \u00faltima sexta-feira, 31 de agosto, tive o prazer de participar da <strong>11\u00aa Feira do Livro de S\u00e3o Joaquim da Barra<\/strong>.<br>Palestei sobre <strong>a import\u00e2ncia da memoriza\u00e7\u00e3o no dia a dia<\/strong>, com foco especial na leitura.<\/p>\n\n\n\n<p>O evento reuniu <strong>pessoas de todas as idades<\/strong>, mas fiquei especialmente feliz com a forte presen\u00e7a de crian\u00e7as.<br>A inf\u00e2ncia \u00e9 <strong>o per\u00edodo mais importante para o desenvolvimento cognitivo<\/strong>, e a leitura nessa fase estimula:<\/p>\n\n\n\n<ul class=\"wp-block-list\">\n<li>Olhar cr\u00edtico e participativo<\/li>\n\n\n\n<li>Vocabul\u00e1rio amplo<\/li>\n\n\n\n<li>Imagina\u00e7\u00e3o rica e criativa<\/li>\n<\/ul>\n\n\n\n<h2 class=\"wp-block-heading\">A nova gera\u00e7\u00e3o de leitores<\/h2>\n\n\n\n<p>Vejo com alegria que as crian\u00e7as est\u00e3o cada vez mais <strong>engajadas com a literatura juvenil<\/strong>.<br>Autores contempor\u00e2neos, enredos fant\u00e1sticos e at\u00e9 a influ\u00eancia de youtubers t\u00eam aproximado os jovens dos livros.<\/p>\n\n\n\n<p>Quando um autor ou influenciador participa de um evento, o p\u00fablico infantojuvenil responde com entusiasmo \u2014 e isso \u00e9 excelente para cultivar o h\u00e1bito da leitura.<\/p>\n\n\n\n<h2 class=\"wp-block-heading\">Mais cultura, mais oportunidades<\/h2>\n\n\n\n<p>Realizada entre 29 de agosto e 02 de setembro, a feira reuniu <strong>arte, cultura, gastronomia, neg\u00f3cios e educa\u00e7\u00e3o<\/strong>.<br>Todos que participaram sa\u00edram enriquecidos pela experi\u00eancia.<\/p>\n\n\n\n<p>Independentemente do formato ou do g\u00eanero, o que realmente importa \u00e9 <strong>ler<\/strong>. Cada pessoa tem seu estilo e ritmo, mas o essencial \u00e9 tornar a leitura parte da rotina.<\/p>\n\n\n\n<h2 class=\"wp-block-heading\">E voc\u00ea?<\/h2>\n\n\n\n<p>J\u00e1 participou de uma feira do livro?<br>Conte nos coment\u00e1rios como foi sua experi\u00eancia. Vou adorar ler e responder.<\/p>\n\n\n\n<h2 class=\"wp-block-heading\">Quer ler at\u00e9 50 livros por ano?<\/h2>\n\n\n\n<p>Se voc\u00ea deseja aumentar seu ritmo de leitura, conhe\u00e7a o <strong>curso Fast Read<\/strong>.<br>Nele, ensino t\u00e9cnicas para<a href=\"https:\/\/renatoalves.com.br\/blog\/guia-definitivo-leitura-dinamica\/\" target=\"_blank\" rel=\"noreferrer noopener\"> ler at\u00e9 <strong>3x mais r\u00e1pido<\/strong>,<\/a> mantendo a compreens\u00e3o e o prazer da leitura.<\/p>\n\n\n\n<figure class=\"wp-block-image size-large\"><a href=\"https:\/\/lerrapido.com.br\/\"><img fetchpriority=\"high\" decoding=\"async\" width=\"1024\" height=\"120\" src=\"https:\/\/renatoalves.com.br\/blog\/wp-content\/uploads\/2025\/05\/METALEITURA-BANNER-BLOG-RENATO-ALVES-1024x120.png\" alt=\"banner metaleitura\" class=\"wp-image-10134\" srcset=\"https:\/\/renatoalves.com.br\/blog\/wp-content\/uploads\/2025\/05\/METALEITURA-BANNER-BLOG-RENATO-ALVES-1024x120.png 1024w, https:\/\/renatoalves.com.br\/blog\/wp-content\/uploads\/2025\/05\/METALEITURA-BANNER-BLOG-RENATO-ALVES-300x35.png 300w, https:\/\/renatoalves.com.br\/blog\/wp-content\/uploads\/2025\/05\/METALEITURA-BANNER-BLOG-RENATO-ALVES-768x90.png 768w, https:\/\/renatoalves.com.br\/blog\/wp-content\/uploads\/2025\/05\/METALEITURA-BANNER-BLOG-RENATO-ALVES-1536x181.png 1536w, https:\/\/renatoalves.com.br\/blog\/wp-content\/uploads\/2025\/05\/METALEITURA-BANNER-BLOG-RENATO-ALVES.png 1700w\" sizes=\"(max-width: 1024px) 100vw, 1024px\" \/><\/a><\/figure>\n\n\n\n<h2 class=\"wp-block-heading\">Perguntas Frequentes (FAQ)<\/h2>\n\n\n\n<h3 class=\"wp-block-heading\"><strong>1. Vale a pena levar crian\u00e7as para feiras do livro?<\/strong><\/h3>\n\n\n\n<p>Sim! Eventos assim ajudam a despertar o interesse pela leitura desde cedo.<\/p>\n\n\n\n<h3 class=\"wp-block-heading\"><strong>2. Como aproveitar melhor uma feira do livro?<\/strong><\/h3>\n\n\n\n<p>Planeje visitar estandes variados, assistir a palestras e interagir com autores.<\/p>\n\n\n\n<h3 class=\"wp-block-heading\"><strong>3. O que \u00e9 mais importante: quantidade ou qualidade de leitura?<\/strong><\/h3>\n\n\n\n<p>A qualidade vem em primeiro lugar, mas a velocidade pode ser treinada para aproveitar melhor o tempo.<\/p>\n\n\n\n<h3 class=\"wp-block-heading\"><strong>4. O curso Fast Read funciona para qualquer tipo de livro?<\/strong><\/h3>\n\n\n\n<p>Sim. As t\u00e9cnicas podem ser aplicadas a livros t\u00e9cnicos, acad\u00eamicos e de lazer.<\/p>\n\n\n\n<h3 class=\"wp-block-heading\"><strong>5. Em quanto tempo consigo aumentar minha velocidade de leitura?<\/strong><\/h3>\n\n\n\n<p>Muitos alunos percebem resultados nas primeiras semanas de treino.<\/p>\n\n\n\n<h2 class=\"wp-block-heading\">Veja tamb\u00e9m:<\/h2>\n\n\n\n<figure class=\"wp-block-embed is-type-rich is-provider-incorporar-manipulador wp-block-embed-incorporar-manipulador wp-embed-aspect-16-9 wp-has-aspect-ratio\"><div class=\"wp-block-embed__wrapper\">\n<iframe title=\"Como Ler 10x Mais R\u00e1pido (Sem Perder a Compreens\u00e3o!)\" width=\"800\" height=\"450\" src=\"https:\/\/www.youtube.com\/embed\/vKqUn68nAr4?feature=oembed\" frameborder=\"0\" allow=\"accelerometer; autoplay; clipboard-write; encrypted-media; gyroscope; picture-in-picture; web-share\" referrerpolicy=\"strict-origin-when-cross-origin\" allowfullscreen><\/iframe>\n<\/div><\/figure>\n\n\n\n<p><\/p>\n","protected":false},"excerpt":{"rendered":"<p>Como \u00e9 gratificante ver no Brasil iniciativas que estimulam a leitura!Assim como ocorre na Bienal do Livro de S\u00e3o Paulo, acredito que cada cidade deveria ter a sua pr\u00f3pria feira do livro. Um bom livro \u00e9 capaz de transformar n\u00e3o apenas uma pessoa, mas at\u00e9 regi\u00f5es inteiras.Se voc\u00ea me acompanha, j\u00e1 sabe: sou apaixonado por [&hellip;]<\/p>\n","protected":false},"author":10,"featured_media":5713,"comment_status":"open","ping_status":"open","sticky":false,"template":"","format":"standard","meta":{"footnotes":""},"categories":[32,265],"tags":[408,204,98,68,138,417,76,416,415,77],"class_list":["post-5698","post","type-post","status-publish","format-standard","has-post-thumbnail","hentry","category-namidia","category-sobre-o-autor","tag-bienal-do-livro","tag-curso-fast-read","tag-curso-online-renato-alves","tag-curso-renato-alves","tag-fast-read","tag-feira-do-livro","tag-leitura-dinamica","tag-leitura-infantil","tag-leitura-na-infancia","tag-leitura-rapida"],"_links":{"self":[{"href":"https:\/\/renatoalves.com.br\/blog\/wp-json\/wp\/v2\/posts\/5698","targetHints":{"allow":["GET"]}}],"collection":[{"href":"https:\/\/renatoalves.com.br\/blog\/wp-json\/wp\/v2\/posts"}],"about":[{"href":"https:\/\/renatoalves.com.br\/blog\/wp-json\/wp\/v2\/types\/post"}],"author":[{"embeddable":true,"href":"https:\/\/renatoalves.com.br\/blog\/wp-json\/wp\/v2\/users\/10"}],"replies":[{"embeddable":true,"href":"https:\/\/renatoalves.com.br\/blog\/wp-json\/wp\/v2\/comments?post=5698"}],"version-history":[{"count":3,"href":"https:\/\/renatoalves.com.br\/blog\/wp-json\/wp\/v2\/posts\/5698\/revisions"}],"predecessor-version":[{"id":10470,"href":"https:\/\/renatoalves.com.br\/blog\/wp-json\/wp\/v2\/posts\/5698\/revisions\/10470"}],"wp:featuredmedia":[{"embeddable":true,"href":"https:\/\/renatoalves.com.br\/blog\/wp-json\/wp\/v2\/media\/5713"}],"wp:attachment":[{"href":"https:\/\/renatoalves.com.br\/blog\/wp-json\/wp\/v2\/media?parent=5698"}],"wp:term":[{"taxonomy":"category","embeddable":true,"href":"https:\/\/renatoalves.com.br\/blog\/wp-json\/wp\/v2\/categories?post=5698"},{"taxonomy":"post_tag","embeddable":true,"href":"https:\/\/renatoalves.com.br\/blog\/wp-json\/wp\/v2\/tags?post=5698"}],"curies":[{"name":"wp","href":"https:\/\/api.w.org\/{rel}","templated":true}]}}