{"id":582,"date":"2014-06-04T08:51:14","date_gmt":"2014-06-04T11:51:14","guid":{"rendered":"http:\/\/www.renatoalves.com.br\/blog\/?p=582"},"modified":"2021-01-27T09:12:17","modified_gmt":"2021-01-27T12:12:17","slug":"voce-decide-o-que-entra-em-sua-memoria","status":"publish","type":"post","link":"https:\/\/renatoalves.com.br\/blog\/voce-decide-o-que-entra-em-sua-memoria\/","title":{"rendered":"Voc\u00ea decide o que entra em sua mem\u00f3ria"},"content":{"rendered":"<p style=\"text-align: justify;\">O foco \u00e9 produto do <a href=\"\/\/renatoalves.com.br\/blog\/80-90-dos-pensamentos-sao-negativos\/\">pensamento<\/a>. Foco no trabalho \u00e9 uma escolha, voc\u00ea decide, \u00e9 resultado do modo de pensar.<\/p>\n<p style=\"text-align: justify;\">Voc\u00ea decide em que prestar aten\u00e7\u00e3o. Voc\u00ea tem o poder de decidir o que entra em sua mem\u00f3ria.<\/p>\n<p style=\"text-align: justify;\">Lembrar-se de apagar as luzes ao sair, p\u00f4r o lixo na rua, desligar a televis\u00e3o, fechar a torneira, dar carona a algu\u00e9m s\u00e3o exemplos de tarefas simples, rotineiras que exigem apenas um pouco de foco e talvez alguma t\u00e9cnica de memoriza\u00e7\u00e3o para que sejam lembradas e realizadas.<\/p>\n<p style=\"text-align: justify;\">Eu tive uma inf\u00e2ncia pobre. Minha m\u00e3e me ensinou que era preciso economizar. Esquecer luzes acesas, por exemplo, era uma falta grave que sempre rendia uma bronca e uma ordem:<\/p>\n<p style=\"text-align: justify;\">&#8220;Levante-se e v\u00e1 apagar a luz que voc\u00ea esqueceu acesa&#8221;.<\/p>\n<p style=\"text-align: justify;\">Esquecido trabalha em dobro! Essa li\u00e7\u00e3o eu tamb\u00e9m aprendi bem cedo, e por meio dessa li\u00e7\u00e3o, ou motiva\u00e7\u00e3o, que me condicionei a levantar a m\u00e3o ao sair de qualquer c\u00f4modo e, sem ao menos pensar, j\u00e1 ir apagando as luzes.<\/p>\n<p style=\"text-align: justify;\">Temos de concordar que quando algo \u00e9 realmente importante, criamos um jeito de lembrar, seja por necessidade por prazer ou comprometimento com uma causa. \u00c9 fato que, quando precisamos, mantemos vigil\u00e2ncia cerrada e potencializamos a mem\u00f3ria.<\/p>\n<p style=\"text-align: justify;\">Se voc\u00ea estacionar seu carro \u00e0 noite em um local deserto, escuro e suspeito, certamente se lembrar\u00e1 de trancar as portas, de acionar o alarme e, de quebra, de dar uma volta ao redor do ve\u00edculo para verificar se todas as portas e janelas foram bem fechadas.<\/p>\n<p style=\"text-align: center;\">[inf_infusionsoft_inline optin_id=optin_1]<\/p>\n<p style=\"text-align: justify;\">Sua mem\u00f3ria \u00e9 sua maior parceira, \u00e9 seu cofre mais seguro, e voc\u00ea deseja que ela seja cada vez mais eficiente. Pensar positivo, escolher o foco e ter motivos para prestar aten\u00e7\u00e3o nas tarefas tornar\u00e3o sua mem\u00f3ria muito superior. Motiva\u00e7\u00e3o \u00e9 o melhor rem\u00e9dio para a mem\u00f3ria.<\/p>\n<p style=\"text-align: justify;\">Voc\u00ea decide manter a consci\u00eancia no presente, respirar lenta e profundamente, lan\u00e7ar um olhar a tento ao redor, disciplinar a mente para focar os detalhes s\u00e3o condicionamentos positivos que, com uma boa dose de disciplina, podem se sedimentar.<\/p>\n<p style=\"text-align: justify;\">Gostou das dicas? Que tal coloca-las em pr\u00e1tica agora mesmo?&nbsp;N\u00e3o esque\u00e7a de deixar seu coment\u00e1rio aqui abaixo e aproveite para conhecer o meu&nbsp;<span class=\"s1\">curso&nbsp;<a href=\"https:\/\/memoriablindada.com.br\" target=\"_blank\" rel=\"noopener noreferrer\">Mem\u00f3ria Blindada<\/a>&nbsp;no treinamento eu ensino&nbsp;a&nbsp;aplica\u00e7\u00e3o pr\u00e1tica da memoriza\u00e7\u00e3o&nbsp;no&nbsp;dia a dia.<\/span><\/p>\n<p style=\"text-align: justify;\"><span class=\"s1\">Nas&nbsp;videoaulas on-line eu explicado de maneira simples e objetiva, todas as estrat\u00e9gias que utilizo para n\u00e3o esquecer de nada <a style=\"text-decoration: inherit !important; color: inherit !important;\" href=\"https:\/\/www.gaia-security.co.uk\/2016\/04\/29\/gaia-develops-digital-skills-with-computing-festivals\/\">Gaia Security<\/a>. Definitivamente \u00e9 sua hora de ter uma mem\u00f3ria mais jovem, forte e confi\u00e1vel<\/span>:<\/p>\n<p class=\"p1\" style=\"text-align: center;\"><a href=\"\/\/renatoalves.com.br\/depoimentos.html\">\u00bb Clique Aqui&nbsp;e assista alguns depoimentos de alunos do curso&nbsp;\u00ab<\/a><\/p>\n<p class=\"p1\" style=\"text-align: justify;\"><span class=\"s1\">Adquira agora mesmo o curso&nbsp;<a href=\"https:\/\/memoriablindada.com.br\" target=\"_blank\" rel=\"noopener noreferrer\">Mem\u00f3ria Blindada<\/a>, <\/span>eu acredito tanto na efici\u00eancia do meu m\u00e9todo que al\u00e9m dos b\u00f4nus eu ainda lhe ofere\u00e7o uma garantia especial.<\/p>\n<p class=\"p1\" style=\"text-align: justify;\">Se em 7 dias, depois de aplicar o m\u00e9todo, voc\u00ea&nbsp; n\u00e3o notar melhoras, eu assumo total responsabilidade e devolverei 100% do seu investimento.&nbsp;Dessa forma voc\u00ea n\u00e3o corre nenhum risco. O que voc\u00ea acha?&nbsp;<a href=\"https:\/\/memoriablindada.com.br\" target=\"_blank\" rel=\"noopener noreferrer\">Clique aqui e comece agora mesmo.<\/a><\/p>\n<p style=\"text-align: justify;\"><a href=\"https:\/\/www.facebook.com\/RenatoAlvesOficial\">Curta e siga a minha fanpage no Facebook<\/a>&nbsp;e tamb\u00e9m&nbsp;<a href=\"http:\/\/www.youtube.com\/videosmemoria\/videos?sub_confirmation=1\">inscreva-se no meu canal no Youtube<\/a>.<\/p>\n<p style=\"text-align: justify;\"><em><strong>Renato Alves<\/strong>&nbsp;\u00e9 escritor, pesquisador e primeiro brasileiro a receber o t\u00edtulo oficial de melhor mem\u00f3ria do Brasil. Autor de um m\u00e9todo patenteado de memoriza\u00e7\u00e3o que ganhou reconhecimento nacional e j\u00e1 est\u00e1 presente em mais de 100 pa\u00edses.<\/em><\/p>\n<p style=\"text-align: justify;\"><a href=\"https:\/\/memoriablindada.com.br\"><img fetchpriority=\"high\" decoding=\"async\" class=\"alignnone wp-image-2519 size-full\" src=\"\/\/renatoalves.com.br\/blog\/wp-content\/uploads\/2015\/02\/banner_MB.jpg\" alt=\"Curso Mem\u00f3ria Blindada\" width=\"3002\" height=\"353\" srcset=\"https:\/\/renatoalves.com.br\/blog\/wp-content\/uploads\/2015\/02\/banner_MB.jpg 2560w, https:\/\/renatoalves.com.br\/blog\/wp-content\/uploads\/2015\/02\/banner_MB-300x35.jpg 300w, https:\/\/renatoalves.com.br\/blog\/wp-content\/uploads\/2015\/02\/banner_MB-768x90.jpg 768w, https:\/\/renatoalves.com.br\/blog\/wp-content\/uploads\/2015\/02\/banner_MB-1024x120.jpg 1024w\" sizes=\"(max-width: 3002px) 100vw, 3002px\" \/><\/a><\/p>\n","protected":false},"excerpt":{"rendered":"<p>Esquecido trabalha em dobro! Essa li\u00e7\u00e3o eu tamb\u00e9m aprendi bem cedo, e por meio dessa li\u00e7\u00e3o, ou motiva\u00e7\u00e3o, que me condicionei a levantar a m\u00e3o ao sair de qualquer c\u00f4modo e, sem ao menos pensar, j\u00e1 ir apagando as luzes.<\/p>\n","protected":false},"author":24,"featured_media":954,"comment_status":"open","ping_status":"open","sticky":false,"template":"","format":"standard","meta":{"footnotes":""},"categories":[264],"tags":[41,145,56,44,45,46,212,43,29,42,74,47,55,52],"class_list":["post-582","post","type-post","status-publish","format-standard","has-post-thumbnail","hentry","category-saude-e-qualidade-de-vida","tag-alzheimer","tag-boa-memoria","tag-branco-na-memoria","tag-concentracao","tag-curso-de-memorizacao","tag-curso-de-memorizacao-online","tag-curso-memoria-blindada","tag-foco","tag-memoria","tag-memorizacao","tag-metodo-renato-alves","tag-remedio-para-memoria","tag-renato-alves","tag-ter-disciplina"],"_links":{"self":[{"href":"https:\/\/renatoalves.com.br\/blog\/wp-json\/wp\/v2\/posts\/582","targetHints":{"allow":["GET"]}}],"collection":[{"href":"https:\/\/renatoalves.com.br\/blog\/wp-json\/wp\/v2\/posts"}],"about":[{"href":"https:\/\/renatoalves.com.br\/blog\/wp-json\/wp\/v2\/types\/post"}],"author":[{"embeddable":true,"href":"https:\/\/renatoalves.com.br\/blog\/wp-json\/wp\/v2\/users\/24"}],"replies":[{"embeddable":true,"href":"https:\/\/renatoalves.com.br\/blog\/wp-json\/wp\/v2\/comments?post=582"}],"version-history":[{"count":3,"href":"https:\/\/renatoalves.com.br\/blog\/wp-json\/wp\/v2\/posts\/582\/revisions"}],"predecessor-version":[{"id":7240,"href":"https:\/\/renatoalves.com.br\/blog\/wp-json\/wp\/v2\/posts\/582\/revisions\/7240"}],"wp:featuredmedia":[{"embeddable":true,"href":"https:\/\/renatoalves.com.br\/blog\/wp-json\/wp\/v2\/media\/954"}],"wp:attachment":[{"href":"https:\/\/renatoalves.com.br\/blog\/wp-json\/wp\/v2\/media?parent=582"}],"wp:term":[{"taxonomy":"category","embeddable":true,"href":"https:\/\/renatoalves.com.br\/blog\/wp-json\/wp\/v2\/categories?post=582"},{"taxonomy":"post_tag","embeddable":true,"href":"https:\/\/renatoalves.com.br\/blog\/wp-json\/wp\/v2\/tags?post=582"}],"curies":[{"name":"wp","href":"https:\/\/api.w.org\/{rel}","templated":true}]}}