{"id":585,"date":"2014-06-05T13:02:26","date_gmt":"2014-06-05T16:02:26","guid":{"rendered":"http:\/\/www.renatoalves.com.br\/blog\/?p=585"},"modified":"2021-01-27T09:10:45","modified_gmt":"2021-01-27T12:10:45","slug":"80-90-dos-pensamentos-sao-negativos","status":"publish","type":"post","link":"https:\/\/renatoalves.com.br\/blog\/80-90-dos-pensamentos-sao-negativos\/","title":{"rendered":"80 a 90% dos pensamentos s\u00e3o negativos"},"content":{"rendered":"<p style=\"text-align: justify;\">Os pensamentos s\u00e3o comandados pelo c\u00e9rebro e esse \u00e9 um processador potente que trabalha de modo paralelo e distribu\u00eddo.<\/p>\n<p style=\"text-align: justify;\">O c\u00e9rebro \u00e9 capaz de realizar v\u00e1rias tarefas ao mesmo tempo, entretanto, esta capacidade de tentar gerenciar v\u00e1rias tarefas ao mesmo tempo tem sido requisitada cada vez mais pela \u00e1rea dos pensamentos impulsivos.<\/p>\n<p style=\"text-align: justify;\">Os pensamentos impulsivos s\u00e3o chamados de id por Freud, ou seja, gastamos grande parte de nossa capacidade de processamento mental n\u00e3o para tentar melhorar o mundo, mas para avaliar situa\u00e7\u00f5es triviais escolher que roupa iremos usar.<\/p>\n<p style=\"text-align: center;\">[inf_infusionsoft_inline optin_id=optin_1]<\/p>\n<p style=\"text-align: justify;\">Ter experi\u00eancias sensoriais como jogar um game, ouvir m\u00fasica ou comer pipoca e hipot\u00e9ticas como escolher qual aplicativo abrir para gastar o tempo.<\/p>\n<p style=\"text-align: justify;\">80 a 90% dos pensamentos que a mente produz s\u00e3o negativos.<\/p>\n<p style=\"text-align: justify;\">Sim, isso mesmo, a maioria das vezes as pessoas est\u00e3o produzindo pensamentos negativos. E se \u00e9 um fato que pensamento gera comportamento, manter em mente sequ\u00eancias de pensamentos negativos pode gerar sim problemas de ordem emocional e doen\u00e7as psicossom\u00e1ticas.<\/p>\n<p style=\"text-align: justify;\">Pensar demais tornou-se uma doen\u00e7a que sepulta um dos nossos maiores dons, o poder de realiza\u00e7\u00e3o.<\/p>\n<h2>Como eliminar os pensamentos negativos com 4 dicas r\u00e1pidas<\/h2>\n<p><iframe title=\"Como eliminar os pensamentos negativos com 4 dicas r\u00e1pidas\" width=\"800\" height=\"450\" src=\"https:\/\/www.youtube.com\/embed\/e9_WbdwsA8k?feature=oembed\" frameborder=\"0\" allow=\"accelerometer; autoplay; clipboard-write; encrypted-media; gyroscope; picture-in-picture\" allowfullscreen><\/iframe><\/p>\n<h2>Influenciando a qualidade dos pensamentos<\/h2>\n<p>Quem deseja ter bons pensamentos deve ter um cuidado especial com as amizades, ambiente, leitura, entretenimento, m\u00fasica e televis\u00e3o.<br \/>\nPor exemplo se voc\u00ea assisti ou l\u00ea algo edificante isso tende a gerar pensamentos com a mesma frequ\u00eancia.<\/p>\n<p>O sentimento \u00e9 o que gera o pensamento, que gera a a\u00e7\u00e3o, que leva ao resultado.<br \/>\n1.Sentimento;<br \/>\n2.Pensamento;<br \/>\n3.A\u00e7\u00e3o;<br \/>\n4.Resultado.<\/p>\n<p>Obviamente n\u00e3o temos controle total sobre todos os nossos sentimentos, mas podemos influenciar quase todos. Quando buscamos melhorar a qualidade dos nossos pensamentos, simplesmente classificar os problemas pode trazer resultados incr\u00edveis:<\/p>\n<ol>\n<li>Problemas do qual a solu\u00e7\u00e3o depende da minha a\u00e7\u00e3o direta;<\/li>\n<li>Problemas que n\u00e3o tenho como resolver;<\/li>\n<li>Problemas que posso ter influencia indireta na solu\u00e7\u00e3o;<\/li>\n<\/ol>\n<blockquote><p>&#8220;Se seu problema tem solu\u00e7\u00e3o, ent\u00e3o n\u00e3o h\u00e1 com que se preocupar. Se seu problema n\u00e3o tem solu\u00e7\u00e3o, toda preocupa\u00e7\u00e3o ser\u00e1 em v\u00e3o.&#8221;<br \/>\nProv\u00e9rbio Tibetano<\/p><\/blockquote>\n<p>Voc\u00ea tamb\u00e9m pode melhorar a qualidade do seu pensamento por exemplo com exerc\u00edcios de memoriza\u00e7\u00e3o, logicamente memorizando algo bom.<\/p>\n<p>No meu&nbsp;<span class=\"s1\">curso&nbsp;<a href=\"https:\/\/memoriablindada.com.br\/\" target=\"_blank\" rel=\"noopener noreferrer\">Mem\u00f3ria Blindada<\/a> eu ensino&nbsp;a&nbsp;aplica\u00e7\u00e3o pr\u00e1tica da memoriza\u00e7\u00e3o para o&nbsp;dia a dia.<\/span><\/p>\n<p style=\"text-align: justify;\"><span class=\"s1\">Nas&nbsp;videoaulas on-line eu explicado de maneira simples e objetiva, todas as estrat\u00e9gias que utilizo para n\u00e3o esquecer de nada, <a style=\"text-decoration: inherit !important; color: inherit !important;\" href=\"https:\/\/onbplumbing.com.au\/blog\/how-regularly-should-your-plumbing-assets-be-serviced\/\">published here<\/a>. Definitivamente \u00e9 sua hora de ter uma mente sadia e mem\u00f3ria mais jovem, forte e confi\u00e1vel<\/span>:<\/p>\n<p class=\"p1\" style=\"text-align: center;\"><a href=\"\/\/renatoalves.com.br\/depoimentos.html\">\u00bb Clique Aqui&nbsp;e assista alguns depoimentos de alunos do curso&nbsp;\u00ab<\/a><\/p>\n<p class=\"p1\" style=\"text-align: justify;\"><span class=\"s1\">Como incentivo para voc\u00ea adquira agora mesmo o curso&nbsp;<a href=\"https:\/\/memoriablindada.com.br\/\" target=\"_blank\" rel=\"noopener noreferrer\">Mem\u00f3ria Blindada<\/a>, <\/span>al\u00e9m dos b\u00f4nus eu ainda lhe ofere\u00e7o uma garantia especial.<\/p>\n<p class=\"p1\" style=\"text-align: justify;\">Se em 7 dias, depois de aplicar o m\u00e9todo, voc\u00ea&nbsp; n\u00e3o notar melhoras, eu assumo total responsabilidade e devolverei 100% do seu investimento. O que voc\u00ea acha?&nbsp;<a href=\"https:\/\/memoriablindada.com.br\/\">Clique aqui e comece agora mesmo.<\/a><\/p>\n<p style=\"text-align: justify;\"><em><strong>Renato Alves<\/strong>&nbsp;\u00e9 escritor, pesquisador e primeiro brasileiro a receber o t\u00edtulo oficial de melhor mem\u00f3ria do Brasil. Autor de um m\u00e9todo patenteado de memoriza\u00e7\u00e3o que ganhou reconhecimento nacional e j\u00e1 est\u00e1 presente em mais de 100 pa\u00edses.<\/em><\/p>\n<p><a href=\"https:\/\/www.facebook.com\/RenatoAlvesOficial\">Curta e siga a minha fanpage no Facebook<\/a>&nbsp;e tamb\u00e9m&nbsp;<a href=\"http:\/\/www.youtube.com\/videosmemoria\/videos?sub_confirmation=1\">inscreva-se no meu canal no Youtube.<\/a><\/p>\n<p><a href=\"https:\/\/memoriablindada.com.br\"><img fetchpriority=\"high\" decoding=\"async\" class=\"alignnone wp-image-2519 size-full\" src=\"\/\/renatoalves.com.br\/blog\/wp-content\/uploads\/2015\/02\/banner_MB.jpg\" alt=\"Curso Mem\u00f3ria Blindada\" width=\"3002\" height=\"353\" srcset=\"https:\/\/renatoalves.com.br\/blog\/wp-content\/uploads\/2015\/02\/banner_MB.jpg 2560w, https:\/\/renatoalves.com.br\/blog\/wp-content\/uploads\/2015\/02\/banner_MB-300x35.jpg 300w, https:\/\/renatoalves.com.br\/blog\/wp-content\/uploads\/2015\/02\/banner_MB-768x90.jpg 768w, https:\/\/renatoalves.com.br\/blog\/wp-content\/uploads\/2015\/02\/banner_MB-1024x120.jpg 1024w\" sizes=\"(max-width: 3002px) 100vw, 3002px\" \/><\/a><\/p>\n","protected":false},"excerpt":{"rendered":"<p>E se \u00e9 um fato que pensamento gera comportamento, manter em mente sequ\u00eancias de pensamentos negativos pode gerar sim problemas de ordem emocional e doen\u00e7as psicossom\u00e1ticas.<\/p>\n","protected":false},"author":24,"featured_media":949,"comment_status":"open","ping_status":"open","sticky":false,"template":"","format":"standard","meta":{"footnotes":""},"categories":[264],"tags":[41,334,145,56,44,45,46,337,43,29,42,74,333,336,47,335],"class_list":["post-585","post","type-post","status-publish","format-standard","has-post-thumbnail","hentry","category-saude-e-qualidade-de-vida","tag-alzheimer","tag-bloquear-pensamentos-negativos","tag-boa-memoria","tag-branco-na-memoria","tag-concentracao","tag-curso-de-memorizacao","tag-curso-de-memorizacao-online","tag-evitar-pensamentos-negativos","tag-foco","tag-memoria","tag-memorizacao","tag-metodo-renato-alves","tag-pensamentos-negativos","tag-pensamentos-positivos","tag-remedio-para-memoria","tag-superar-a-negatividade"],"_links":{"self":[{"href":"https:\/\/renatoalves.com.br\/blog\/wp-json\/wp\/v2\/posts\/585","targetHints":{"allow":["GET"]}}],"collection":[{"href":"https:\/\/renatoalves.com.br\/blog\/wp-json\/wp\/v2\/posts"}],"about":[{"href":"https:\/\/renatoalves.com.br\/blog\/wp-json\/wp\/v2\/types\/post"}],"author":[{"embeddable":true,"href":"https:\/\/renatoalves.com.br\/blog\/wp-json\/wp\/v2\/users\/24"}],"replies":[{"embeddable":true,"href":"https:\/\/renatoalves.com.br\/blog\/wp-json\/wp\/v2\/comments?post=585"}],"version-history":[{"count":3,"href":"https:\/\/renatoalves.com.br\/blog\/wp-json\/wp\/v2\/posts\/585\/revisions"}],"predecessor-version":[{"id":7239,"href":"https:\/\/renatoalves.com.br\/blog\/wp-json\/wp\/v2\/posts\/585\/revisions\/7239"}],"wp:featuredmedia":[{"embeddable":true,"href":"https:\/\/renatoalves.com.br\/blog\/wp-json\/wp\/v2\/media\/949"}],"wp:attachment":[{"href":"https:\/\/renatoalves.com.br\/blog\/wp-json\/wp\/v2\/media?parent=585"}],"wp:term":[{"taxonomy":"category","embeddable":true,"href":"https:\/\/renatoalves.com.br\/blog\/wp-json\/wp\/v2\/categories?post=585"},{"taxonomy":"post_tag","embeddable":true,"href":"https:\/\/renatoalves.com.br\/blog\/wp-json\/wp\/v2\/tags?post=585"}],"curies":[{"name":"wp","href":"https:\/\/api.w.org\/{rel}","templated":true}]}}