{"id":5918,"date":"2025-08-07T16:00:00","date_gmt":"2025-08-07T19:00:00","guid":{"rendered":"https:\/\/renatoalves.com.br\/blog\/?p=5918"},"modified":"2025-08-06T11:28:50","modified_gmt":"2025-08-06T14:28:50","slug":"frustracao-nos-estudos","status":"publish","type":"post","link":"https:\/\/renatoalves.com.br\/blog\/frustracao-nos-estudos\/","title":{"rendered":"Frustra\u00e7\u00e3o&#8230;ei, esse artigo \u00e9 para voc\u00ea!"},"content":{"rendered":"\n<p>A<a href=\"https:\/\/memoriablindada.com.br\/\" target=\"_blank\" rel=\"noreferrer noopener\"> frustra\u00e7\u00e3o \u00e9 um sentimento amargo.<\/a> E, talvez, um dos mais dif\u00edceis de se administrar.<br>Afinal, ela nasce quando a expectativa encontra o fracasso, quando a esperan\u00e7a \u00e9 atropelada pelo imprevisto e quando os sonhos colidem com a dura realidade.<\/p>\n\n\n\n<figure class=\"wp-block-image size-large\"><a href=\"https:\/\/memoriablindada.com.br\/\"><img fetchpriority=\"high\" decoding=\"async\" width=\"1024\" height=\"120\" src=\"https:\/\/renatoalves.com.br\/blog\/wp-content\/uploads\/2014\/09\/MEMORIA-BLINDADA-BANNER-BLOG-RENATO-ALVES-1024x120.png\" alt=\"banner mem\u00f3ria blindada\" class=\"wp-image-10107\" srcset=\"https:\/\/renatoalves.com.br\/blog\/wp-content\/uploads\/2014\/09\/MEMORIA-BLINDADA-BANNER-BLOG-RENATO-ALVES-1024x120.png 1024w, https:\/\/renatoalves.com.br\/blog\/wp-content\/uploads\/2014\/09\/MEMORIA-BLINDADA-BANNER-BLOG-RENATO-ALVES-300x35.png 300w, https:\/\/renatoalves.com.br\/blog\/wp-content\/uploads\/2014\/09\/MEMORIA-BLINDADA-BANNER-BLOG-RENATO-ALVES-768x90.png 768w, https:\/\/renatoalves.com.br\/blog\/wp-content\/uploads\/2014\/09\/MEMORIA-BLINDADA-BANNER-BLOG-RENATO-ALVES-1536x181.png 1536w, https:\/\/renatoalves.com.br\/blog\/wp-content\/uploads\/2014\/09\/MEMORIA-BLINDADA-BANNER-BLOG-RENATO-ALVES.png 1700w\" sizes=\"(max-width: 1024px) 100vw, 1024px\" \/><\/a><\/figure>\n\n\n\n<p>Voc\u00ea j\u00e1 se sentiu assim?<\/p>\n\n\n\n<ul class=\"wp-block-list\">\n<li>Ap\u00f3s uma reprova\u00e7\u00e3o em concurso p\u00fablico?<\/li>\n\n\n\n<li>Por n\u00e3o ter ido bem em uma prova decisiva?<\/li>\n\n\n\n<li>Por ter deixado uma oportunidade escapar entre os dedos?<\/li>\n\n\n\n<li>Ou at\u00e9 por se arrepender de um investimento material impulsivo?<\/li>\n<\/ul>\n\n\n\n<p>Sim, a frustra\u00e7\u00e3o \u00e9 universal.<br>Mas o que poucos percebem \u00e9 que ela carrega em si <strong>um convite \u00e0 mudan\u00e7a<\/strong>. Um chamado silencioso para agir diferente, pensar melhor e \u2014 principalmente \u2014 <strong>retomar o controle do tempo e da vida<\/strong>.<\/p>\n\n\n\n<h2 class=\"wp-block-heading\">Frustra\u00e7\u00e3o n\u00e3o \u00e9 o fim \u2014 \u00e9 o alerta<\/h2>\n\n\n\n<p>Quando me deparo com hist\u00f3rias de pessoas frustradas, quase sempre noto um padr\u00e3o: <strong>a falta de compromisso com a pr\u00f3pria evolu\u00e7\u00e3o<\/strong>.<\/p>\n\n\n\n<p>N\u00e3o me entenda mal: a vida \u00e9 corrida, cheia de imprevistos, cobran\u00e7as e distra\u00e7\u00f5es. Mas muitas vezes, n\u00e3o \u00e9 o tempo que nos falta \u2014 \u00e9 a <strong>prioridade<\/strong> que n\u00e3o foi estabelecida.<\/p>\n\n\n\n<p>Quantas pessoas voc\u00ea conhece que compraram o \u00faltimo modelo de celular, mas n\u00e3o investiram em um \u00fanico curso que melhorasse suas capacidades?<br>Quantas trocaram de TV, mas n\u00e3o abriram um livro sequer?<\/p>\n\n\n\n<h2 class=\"wp-block-heading\">Crescimento pessoal: o bem mais precioso<\/h2>\n\n\n\n<p>N\u00e3o estou aqui para condenar os bens materiais \u2014 eles t\u00eam seu valor.<br>Contudo, o que verdadeiramente transforma uma pessoa \u00e9 o <strong>conte\u00fado que ela carrega<\/strong>, n\u00e3o os objetos que ela possui.<\/p>\n\n\n\n<p>Conhecimento \u00e9 o \u00fanico bem que ningu\u00e9m pode te tirar.<br>E mais: \u00e9 o \u00fanico que <strong>se multiplica quanto mais voc\u00ea compartilha<\/strong>.<\/p>\n\n\n\n<p>Investir em si mesmo n\u00e3o \u00e9 vaidade \u2014 \u00e9 <strong>intelig\u00eancia emocional, estrat\u00e9gica e humana<\/strong>.<\/p>\n\n\n\n<h2 class=\"wp-block-heading\">A desculpa do tempo (e a verdade por tr\u00e1s dela)<\/h2>\n\n\n\n<p>Estamos chegando ao fim do ano. E com ele, v\u00eam as promessas tradicionais:<br>\u201cAgora vai.\u201d<br>\u201cDessa vez eu mudo.\u201d<br>\u201cAno que vem ser\u00e1 diferente.\u201d<\/p>\n\n\n\n<p>Mas ser\u00e1 mesmo?<\/p>\n\n\n\n<p>A maioria das metas falha n\u00e3o por falta de tempo, mas por <strong>falta de compromisso real<\/strong> com a mudan\u00e7a.<\/p>\n\n\n\n<p>Lembre-se: <strong>voc\u00ea n\u00e3o precisa esperar janeiro para evoluir<\/strong>.<br>Cada dia \u2014 inclusive hoje \u2014 pode ser um recome\u00e7o.<\/p>\n\n\n\n<h2 class=\"wp-block-heading\">A oportunidade escondida na Black Friday<\/h2>\n\n\n\n<p>Um dos argumentos mais comuns que ou\u00e7o \u00e9:<br>\u201cRenato, eu quero mudar, mas est\u00e1 tudo muito caro. Curso bom custa caro. Livro de qualidade custa caro.\u201d<\/p>\n\n\n\n<p>Concordo. Bons conte\u00fados exigem investimento.<br>Mas h\u00e1 uma exce\u00e7\u00e3o anual, que voc\u00ea j\u00e1 conhece bem: <strong>a Black Friday<\/strong>.<\/p>\n\n\n\n<p>\u00c9 nesse momento que minha equipe e eu oferecemos as melhores condi\u00e7\u00f5es para quem quer transformar a vida.<br>Cursos com at\u00e9 <strong>50% de desconto<\/strong>, oportunidades \u00fanicas, pensadas para quem <strong>est\u00e1 pronto para dar o primeiro passo<\/strong>.<\/p>\n\n\n\n<p>Agora eu te pergunto:<br>Voc\u00ea guarda dinheiro para evoluir?<br>Ou gasta tudo com sup\u00e9rfluos?<\/p>\n\n\n\n<h2 class=\"wp-block-heading\">A mudan\u00e7a come\u00e7a AGORA<\/h2>\n\n\n\n<p>Aqui no meu blog, <a href=\"https:\/\/www.youtube.com\/c\/RenatoAlvesMemoriza%C3%A7%C3%A3o\" target=\"_blank\" rel=\"noreferrer noopener\">canal do YouTube<\/a> e redes sociais, toda semana voc\u00ea encontra<a href=\"https:\/\/renatoalves.com.br\/blog\/tecnica-de-pomodoro-para-os-estudos\/\" target=\"_blank\" rel=\"noreferrer noopener\"> <strong>conte\u00fado gratuito<\/strong><\/a> sobre:<\/p>\n\n\n\n<ul class=\"wp-block-list\">\n<li>Leitura eficaz<\/li>\n\n\n\n<li>Gest\u00e3o do tempo<\/li>\n\n\n\n<li>Supera\u00e7\u00e3o da ansiedade<\/li>\n\n\n\n<li>Revis\u00e3o inteligente<\/li>\n\n\n\n<li>Motiva\u00e7\u00e3o para metas de leitura<\/li>\n<\/ul>\n\n\n\n<p>E n\u00e3o \u00e9 s\u00f3 teoria. \u00c9 conte\u00fado baseado em <strong>pesquisa aplicada, viv\u00eancia com alunos e m\u00e9todos testados por milhares de brasileiros<\/strong>.<\/p>\n\n\n\n<p>Se voc\u00ea me acompanha, j\u00e1 sabe: <strong>o conte\u00fado certo, na hora certa, pode transformar sua vida.<\/strong><\/p>\n\n\n\n<h2 class=\"wp-block-heading\">Frustra\u00e7\u00e3o nunca mais!<\/h2>\n\n\n\n<p>Voc\u00ea quer mudar? Ent\u00e3o comece agora.<br><strong>N\u00e3o espere pela segunda-feira, pelo pr\u00f3ximo m\u00eas ou por outro ano.<\/strong><\/p>\n\n\n\n<p>Lembre-se:<br>O ano tem mais de 360 dias.<br>Qualquer um deles \u2014 inclusive hoje \u2014 pode ser o <strong>dia que marcar\u00e1 o in\u00edcio da sua virada.<\/strong><\/p>\n\n\n\n<p>N\u00e3o viva mais nas m\u00e3os da ansiedade.<br>N\u00e3o aceite mais sentir-se incapaz ou perdido.<br><strong>Voc\u00ea \u00e9 o principal agente da sua mudan\u00e7a.<\/strong><\/p>\n\n\n\n<p><strong>Elimine a frustra\u00e7\u00e3o. Escolha o conhecimento. D\u00ea o primeiro passo.<\/strong><\/p>\n\n\n\n<p>Se tiver d\u00favidas, escreva nos coment\u00e1rios.<br><strong>Prometo ler e responder com toda aten\u00e7\u00e3o.<\/strong><\/p>\n\n\n\n<p>Nos vemos em breve.<\/p>\n\n\n\n<p><strong>At\u00e9 mais,<br>Renato Alves<\/strong><\/p>\n\n\n\n<figure class=\"wp-block-image size-large\"><a href=\"https:\/\/memoriablindada.com.br\/\"><img fetchpriority=\"high\" decoding=\"async\" width=\"1024\" height=\"120\" src=\"https:\/\/renatoalves.com.br\/blog\/wp-content\/uploads\/2014\/09\/MEMORIA-BLINDADA-BANNER-BLOG-RENATO-ALVES-1024x120.png\" alt=\"banner mem\u00f3ria blindada\" class=\"wp-image-10107\" srcset=\"https:\/\/renatoalves.com.br\/blog\/wp-content\/uploads\/2014\/09\/MEMORIA-BLINDADA-BANNER-BLOG-RENATO-ALVES-1024x120.png 1024w, https:\/\/renatoalves.com.br\/blog\/wp-content\/uploads\/2014\/09\/MEMORIA-BLINDADA-BANNER-BLOG-RENATO-ALVES-300x35.png 300w, https:\/\/renatoalves.com.br\/blog\/wp-content\/uploads\/2014\/09\/MEMORIA-BLINDADA-BANNER-BLOG-RENATO-ALVES-768x90.png 768w, https:\/\/renatoalves.com.br\/blog\/wp-content\/uploads\/2014\/09\/MEMORIA-BLINDADA-BANNER-BLOG-RENATO-ALVES-1536x181.png 1536w, https:\/\/renatoalves.com.br\/blog\/wp-content\/uploads\/2014\/09\/MEMORIA-BLINDADA-BANNER-BLOG-RENATO-ALVES.png 1700w\" sizes=\"(max-width: 1024px) 100vw, 1024px\" \/><\/a><\/figure>\n\n\n\n<h2 class=\"wp-block-heading\">Perguntas Frequentes (FAQ)<\/h2>\n\n\n\n<h3 class=\"wp-block-heading\"><strong>Como deixar de se sentir frustrado constantemente?<\/strong><\/h3>\n\n\n\n<p>O primeiro passo \u00e9 reconhecer que a frustra\u00e7\u00e3o n\u00e3o \u00e9 o fim, mas um aviso. A partir da\u00ed, \u00e9 preciso identificar o que precisa mudar \u2014 e agir com disciplina. Evoluir exige foco, m\u00e9todo e const\u00e2ncia.<\/p>\n\n\n\n<h3 class=\"wp-block-heading\"><strong>Por que as pessoas t\u00eam tanta dificuldade em mudar?<\/strong><\/h3>\n\n\n\n<p>Porque mudar d\u00f3i. Exige sair da zona de conforto e encarar a verdade. Mas com a ferramenta certa (livros, cursos, mentoria), esse processo pode ser muito mais leve e assertivo.<\/p>\n\n\n\n<h3 class=\"wp-block-heading\"><strong>Como posso come\u00e7ar a evoluir sem gastar dinheiro?<\/strong><\/h3>\n\n\n\n<p>Acompanhe meus conte\u00fados gratuitos nas redes sociais. L\u00e1 voc\u00ea encontra dicas pr\u00e1ticas, t\u00e9cnicas comprovadas e reflex\u00f5es profundas que podem ser aplicadas imediatamente.<\/p>\n\n\n\n<h3 class=\"wp-block-heading\"><strong>O que a Black Friday tem a ver com evolu\u00e7\u00e3o pessoal?<\/strong><\/h3>\n\n\n\n<p>\u00c9 o momento ideal para adquirir bons cursos e livros com pre\u00e7os acess\u00edveis. Uma oportunidade real de come\u00e7ar sua transforma\u00e7\u00e3o com o investimento certo.<\/p>\n\n\n\n<p><\/p>\n","protected":false},"excerpt":{"rendered":"<p>A frustra\u00e7\u00e3o \u00e9 um sentimento amargo. E, talvez, um dos mais dif\u00edceis de se administrar.Afinal, ela nasce quando a expectativa encontra o fracasso, quando a esperan\u00e7a \u00e9 atropelada pelo imprevisto e quando os sonhos colidem com a dura realidade. Voc\u00ea j\u00e1 se sentiu assim? Sim, a frustra\u00e7\u00e3o \u00e9 universal.Mas o que poucos percebem \u00e9 que [&hellip;]<\/p>\n","protected":false},"author":10,"featured_media":7179,"comment_status":"open","ping_status":"open","sticky":false,"template":"","format":"standard","meta":{"footnotes":""},"categories":[262],"tags":[453,194,258,56,463,456,454,112,462,459,460,457,458,452,466,42,455,464,461,465],"class_list":["post-5918","post","type-post","status-publish","format-standard","has-post-thumbnail","hentry","category-estudo-e-desenvolvimento","tag-aprovacao","tag-aprovado","tag-black-friday","tag-branco-na-memoria","tag-como-melhorar-concentracao-na-leitura","tag-como-passar-em-uma-prova","tag-concurseiro","tag-concurso-publico","tag-curso-de-leitura","tag-curso-para-concurso-publico","tag-curso-preparatorio-para-prova","tag-desconto-em-curso","tag-descontos-para-cursos","tag-frustracao","tag-investimento-em-cursos","tag-memorizacao","tag-post-it","tag-promocao-de-cursos","tag-prova-oab","tag-resumo-para-prova"],"_links":{"self":[{"href":"https:\/\/renatoalves.com.br\/blog\/wp-json\/wp\/v2\/posts\/5918","targetHints":{"allow":["GET"]}}],"collection":[{"href":"https:\/\/renatoalves.com.br\/blog\/wp-json\/wp\/v2\/posts"}],"about":[{"href":"https:\/\/renatoalves.com.br\/blog\/wp-json\/wp\/v2\/types\/post"}],"author":[{"embeddable":true,"href":"https:\/\/renatoalves.com.br\/blog\/wp-json\/wp\/v2\/users\/10"}],"replies":[{"embeddable":true,"href":"https:\/\/renatoalves.com.br\/blog\/wp-json\/wp\/v2\/comments?post=5918"}],"version-history":[{"count":2,"href":"https:\/\/renatoalves.com.br\/blog\/wp-json\/wp\/v2\/posts\/5918\/revisions"}],"predecessor-version":[{"id":10456,"href":"https:\/\/renatoalves.com.br\/blog\/wp-json\/wp\/v2\/posts\/5918\/revisions\/10456"}],"wp:featuredmedia":[{"embeddable":true,"href":"https:\/\/renatoalves.com.br\/blog\/wp-json\/wp\/v2\/media\/7179"}],"wp:attachment":[{"href":"https:\/\/renatoalves.com.br\/blog\/wp-json\/wp\/v2\/media?parent=5918"}],"wp:term":[{"taxonomy":"category","embeddable":true,"href":"https:\/\/renatoalves.com.br\/blog\/wp-json\/wp\/v2\/categories?post=5918"},{"taxonomy":"post_tag","embeddable":true,"href":"https:\/\/renatoalves.com.br\/blog\/wp-json\/wp\/v2\/tags?post=5918"}],"curies":[{"name":"wp","href":"https:\/\/api.w.org\/{rel}","templated":true}]}}