{"id":5973,"date":"2025-08-07T09:30:00","date_gmt":"2025-08-07T12:30:00","guid":{"rendered":"https:\/\/renatoalves.com.br\/blog\/?p=5973"},"modified":"2025-08-06T11:13:41","modified_gmt":"2025-08-06T14:13:41","slug":"quando-a-oportunidade-nao-espera-por-voce","status":"publish","type":"post","link":"https:\/\/renatoalves.com.br\/blog\/quando-a-oportunidade-nao-espera-por-voce\/","title":{"rendered":"Esquecimento Repentino faz perder oportunidades"},"content":{"rendered":"\n<p><strong>Imagine a grandiosidade do YachtHouse<\/strong>, em Balne\u00e1rio Cambori\u00fa (SC): duas torres g\u00eameas com <strong>81 andares<\/strong>, 294 metros de altura, erguidas por Pasqualotto\u202f&amp;\u202fGT com design da Pininfarina . Por um breve per\u00edodo, tornaram\u2011se os <strong>edif\u00edcios residenciais mais altos da Am\u00e9rica Latina<\/strong>, s\u00edmbolo de engenharia, luxo e aud\u00e1cia.<\/p>\n\n\n\n<p>Nas alturas, a vista \u00e9 fascinante, acima das nuvens em dias de neblina. Mas a <a href=\"https:\/\/memoriablindada.com.br\/\" target=\"_blank\" rel=\"noreferrer noopener\">aten\u00e7\u00e3o \u00e9 sua melhor companhia <\/a>\u2014 ou seu maior inimigo. Se voc\u00ea se distrai, o pre\u00e7o pode ser alto.<\/p>\n\n\n\n<figure class=\"wp-block-image size-large\"><a href=\"https:\/\/memoriablindada.com.br\/\"><img fetchpriority=\"high\" decoding=\"async\" width=\"1024\" height=\"120\" src=\"https:\/\/renatoalves.com.br\/blog\/wp-content\/uploads\/2014\/09\/MEMORIA-BLINDADA-BANNER-BLOG-RENATO-ALVES-1024x120.png\" alt=\"banner mem\u00f3ria blindada\" class=\"wp-image-10107\" srcset=\"https:\/\/renatoalves.com.br\/blog\/wp-content\/uploads\/2014\/09\/MEMORIA-BLINDADA-BANNER-BLOG-RENATO-ALVES-1024x120.png 1024w, https:\/\/renatoalves.com.br\/blog\/wp-content\/uploads\/2014\/09\/MEMORIA-BLINDADA-BANNER-BLOG-RENATO-ALVES-300x35.png 300w, https:\/\/renatoalves.com.br\/blog\/wp-content\/uploads\/2014\/09\/MEMORIA-BLINDADA-BANNER-BLOG-RENATO-ALVES-768x90.png 768w, https:\/\/renatoalves.com.br\/blog\/wp-content\/uploads\/2014\/09\/MEMORIA-BLINDADA-BANNER-BLOG-RENATO-ALVES-1536x181.png 1536w, https:\/\/renatoalves.com.br\/blog\/wp-content\/uploads\/2014\/09\/MEMORIA-BLINDADA-BANNER-BLOG-RENATO-ALVES.png 1700w\" sizes=\"(max-width: 1024px) 100vw, 1024px\" \/><\/a><\/figure>\n\n\n\n<h2 class=\"wp-block-heading\">Por que isso acontece?<\/h2>\n\n\n\n<p>Quero te contar o que aconteceu numa manh\u00e3 ensolarada: seu vizinho na cobertura, o Neymar, lhe convida para um passeio de Yacht. Voc\u00ea sobe voando para seu apartamento no <strong>77\u00ba andar<\/strong>, troca de roupa, pega a mochila, desce \u00e0 marina \u2014 e corre em dire\u00e7\u00e3o ao barco. Tudo perfeito at\u00e9 que, no meio do caminho, seu inconsciente grita: <strong>\u201cVoc\u00ea esqueceu o celular!\u201d<\/strong><\/p>\n\n\n\n<p>A alegria deu lugar \u00e0 frustra\u00e7\u00e3o: quase <strong>20 minutos perdidos<\/strong> retornando at\u00e9 o topo para buscar o aparelho. Seu \u00eddolo espera pacientemente \u2014 tempo, network, \u00f3timas doses\u2026 tudo perdido num pequeno deslize de aten\u00e7\u00e3o.<\/p>\n\n\n\n<p>Esse exemplo ilustra que, mesmo com constru\u00e7\u00f5es impressionantes, a log\u00edstica do esquecimento cresce em propor\u00e7\u00e3o direta \u00e0 altura. Um simples deslize pode custar tempo e oportunidades.<\/p>\n\n\n\n<p>Quando iniciava minhas pesquisas para o sexto livro <em><a href=\"https:\/\/renatoalves.com.br\/blog\/memorizar-leitura\/\" target=\"_blank\" rel=\"noreferrer noopener\">Fa\u00e7a Seu C\u00e9rebro Trabalhar para Voc\u00ea<\/a><\/em>, identifiquei <strong>85 tipos de esquecimentos<\/strong>, desde perder chaves at\u00e9 falhar na mem\u00f3ria de nomes ou recados. Desenvolvi <strong>solu\u00e7\u00f5es espec\u00edficas para cada um<\/strong>, e o livro se tornou best\u2011seller no Brasil.<\/p>\n\n\n\n<p>Em seguida lancei o<a href=\"https:\/\/memoriablindada.com.br\/\" target=\"_blank\" rel=\"noreferrer noopener\"> <strong>treinamento MEM\u00d3RIA BLINDADA<\/strong><\/a>, um programa online de fortalecimento da mem\u00f3ria, criado para qualquer pessoa que sente que sua mem\u00f3ria est\u00e1 fragilizada. Uma solu\u00e7\u00e3o para n\u00e3o perder oportunidades.<\/p>\n\n\n\n<p>As <strong>oportunidades n\u00e3o esperam<\/strong>: um convite valioso pode desaparecer por esquecimento. Sua mem\u00f3ria deve estar sempre ativa, blindada, pronta.<\/p>\n\n\n\n<p>Conte nos coment\u00e1rios: <strong>voc\u00ea j\u00e1 perdeu algo importante por distra\u00e7\u00e3o ou esquecimento?<\/strong> A sua hist\u00f3ria pode inspirar outras pessoas a blindar a mem\u00f3ria.<\/p>\n\n\n\n<figure class=\"wp-block-image size-large\"><a href=\"https:\/\/memoriablindada.com.br\/\"><img fetchpriority=\"high\" decoding=\"async\" width=\"1024\" height=\"120\" src=\"https:\/\/renatoalves.com.br\/blog\/wp-content\/uploads\/2014\/09\/MEMORIA-BLINDADA-BANNER-BLOG-RENATO-ALVES-1024x120.png\" alt=\"banner mem\u00f3ria blindada\" class=\"wp-image-10107\" srcset=\"https:\/\/renatoalves.com.br\/blog\/wp-content\/uploads\/2014\/09\/MEMORIA-BLINDADA-BANNER-BLOG-RENATO-ALVES-1024x120.png 1024w, https:\/\/renatoalves.com.br\/blog\/wp-content\/uploads\/2014\/09\/MEMORIA-BLINDADA-BANNER-BLOG-RENATO-ALVES-300x35.png 300w, https:\/\/renatoalves.com.br\/blog\/wp-content\/uploads\/2014\/09\/MEMORIA-BLINDADA-BANNER-BLOG-RENATO-ALVES-768x90.png 768w, https:\/\/renatoalves.com.br\/blog\/wp-content\/uploads\/2014\/09\/MEMORIA-BLINDADA-BANNER-BLOG-RENATO-ALVES-1536x181.png 1536w, https:\/\/renatoalves.com.br\/blog\/wp-content\/uploads\/2014\/09\/MEMORIA-BLINDADA-BANNER-BLOG-RENATO-ALVES.png 1700w\" sizes=\"(max-width: 1024px) 100vw, 1024px\" \/><\/a><\/figure>\n\n\n\n<h2 class=\"wp-block-heading\">Perguntas Frequentes (FAQ)<\/h2>\n\n\n\n<h3 class=\"wp-block-heading\"><strong>Como o YachtHouse se tornou o maior edif\u00edcio da Am\u00e9rica Latina?<\/strong><\/h3>\n\n\n\n<p>As torres g\u00eameas atingiram 81 andares e 294,1 metros de altura, tornando-se os edif\u00edcios residenciais mais altos do Brasil e da Am\u00e9rica Latina em 2024 com a adi\u00e7\u00e3o de pin\u00e1culos.<\/p>\n\n\n\n<h3 class=\"wp-block-heading\"><strong>O que pode custar um esquecimento no dia a dia?<\/strong><\/h3>\n\n\n\n<p>Mesmo um erro aparentemente pequeno, como esquecer o celular, pode gerar cerca de <strong>20 minutos de perda<\/strong> \u2014 sem contar a frustra\u00e7\u00e3o e a queda em performance social.<\/p>\n\n\n\n<h3 class=\"wp-block-heading\"><strong>O que \u00e9 o treinamento Mem\u00f3ria Blindada?<\/strong><\/h3>\n\n\n\n<p>\u00c9 um programa online estruturado de fortalecimento da mem\u00f3ria. Combina t\u00e9cnicas pr\u00e1ticas e exerc\u00edcios espec\u00edficos para reduzir esquecimentos comuns, com base em pesquisa aplicada.<\/p>\n\n\n\n<h3 class=\"wp-block-heading\"><strong>Quem pode se beneficiar do M\u00e9todo de Mem\u00f3ria Blindada?<\/strong><\/h3>\n\n\n\n<p>Qualquer pessoa que percebe que sua mem\u00f3ria est\u00e1 falhando \u2014 seja na organiza\u00e7\u00e3o pessoal, no trabalho ou nas rela\u00e7\u00f5es. O m\u00e9todo \u00e9 acess\u00edvel, eficaz e comprovado por alunos.<\/p>\n\n\n\n<h3 class=\"wp-block-heading\"><strong>Como posso come\u00e7ar a blindar minha mem\u00f3ria hoje?<\/strong><\/h3>\n\n\n\n<p>Adote pequenas pr\u00e1ticas di\u00e1rias: checklists, lembretes, rotina sistem\u00e1tica. Apoiados por t\u00e9cnicas que ensino no treinamento e no livro, esses m\u00e9todos tornam seu c\u00e9rebro um aliado confi\u00e1vel.<\/p>\n\n\n\n<h2 class=\"wp-block-heading\">Veja tamb\u00e9m:<\/h2>\n\n\n\n<figure class=\"wp-block-embed is-type-rich is-provider-incorporar-manipulador wp-block-embed-incorporar-manipulador wp-embed-aspect-16-9 wp-has-aspect-ratio\"><div class=\"wp-block-embed__wrapper\">\n<iframe title=\"Terapia Para Mem\u00f3ria | Exerc\u00edcios para ativar seu c\u00e9rebro\" width=\"800\" height=\"450\" src=\"https:\/\/www.youtube.com\/embed\/IrlYjxTHATI?feature=oembed\" frameborder=\"0\" allow=\"accelerometer; autoplay; clipboard-write; encrypted-media; gyroscope; picture-in-picture; web-share\" referrerpolicy=\"strict-origin-when-cross-origin\" allowfullscreen><\/iframe>\n<\/div><\/figure>\n\n\n\n<p><\/p>\n","protected":false},"excerpt":{"rendered":"<p>Aprenda agora a como blindar a sua mem\u00f3ria e evitar os famosos esquecimentos repentinos. N\u00e3o perca nada agora!<\/p>\n","protected":false},"author":24,"featured_media":5974,"comment_status":"open","ping_status":"open","sticky":false,"template":"","format":"standard","meta":{"footnotes":""},"categories":[264],"tags":[56,212],"class_list":["post-5973","post","type-post","status-publish","format-standard","has-post-thumbnail","hentry","category-saude-e-qualidade-de-vida","tag-branco-na-memoria","tag-curso-memoria-blindada"],"_links":{"self":[{"href":"https:\/\/renatoalves.com.br\/blog\/wp-json\/wp\/v2\/posts\/5973","targetHints":{"allow":["GET"]}}],"collection":[{"href":"https:\/\/renatoalves.com.br\/blog\/wp-json\/wp\/v2\/posts"}],"about":[{"href":"https:\/\/renatoalves.com.br\/blog\/wp-json\/wp\/v2\/types\/post"}],"author":[{"embeddable":true,"href":"https:\/\/renatoalves.com.br\/blog\/wp-json\/wp\/v2\/users\/24"}],"replies":[{"embeddable":true,"href":"https:\/\/renatoalves.com.br\/blog\/wp-json\/wp\/v2\/comments?post=5973"}],"version-history":[{"count":1,"href":"https:\/\/renatoalves.com.br\/blog\/wp-json\/wp\/v2\/posts\/5973\/revisions"}],"predecessor-version":[{"id":10454,"href":"https:\/\/renatoalves.com.br\/blog\/wp-json\/wp\/v2\/posts\/5973\/revisions\/10454"}],"wp:featuredmedia":[{"embeddable":true,"href":"https:\/\/renatoalves.com.br\/blog\/wp-json\/wp\/v2\/media\/5974"}],"wp:attachment":[{"href":"https:\/\/renatoalves.com.br\/blog\/wp-json\/wp\/v2\/media?parent=5973"}],"wp:term":[{"taxonomy":"category","embeddable":true,"href":"https:\/\/renatoalves.com.br\/blog\/wp-json\/wp\/v2\/categories?post=5973"},{"taxonomy":"post_tag","embeddable":true,"href":"https:\/\/renatoalves.com.br\/blog\/wp-json\/wp\/v2\/tags?post=5973"}],"curies":[{"name":"wp","href":"https:\/\/api.w.org\/{rel}","templated":true}]}}