{"id":5994,"date":"2025-08-06T22:50:00","date_gmt":"2025-08-07T01:50:00","guid":{"rendered":"https:\/\/renatoalves.com.br\/blog\/?p=5994"},"modified":"2025-08-06T09:35:36","modified_gmt":"2025-08-06T12:35:36","slug":"o-que-muda-no-enem-2025","status":"publish","type":"post","link":"https:\/\/renatoalves.com.br\/blog\/o-que-muda-no-enem-2025\/","title":{"rendered":"O QUE MUDA NO ENEM 2025"},"content":{"rendered":"\n<p>Este ano, o<a href=\"https:\/\/renatoalves.com.br\/blog\/concursos-em-2025-lista-completa\/\" target=\"_blank\" rel=\"noreferrer noopener\"> <strong>Enem 2025<\/strong><\/a> sofrer\u00e1 profundas mudan\u00e7as estruturais \u2014 e isso transforma totalmente seu processo de prepara\u00e7\u00e3o. As fases do exame, o perfil das quest\u00f5es e as estrat\u00e9gias necess\u00e1rias para ser aprovado n\u00e3o ser\u00e3o mais as mesmas.<\/p>\n\n\n\n<p>Voc\u00ea est\u00e1 preparado?<br>E sabe como estudar cada mat\u00e9ria sem deixar nenhuma lacuna? Essas perguntas importam mais do que nunca.<\/p>\n\n\n\n<figure class=\"wp-block-image size-large\"><a href=\"https:\/\/estudomemorizacao.com.br\/\"><img fetchpriority=\"high\" decoding=\"async\" width=\"1024\" height=\"182\" src=\"https:\/\/renatoalves.com.br\/blog\/wp-content\/uploads\/2018\/11\/capa_banner-1024x182.jpg\" alt=\"estudo e memoriza\u00e7\u00e3o para concurso p\u00fablico\" class=\"wp-image-6047\" srcset=\"https:\/\/renatoalves.com.br\/blog\/wp-content\/uploads\/2018\/11\/capa_banner-1024x182.jpg 1024w, https:\/\/renatoalves.com.br\/blog\/wp-content\/uploads\/2018\/11\/capa_banner-300x53.jpg 300w, https:\/\/renatoalves.com.br\/blog\/wp-content\/uploads\/2018\/11\/capa_banner-768x137.jpg 768w, https:\/\/renatoalves.com.br\/blog\/wp-content\/uploads\/2018\/11\/capa_banner-610x109.jpg 610w\" sizes=\"(max-width: 1024px) 100vw, 1024px\" \/><\/a><\/figure>\n\n\n\n<h2 class=\"wp-block-heading\">As duas fases do novo Enem \u2014 e como elas impactam seus estudos<\/h2>\n\n\n\n<h3 class=\"wp-block-heading\"><strong>Etapa 1: Base obrigat\u00f3ria para todos<\/strong><\/h3>\n\n\n\n<ul class=\"wp-block-list\">\n<li>Avalia\u00e7\u00e3o de <strong>matem\u00e1tica<\/strong> e <strong>l\u00edngua portuguesa<\/strong><\/li>\n\n\n\n<li>Com foco em interpreta\u00e7\u00e3o, leitura cr\u00edtica e resolu\u00e7\u00e3o de problemas<\/li>\n<\/ul>\n\n\n\n<h3 class=\"wp-block-heading\"><strong>Etapa 2: \u00c1reas de conhecimento selecionadas<\/strong><\/h3>\n\n\n\n<ul class=\"wp-block-list\">\n<li>N\u00famero de quest\u00f5es reduzido<\/li>\n\n\n\n<li>Provas <strong>interdisciplinares<\/strong>, escolhidas conforme sua \u00e1rea de interesse<\/li>\n\n\n\n<li>Flexibilidade e modernidade no modelo de avalia\u00e7\u00e3o<\/li>\n<\/ul>\n\n\n\n<p>Essa estrutura favorece quem tem <strong>mem\u00f3ria estrat\u00e9gica, racioc\u00ednio \u00e1gil e dom\u00ednio s\u00f3lido das principais disciplinas<\/strong>.<\/p>\n\n\n\n<h2 class=\"wp-block-heading\">Por que decorar n\u00e3o basta \u2014 voc\u00ea precisa memorizar com intelig\u00eancia<\/h2>\n\n\n\n<p>O candidato no formato tradicional precisava decorar regras e f\u00f3rmulas sem conex\u00e3o entre elas. Mas no novo Enem, <strong>o essencial \u00e9 interpretar, relacionar e aplicar<\/strong>.<\/p>\n\n\n\n<p>A memoriza\u00e7\u00e3o inteligente substitui a \u201cdecoreba\u201d \u2014 pois serve para <strong>resolver quest\u00f5es reais, interdisciplinares e complexas<\/strong>. \u00c9 muito mais efic\u00e1cia do que repeti\u00e7\u00e3o mec\u00e2nica.<\/p>\n\n\n\n<h2 class=\"wp-block-heading\">O desafio interdisciplinar: um exemplo pr\u00e1tico<\/h2>\n\n\n\n<p>Suponha que a quest\u00e3o seja:<\/p>\n\n\n\n<p><strong>\u201cQuantos carros cabem numa rodovia?\u201d<\/strong><\/p>\n\n\n\n<p>Para respond\u00ea-la adequadamente, seria necess\u00e1rio:<\/p>\n\n\n\n<ul class=\"wp-block-list\">\n<li><strong>Matem\u00e1tica<\/strong> e geometria para c\u00e1lculos de \u00e1rea;<\/li>\n\n\n\n<li><strong>F\u00edsica<\/strong> para estimar dist\u00e2ncia entre ve\u00edculos;<\/li>\n\n\n\n<li><strong>Geografia<\/strong> para caracter\u00edsticas da rodovia;<\/li>\n\n\n\n<li><strong>Portugu\u00eas<\/strong> para elaborar sua resposta de forma clara, coerente e coesa.<\/li>\n<\/ul>\n\n\n\n<p>Essa pergunta exige integra\u00e7\u00e3o de saberes, pensamento cr\u00edtico e explica\u00e7\u00e3o textual objetiva \u2014 o perfil do novo Enem.<\/p>\n\n\n\n<h2 class=\"wp-block-heading\">Como montar um m\u00e9todo eficaz para o Enem 2025<\/h2>\n\n\n\n<ol class=\"wp-block-list\">\n<li><strong>Priorize a leitura, interpreta\u00e7\u00e3o e memoriza\u00e7\u00e3o inteligente<\/strong> dos conte\u00fados.<\/li>\n\n\n\n<li>Estude com enfoque interdisciplinar: entenda como diferentes \u00e1reas se conectam.<\/li>\n\n\n\n<li>Use t\u00e9cnicas de memoriza\u00e7\u00e3o (como mnem\u00f4nicos, mapas mentais, flash cards) para fixar informa\u00e7\u00e3o com significado.<\/li>\n\n\n\n<li>Pratique resolu\u00e7\u00f5es integradas e reda\u00e7\u00f5es objetivas com frequ\u00eancia.<\/li>\n\n\n\n<li><strong>Inclua revis\u00f5es regulares<\/strong>, intercalando conte\u00fados por dificuldade ou relev\u00e2ncia.<\/li>\n\n\n\n<li>Mantenha sa\u00fade emocional e mental em dia: foco e disciplina fazem toda diferen\u00e7a.<\/li>\n<\/ol>\n\n\n\n<h2 class=\"wp-block-heading\">Por que eu acredito nisso<\/h2>\n\n\n\n<p>Quando criei meu curso Estudo e Memoriza\u00e7\u00e3o para o Enem, percebi que os m\u00e9todos tradicionais precisavam evoluir. Por isso introduzimos:<\/p>\n\n\n\n<ul class=\"wp-block-list\">\n<li>Uso da plataforma <strong>Instructure Canvas<\/strong> (a mesma de Harvard e Stanford), para melhorar acesso e intera\u00e7\u00e3o;<\/li>\n\n\n\n<li>Ferramentas de aprendizagem com <strong>memoriza\u00e7\u00e3o ativa e interdisciplinar<\/strong>;<\/li>\n\n\n\n<li>Estrat\u00e9gias adaptadas ao novo perfil do Enem.<\/li>\n<\/ul>\n\n\n\n<p>Assim, colocamos nossos alunos em vantagem competitiva real.<\/p>\n\n\n\n<p>O Enem 2025 representa uma era de avalia\u00e7\u00e3o mais moderna, interdisciplinar e conectada com a forma como o mundo aprende.<\/p>\n\n\n\n<p>Se voc\u00ea estudar com<a href=\"https:\/\/renatoalves.com.br\/blog\/como-estudar-sob-pressao\/\" target=\"_blank\" rel=\"noreferrer noopener\"> <strong>memoriza\u00e7\u00e3o inteligente, equil\u00edbrio entre as disciplinas e m\u00e9todo estruturado<\/strong><\/a>, estar\u00e1 pronto para tirar o m\u00e1ximo dessa evolu\u00e7\u00e3o.<\/p>\n\n\n\n<p><strong>Viva bem, lembre bem.<br>Renato Alves<\/strong><\/p>\n\n\n\n<figure class=\"wp-block-image size-large\"><a href=\"https:\/\/estudomemorizacao.com.br\/\"><img fetchpriority=\"high\" decoding=\"async\" width=\"1024\" height=\"182\" src=\"https:\/\/renatoalves.com.br\/blog\/wp-content\/uploads\/2018\/11\/capa_banner-1024x182.jpg\" alt=\"estudo e memoriza\u00e7\u00e3o para concurso p\u00fablico\" class=\"wp-image-6047\" srcset=\"https:\/\/renatoalves.com.br\/blog\/wp-content\/uploads\/2018\/11\/capa_banner-1024x182.jpg 1024w, https:\/\/renatoalves.com.br\/blog\/wp-content\/uploads\/2018\/11\/capa_banner-300x53.jpg 300w, https:\/\/renatoalves.com.br\/blog\/wp-content\/uploads\/2018\/11\/capa_banner-768x137.jpg 768w, https:\/\/renatoalves.com.br\/blog\/wp-content\/uploads\/2018\/11\/capa_banner-610x109.jpg 610w\" sizes=\"(max-width: 1024px) 100vw, 1024px\" \/><\/a><\/figure>\n\n\n\n<h2 class=\"wp-block-heading\">Perguntas Frequentes (FAQ)<\/h2>\n\n\n\n<h3 class=\"wp-block-heading\"><strong>O que muda no Enem 2025?<\/strong><\/h3>\n\n\n\n<p>Haver\u00e1 provas divididas em duas etapas, com foco inicial em leitura e interpreta\u00e7\u00e3o, seguidas por avalia\u00e7\u00f5es interdisciplinares baseadas na \u00e1rea de escolha.<\/p>\n\n\n\n<h3 class=\"wp-block-heading\"><strong>Como devo preparar meus estudos?<\/strong><\/h3>\n\n\n\n<p>Estudo inteligente, focado em memoriza\u00e7\u00e3o com significado, resolu\u00e7\u00e3o pr\u00e1tica de quest\u00f5es e produ\u00e7\u00e3o textual integrada.<\/p>\n\n\n\n<h3 class=\"wp-block-heading\"><strong>Por que decorar n\u00e3o basta?<\/strong><\/h3>\n\n\n\n<p>Porque o novo modelo exige aplica\u00e7\u00e3o integrada do conhecimento \u2014 algo que vai al\u00e9m de simples repeti\u00e7\u00e3o.<\/p>\n\n\n\n<h3 class=\"wp-block-heading\"><strong>Como recuperar conte\u00fados na segunda etapa?<\/strong><\/h3>\n\n\n\n<p>Use revis\u00f5es espa\u00e7adas, associa\u00e7\u00f5es visuais, resumos estruturados \u2014 isso transfere o aprendizado para a mem\u00f3ria de longo prazo.<\/p>\n\n\n\n<h2 class=\"wp-block-heading\">Veja tamb\u00e9m:<\/h2>\n\n\n\n<figure class=\"wp-block-embed is-type-rich is-provider-incorporar-manipulador wp-block-embed-incorporar-manipulador wp-embed-aspect-16-9 wp-has-aspect-ratio\"><div class=\"wp-block-embed__wrapper\">\n<iframe title=\"COMO COME\u00c7AR A ESTUDAR PARA CONCURSOS DO ZERO\" width=\"800\" height=\"450\" src=\"https:\/\/www.youtube.com\/embed\/6Y0ITgXn9qs?feature=oembed\" frameborder=\"0\" allow=\"accelerometer; autoplay; clipboard-write; encrypted-media; gyroscope; picture-in-picture; web-share\" referrerpolicy=\"strict-origin-when-cross-origin\" allowfullscreen><\/iframe>\n<\/div><\/figure>\n\n\n\n<p><\/p>\n","protected":false},"excerpt":{"rendered":"<p>Depois de receber diversas novidades na \u00faltima edi\u00e7\u00e3o, o Enem 2025 ser\u00e1 atualizado!<\/p>\n","protected":false},"author":24,"featured_media":10451,"comment_status":"open","ping_status":"open","sticky":false,"template":"","format":"standard","meta":{"footnotes":""},"categories":[262],"tags":[516,82,519,246,515,513,510,511,514,517,512,518,129,81],"class_list":["post-5994","post","type-post","status-publish","format-standard","has-post-thumbnail","hentry","category-estudo-e-desenvolvimento","tag-como-ir-bem-em-uma-prova","tag-concurso","tag-cursinho","tag-enem","tag-enem-2019","tag-exame","tag-exame-nacional-do-ensino-medio","tag-memorizacao-de-conteudo","tag-novidades-do-enem-2019","tag-prova-vestibular","tag-provas","tag-qual-curso-prestar-vestibular","tag-tecnica-de-memorizacao","tag-vestibular"],"_links":{"self":[{"href":"https:\/\/renatoalves.com.br\/blog\/wp-json\/wp\/v2\/posts\/5994","targetHints":{"allow":["GET"]}}],"collection":[{"href":"https:\/\/renatoalves.com.br\/blog\/wp-json\/wp\/v2\/posts"}],"about":[{"href":"https:\/\/renatoalves.com.br\/blog\/wp-json\/wp\/v2\/types\/post"}],"author":[{"embeddable":true,"href":"https:\/\/renatoalves.com.br\/blog\/wp-json\/wp\/v2\/users\/24"}],"replies":[{"embeddable":true,"href":"https:\/\/renatoalves.com.br\/blog\/wp-json\/wp\/v2\/comments?post=5994"}],"version-history":[{"count":1,"href":"https:\/\/renatoalves.com.br\/blog\/wp-json\/wp\/v2\/posts\/5994\/revisions"}],"predecessor-version":[{"id":10450,"href":"https:\/\/renatoalves.com.br\/blog\/wp-json\/wp\/v2\/posts\/5994\/revisions\/10450"}],"wp:featuredmedia":[{"embeddable":true,"href":"https:\/\/renatoalves.com.br\/blog\/wp-json\/wp\/v2\/media\/10451"}],"wp:attachment":[{"href":"https:\/\/renatoalves.com.br\/blog\/wp-json\/wp\/v2\/media?parent=5994"}],"wp:term":[{"taxonomy":"category","embeddable":true,"href":"https:\/\/renatoalves.com.br\/blog\/wp-json\/wp\/v2\/categories?post=5994"},{"taxonomy":"post_tag","embeddable":true,"href":"https:\/\/renatoalves.com.br\/blog\/wp-json\/wp\/v2\/tags?post=5994"}],"curies":[{"name":"wp","href":"https:\/\/api.w.org\/{rel}","templated":true}]}}