{"id":6038,"date":"2025-08-06T17:15:00","date_gmt":"2025-08-06T20:15:00","guid":{"rendered":"https:\/\/renatoalves.com.br\/blog\/?p=6038"},"modified":"2025-08-06T09:12:58","modified_gmt":"2025-08-06T12:12:58","slug":"concurso-prf-2025","status":"publish","type":"post","link":"https:\/\/renatoalves.com.br\/blog\/concurso-prf-2025\/","title":{"rendered":"Saiu o Edital do Concurso PRF 2025. Por onde come\u00e7ar?"},"content":{"rendered":"\n<p>Este \u00e9 o momento de colocar todo seu conhecimento em pr\u00e1tica e dar <a href=\"https:\/\/estudomemorizacao.com.br\/?utm_source=Blog&amp;utm_medium=site-ofc&amp;utm_campaign=CEM&amp;utm_content=memorizar-leitura\" target=\"_blank\" rel=\"noreferrer noopener\">in\u00edcio aos estudos com estrat\u00e9gia<\/a> \u2014 assim como eu fa\u00e7o com meus mentorados. Afinal, em 2025 a <strong>concorr\u00eancia para o concurso da PRF ser\u00e1 intensa<\/strong>, e estar bem preparado em todos os aspectos da avalia\u00e7\u00e3o far\u00e1 toda a diferen\u00e7a.<\/p>\n\n\n\n<p>Por isso pergunto:<\/p>\n\n\n\n<ul class=\"wp-block-list\">\n<li><strong>Voc\u00ea est\u00e1 pronto para a avalia\u00e7\u00e3o?<\/strong><\/li>\n\n\n\n<li><strong>Sabe como estudar cada conte\u00fado sem deixar nenhum distrito passar despercebido?<\/strong><\/li>\n<\/ul>\n\n\n\n<figure class=\"wp-block-image size-large\"><a href=\"https:\/\/estudomemorizacao.com.br\/\"><img fetchpriority=\"high\" decoding=\"async\" width=\"1024\" height=\"182\" src=\"https:\/\/renatoalves.com.br\/blog\/wp-content\/uploads\/2018\/11\/capa_banner-1024x182.jpg\" alt=\"estudo e memoriza\u00e7\u00e3o para concurso p\u00fablico\" class=\"wp-image-6047\" srcset=\"https:\/\/renatoalves.com.br\/blog\/wp-content\/uploads\/2018\/11\/capa_banner-1024x182.jpg 1024w, https:\/\/renatoalves.com.br\/blog\/wp-content\/uploads\/2018\/11\/capa_banner-300x53.jpg 300w, https:\/\/renatoalves.com.br\/blog\/wp-content\/uploads\/2018\/11\/capa_banner-768x137.jpg 768w, https:\/\/renatoalves.com.br\/blog\/wp-content\/uploads\/2018\/11\/capa_banner-610x109.jpg 610w\" sizes=\"(max-width: 1024px) 100vw, 1024px\" \/><\/a><\/figure>\n\n\n\n<h2 class=\"wp-block-heading\">A import\u00e2ncia do <strong>plano de estudos<\/strong> inteligente<\/h2>\n\n\n\n<p>Montar um plano de estudos n\u00e3o \u00e9 decorar uma agenda: \u00e9 gerenciar seu <strong>tempo<\/strong>, seus <strong>esfor\u00e7os<\/strong>, e a <strong>hierarquia do conte\u00fado<\/strong>. Ele permite:<\/p>\n\n\n\n<ul class=\"wp-block-list\">\n<li>Ter <strong>vis\u00e3o clara do que estudar e do tempo dispon\u00edvel<\/strong>.<\/li>\n\n\n\n<li>Priorizar o que \u00e9 mais <strong>dif\u00edcil ou relevante<\/strong>, garantindo aten\u00e7\u00e3o ao essencial.<\/li>\n\n\n\n<li>Evitar o erro comum de focar apenas no que j\u00e1 se domina, deixando lacunas s\u00e9rias.<\/li>\n<\/ul>\n\n\n\n<p>J\u00e1 vi muitos concurseiros que falharam por erro de planejamento \u2014 e isso \u00e9 evit\u00e1vel. Com disciplina e organiza\u00e7\u00e3o, voc\u00ea sai na frente.<\/p>\n\n\n\n<h2 class=\"wp-block-heading\">O que vai cair no Concurso PRF 2025<\/h2>\n\n\n\n<p>De acordo com o edital, o processo seletivo ser\u00e1 composto por duas etapas, ambas <strong>eliminat\u00f3rias e classificat\u00f3rias<\/strong>:<\/p>\n\n\n\n<h3 class=\"wp-block-heading\">Etapa 1<\/h3>\n\n\n\n<ul class=\"wp-block-list\">\n<li>Prova objetiva<\/li>\n\n\n\n<li>Prova discursiva<\/li>\n\n\n\n<li>Exame de capacidade f\u00edsica<\/li>\n\n\n\n<li>Avalia\u00e7\u00e3o de sa\u00fade<\/li>\n\n\n\n<li>Avalia\u00e7\u00e3o psicol\u00f3gica<\/li>\n\n\n\n<li>Avalia\u00e7\u00e3o de t\u00edtulos<\/li>\n\n\n\n<li>Investiga\u00e7\u00e3o social<\/li>\n<\/ul>\n\n\n\n<h3 class=\"wp-block-heading\">Etapa 2<\/h3>\n\n\n\n<ul class=\"wp-block-list\">\n<li>Curso de forma\u00e7\u00e3o profissional<\/li>\n<\/ul>\n\n\n\n<p>Cada uma dessas fases exige preparo espec\u00edfico \u2014 mas todas dependem de uma base s\u00f3lida de estudo.<\/p>\n\n\n\n<h2 class=\"wp-block-heading\">A prova discursiva: desafio e diferencial<\/h2>\n\n\n\n<p>A prova discursiva \u00e9 um ponto cr\u00edtico \u2014 tanto por sua estrutura quanto por sua exig\u00eancia textual. Ela exige:<\/p>\n\n\n\n<ul class=\"wp-block-list\">\n<li>Coer\u00eancia e coes\u00e3o argumentativa<\/li>\n\n\n\n<li>Escrita impec\u00e1vel (ortografia e pontua\u00e7\u00e3o)<\/li>\n\n\n\n<li>Atualidade: estar informado sobre temas como investiga\u00e7\u00f5es e pol\u00edticas p\u00fablicas pode aumentar sua ader\u00eancia ao tema e sua performance.<\/li>\n<\/ul>\n\n\n\n<p>Ela vale at\u00e9 <strong>20 pontos<\/strong>, e <strong>a nota m\u00ednima de aprova\u00e7\u00e3o \u00e9 10 pontos<\/strong>. Mas o conte\u00fado \u00e9 amplo: <strong>todas as disciplinas do edital entram na discursiva<\/strong>. Portanto, seu plano de estudos deve contemplar todas elas com maturidade. Al\u00e9m disso, \u00e9 imprescind\u00edvel saber aplicar o conhecimento \u2014 n\u00e3o basta memorizar, \u00e9 preciso transpor ideias ao papel de forma convincente.<\/p>\n\n\n\n<h2 class=\"wp-block-heading\">Como montar um plano eficaz antes do edital<\/h2>\n\n\n\n<ol class=\"wp-block-list\">\n<li><strong>Liste todas as disciplinas do edital<\/strong> e separe por prioridade (dificuldade e peso).<\/li>\n\n\n\n<li><strong>Distribua tempo no estudo semanal<\/strong>, intercalando \u00e1reas de maior dificuldade com revis\u00e3o de conte\u00fados dominados.<\/li>\n\n\n\n<li><strong>Inclua revis\u00f5es peri\u00f3dicas<\/strong>, quest\u00f5es objetivas e reda\u00e7\u00f5es simuladas.<\/li>\n\n\n\n<li><strong>Corrija seus textos<\/strong>, buscando coes\u00e3o, clareza e argumenta\u00e7\u00e3o s\u00f3lida.<\/li>\n\n\n\n<li><strong>Reserve momentos para sa\u00fade f\u00edsica, mental e emocional<\/strong>, fundamentais para manter o rendimento.<\/li>\n<\/ol>\n\n\n\n<h2 class=\"wp-block-heading\">Minha recomenda\u00e7\u00e3o final<\/h2>\n\n\n\n<p><strong>Sua chance \u00e9 agora!<\/strong> N\u00e3o deixe para depois: comece hoje mesmo a tra\u00e7ar seu plano de estudos. Sobreponha conhecimento, t\u00e9cnica e prepara\u00e7\u00e3o f\u00edsica e emocional.<\/p>\n\n\n\n<p>Como material complementar, disponibilizei um texto com<a href=\"https:\/\/renatoalves.com.br\/blog\/mnemonicos-direito\/\" target=\"_blank\" rel=\"noreferrer noopener\"> <strong>12 mnem\u00f4nicos de Direito<\/strong><\/a> \u2014 ferramentas poderosas para refor\u00e7ar sua mem\u00f3ria e fixar conte\u00fados complexos. E tamb\u00e9m um v\u00eddeo com insights sobre <strong><a href=\"https:\/\/renatoalves.com.br\/blog\/como-estudar-sob-pressao\/\" target=\"_blank\" rel=\"noreferrer noopener\">como estudar para concursos eficientemente<\/a><\/strong> \u2014 assista e aplique os m\u00e9todos comigo.<\/p>\n\n\n\n<p>Montar um <strong>plano de estudos s\u00f3lido \u00e9 a base<\/strong> de uma prepara\u00e7\u00e3o eficiente para o Concurso PRF 2025. Com estrat\u00e9gia, revis\u00e3o inteligente e pr\u00e1tica constante, voc\u00ea estar\u00e1 mais perto da sua vaga.<\/p>\n\n\n\n<p>Se quiser compartilhar seu plano ou tiver d\u00favidas, deixe nos coment\u00e1rios \u2014 fico feliz em ajudar!<\/p>\n\n\n\n<figure class=\"wp-block-image size-large\"><a href=\"https:\/\/estudomemorizacao.com.br\/\"><img fetchpriority=\"high\" decoding=\"async\" width=\"1024\" height=\"182\" src=\"https:\/\/renatoalves.com.br\/blog\/wp-content\/uploads\/2018\/11\/capa_banner-1024x182.jpg\" alt=\"estudo e memoriza\u00e7\u00e3o para concurso p\u00fablico\" class=\"wp-image-6047\" srcset=\"https:\/\/renatoalves.com.br\/blog\/wp-content\/uploads\/2018\/11\/capa_banner-1024x182.jpg 1024w, https:\/\/renatoalves.com.br\/blog\/wp-content\/uploads\/2018\/11\/capa_banner-300x53.jpg 300w, https:\/\/renatoalves.com.br\/blog\/wp-content\/uploads\/2018\/11\/capa_banner-768x137.jpg 768w, https:\/\/renatoalves.com.br\/blog\/wp-content\/uploads\/2018\/11\/capa_banner-610x109.jpg 610w\" sizes=\"(max-width: 1024px) 100vw, 1024px\" \/><\/a><\/figure>\n\n\n\n<h2 class=\"wp-block-heading\">Perguntas frequentes (FAQ)<\/h2>\n\n\n\n<h3 class=\"wp-block-heading\"><strong>Por que \u00e9 importante ter um plano de estudos para o concurso PRF?<\/strong><\/h3>\n\n\n\n<p>Porque ele permite organizar seu tempo, priorizar os conte\u00fados mais relevantes e evitar lacunas no preparo.<\/p>\n\n\n\n<h3 class=\"wp-block-heading\"><strong>Como organizar o tempo entre disciplinas dif\u00edceis e j\u00e1 dominadas?<\/strong><\/h3>\n\n\n\n<p>Equilibre sua rotina: estude mais o que tem dificuldade, revisite o que domina. Use revis\u00f5es peri\u00f3dicas e quest\u00f5es pr\u00e1ticas para refor\u00e7ar tudo.<\/p>\n\n\n\n<h3 class=\"wp-block-heading\"><strong>Como preparar-se bem para a prova discursiva da PRF 2025?<\/strong><\/h3>\n\n\n\n<p>Mantenha-se atualizado, pratique reda\u00e7\u00e3o frequentemente, treine coer\u00eancia textual e argumenta\u00e7\u00e3o, e revise todas as disciplinas do edital.<\/p>\n\n\n\n<h3 class=\"wp-block-heading\"><strong>\u00c9 importante incluir preparo f\u00edsico e emocional na rotina?<\/strong><\/h3>\n\n\n\n<p>Sim, sa\u00fade f\u00edsica e mental influenciam diretamente a capacidade de estudo, rendimento e concentra\u00e7\u00e3o.<\/p>\n\n\n\n<h2 class=\"wp-block-heading\">Veja tamb\u00e9m:<\/h2>\n\n\n\n<figure class=\"wp-block-embed is-type-video is-provider-youtube wp-block-embed-youtube wp-embed-aspect-16-9 wp-has-aspect-ratio\"><div class=\"wp-block-embed__wrapper\">\n<iframe title=\"[ Dica ] Como Funciona a Mem\u00f3ria para Concursos | Renato Alves\" width=\"800\" height=\"450\" src=\"https:\/\/www.youtube.com\/embed\/Z3bOMzTJXYs?feature=oembed\" frameborder=\"0\" allow=\"accelerometer; autoplay; clipboard-write; encrypted-media; gyroscope; picture-in-picture; web-share\" referrerpolicy=\"strict-origin-when-cross-origin\" allowfullscreen><\/iframe>\n<\/div><\/figure>\n\n\n\n<p><\/p>\n\n\n\n<p><\/p>\n\n\n\n<p><\/p>\n","protected":false},"excerpt":{"rendered":"<p>Este \u00e9 o momento de colocar todo seu conhecimento em pr\u00e1tica e dar in\u00edcio aos estudos com estrat\u00e9gia \u2014 assim como eu fa\u00e7o com meus mentorados. Afinal, em 2025 a concorr\u00eancia para o concurso da PRF ser\u00e1 intensa, e estar bem preparado em todos os aspectos da avalia\u00e7\u00e3o far\u00e1 toda a diferen\u00e7a. Por isso pergunto: [&hellip;]<\/p>\n","protected":false},"author":24,"featured_media":6051,"comment_status":"open","ping_status":"open","sticky":false,"template":"","format":"standard","meta":{"footnotes":""},"categories":[715],"tags":[693,694,692,691,683,686,444,684,696,695,687,42,690,446,697,685,689,688],"class_list":["post-6038","post","type-post","status-publish","format-standard","has-post-thumbnail","hentry","category-concurso-publico","tag-como-estudar-concurso-prf","tag-como-estudar-melhor","tag-como-estudar-para-concurso-prf-2018","tag-como-memorizar-materia","tag-concurso-prf","tag-concurso-prf-2018","tag-cronograma-de-estudo","tag-edital-concurso-prf-2018","tag-estudar-para-policia","tag-estudo-eficiente","tag-materia-prf-2018","tag-memorizacao","tag-memorizacao-de-materia","tag-plano-de-estudo","tag-policia-federal","tag-prf-2018","tag-vagas-concurso-prf","tag-vagas-prf-2018"],"_links":{"self":[{"href":"https:\/\/renatoalves.com.br\/blog\/wp-json\/wp\/v2\/posts\/6038","targetHints":{"allow":["GET"]}}],"collection":[{"href":"https:\/\/renatoalves.com.br\/blog\/wp-json\/wp\/v2\/posts"}],"about":[{"href":"https:\/\/renatoalves.com.br\/blog\/wp-json\/wp\/v2\/types\/post"}],"author":[{"embeddable":true,"href":"https:\/\/renatoalves.com.br\/blog\/wp-json\/wp\/v2\/users\/24"}],"replies":[{"embeddable":true,"href":"https:\/\/renatoalves.com.br\/blog\/wp-json\/wp\/v2\/comments?post=6038"}],"version-history":[{"count":2,"href":"https:\/\/renatoalves.com.br\/blog\/wp-json\/wp\/v2\/posts\/6038\/revisions"}],"predecessor-version":[{"id":10448,"href":"https:\/\/renatoalves.com.br\/blog\/wp-json\/wp\/v2\/posts\/6038\/revisions\/10448"}],"wp:featuredmedia":[{"embeddable":true,"href":"https:\/\/renatoalves.com.br\/blog\/wp-json\/wp\/v2\/media\/6051"}],"wp:attachment":[{"href":"https:\/\/renatoalves.com.br\/blog\/wp-json\/wp\/v2\/media?parent=6038"}],"wp:term":[{"taxonomy":"category","embeddable":true,"href":"https:\/\/renatoalves.com.br\/blog\/wp-json\/wp\/v2\/categories?post=6038"},{"taxonomy":"post_tag","embeddable":true,"href":"https:\/\/renatoalves.com.br\/blog\/wp-json\/wp\/v2\/tags?post=6038"}],"curies":[{"name":"wp","href":"https:\/\/api.w.org\/{rel}","templated":true}]}}