{"id":6046,"date":"2025-08-06T15:45:00","date_gmt":"2025-08-06T18:45:00","guid":{"rendered":"https:\/\/renatoalves.com.br\/blog\/?p=6046"},"modified":"2025-08-06T08:57:37","modified_gmt":"2025-08-06T11:57:37","slug":"mnemonicos-direito","status":"publish","type":"post","link":"https:\/\/renatoalves.com.br\/blog\/mnemonicos-direito\/","title":{"rendered":"Mnem\u00f4nicos de Direito: OAB e concursos"},"content":{"rendered":"\n<p>H\u00e1 uma grande diferen\u00e7a entre usar a mem\u00f3ria e usar a <a href=\"https:\/\/estudomemorizacao.com.br\/\" target=\"_blank\" rel=\"noreferrer noopener\">mem\u00f3ria com intelig\u00eancia.<\/a> A maioria das pessoas confia no \u201cmodo padr\u00e3o\u201d: memorizam apenas o que chama aten\u00e7\u00e3o e, muitas vezes, esquecem o essencial.<\/p>\n\n\n\n<p>Eu mesmo j\u00e1 me deparei com estudantes que, ao final da leitura de um texto jur\u00eddico, dizem: <em>\u201cN\u00e3o me lembro de quase nada.\u201d<\/em> Essa \u00e9 a resposta de <strong>nove em cada dez concurseiros<\/strong> que ainda n\u00e3o aprenderam a usar a mem\u00f3ria de forma inteligente.<\/p>\n\n\n\n<p>Eu acredito \u2014 e estudo isso h\u00e1 anos \u2014 que a mem\u00f3ria inteligente pode ser aprendida. <strong>N\u00e3o depende de QI, mas de t\u00e9cnica.<\/strong> E a mais criativa delas, no Direito, s\u00e3o os mnem\u00f4nicos.<\/p>\n\n\n\n<figure class=\"wp-block-image size-large\"><a href=\"https:\/\/estudomemorizacao.com.br\/\"><img fetchpriority=\"high\" decoding=\"async\" width=\"1024\" height=\"182\" src=\"https:\/\/renatoalves.com.br\/blog\/wp-content\/uploads\/2018\/11\/capa_banner-1024x182.jpg\" alt=\"estudo e memoriza\u00e7\u00e3o para concurso p\u00fablico\" class=\"wp-image-6047\" srcset=\"https:\/\/renatoalves.com.br\/blog\/wp-content\/uploads\/2018\/11\/capa_banner-1024x182.jpg 1024w, https:\/\/renatoalves.com.br\/blog\/wp-content\/uploads\/2018\/11\/capa_banner-300x53.jpg 300w, https:\/\/renatoalves.com.br\/blog\/wp-content\/uploads\/2018\/11\/capa_banner-768x137.jpg 768w, https:\/\/renatoalves.com.br\/blog\/wp-content\/uploads\/2018\/11\/capa_banner-610x109.jpg 610w\" sizes=\"(max-width: 1024px) 100vw, 1024px\" \/><\/a><\/figure>\n\n\n\n<h2 class=\"wp-block-heading\">Por que a mem\u00f3ria funciona \u201cno modo padr\u00e3o\u201d \u2014 e o que \u00e9 \u201cmem\u00f3ria com intelig\u00eancia\u201d<\/h2>\n\n\n\n<ul class=\"wp-block-list\">\n<li>No modo padr\u00e3o, <strong>estudamos sem estrutura<\/strong>: o que desperta interesse fica, o resto se perde.<\/li>\n\n\n\n<li>A mem\u00f3ria inteligente envolve <strong>estrat\u00e9gias ativas e conscientes<\/strong>: t\u00e9cnicas como os <strong>mnem\u00f4nicos<\/strong>, mapas mentais, associa\u00e7\u00f5es visuais e resumos estruturados.<\/li>\n<\/ul>\n\n\n\n<p>O resultado? Quem usa a mem\u00f3ria com intelig\u00eancia consegue, ao fim da leitura, <strong>n\u00e3o s\u00f3 lembrar, mas narrar e explicar o que aprendeu<\/strong>.<\/p>\n\n\n\n<h2 class=\"wp-block-heading\">Mnem\u00f4nicos: o que s\u00e3o e como funcionam<\/h2>\n\n\n\n<ul class=\"wp-block-list\">\n<li>A palavra vem do grego \u201cmnemonik\u00f3s\u201d e refere-se \u00e0 arte de treinar a mem\u00f3ria.<\/li>\n\n\n\n<li>Esses recursos ativam <strong>associa\u00e7\u00f5es criativas<\/strong>, como rimas, abrevia\u00e7\u00f5es ou imagens mentais, facilitando a reten\u00e7\u00e3o de temas complexos.<\/li>\n\n\n\n<li>Por exemplo, criar uma frase ou acr\u00f4nimo que sintetize os pontos principais transforma o resgate da informa\u00e7\u00e3o em algo quase autom\u00e1tico.<\/li>\n<\/ul>\n\n\n\n<h2 class=\"wp-block-heading\">Mnem\u00f4nicos no Direito Admin e Constitucional: exemplos poderosos<\/h2>\n\n\n\n<h3 class=\"wp-block-heading\">Direito Administrativo<\/h3>\n\n\n\n<ul class=\"wp-block-list\">\n<li><strong>RUCO<\/strong>:\u202fReiterado, Uniforme, Cont\u00ednuo, Obrigat\u00f3rio \u2013 para lembrar caracter\u00edsticas dos costumes.<\/li>\n\n\n\n<li><strong>DIS\u2011CO\u2011AUTO<\/strong>:\u202fDiscricionariedade, Coercibilidade, Autoexecutoriedade \u2013 atributos do poder de pol\u00edcia.<\/li>\n\n\n\n<li><strong>SU\u2011PER\u2011I\u2011RES<\/strong>:\u202fSuspens\u00e3o dos direitos pol\u00edticos, Perda da fun\u00e7\u00e3o p\u00fablica, Indisponibilidade dos bens, Ressarcimento ao er\u00e1rio \u2013 atos de improbidade.<\/li>\n<\/ul>\n\n\n\n<h3 class=\"wp-block-heading\">Direito Constitucional<\/h3>\n\n\n\n<ul class=\"wp-block-list\">\n<li><strong>SO\u2011CI\u2011DI\u2011VA\u2011PLU<\/strong>:\u202fSoberania, Cidadania, Dignidade da pessoa, Valores sociais do trabalho e da livre iniciativa, Pluralismo pol\u00edtico \u2013 fundamentos da Rep\u00fablica.<\/li>\n\n\n\n<li><strong>CAPACETE de PM<\/strong>: Civil, Agr\u00e1rio, Penal, Aeron\u00e1utico, Comercial, Eleitoral, Trabalho, Espacial, Processual, Mar\u00edtimo \u2013 compet\u00eancias privativas da Uni\u00e3o.<\/li>\n\n\n\n<li><strong>R\u2011I\u2011C\u2011C\u2011I<\/strong>:\u202fRecusa de obriga\u00e7\u00e3o, Improbidade, Cancelamento da naturaliza\u00e7\u00e3o, Condena\u00e7\u00e3o criminal, Incapacidade civil \u2013 perda ou suspens\u00e3o de direitos pol\u00edticos.<\/li>\n<\/ul>\n\n\n\n<p>Esses mnem\u00f4nicos transformam a memoriza\u00e7\u00e3o de temas complexos em ferramentas eficientes para concursos.<\/p>\n\n\n\n<h2 class=\"wp-block-heading\">Como criar mnem\u00f4nicos de alto impacto<\/h2>\n\n\n\n<ol class=\"wp-block-list\">\n<li><strong>Estude o texto com aten\u00e7\u00e3o<\/strong>, destacando os principais pontos.<\/li>\n\n\n\n<li><strong>Crie associa\u00e7\u00f5es<\/strong>: pense em imagens, met\u00e1foras ou palavras que lembrem o conte\u00fado.<\/li>\n\n\n\n<li><strong>Forme acr\u00f4nimos ou frases f\u00e1ceis de lembrar<\/strong>, com boa pron\u00fancia.<\/li>\n\n\n\n<li><strong>Repita em voz alta<\/strong> e reveja periodicamente \u2014 isso transfere o conte\u00fado para a mem\u00f3ria de longo prazo.<\/li>\n<\/ol>\n\n\n\n<p>Ao aplicar essas diretrizes, voc\u00ea aprende a <strong><a href=\"https:\/\/renatoalves.com.br\/blog\/o-metodo-renato-alves-funciona-veja-depoimentos-reais\/\" target=\"_blank\" rel=\"noreferrer noopener\">usar a mem\u00f3ria com intelig\u00eancia<\/a><\/strong>, e n\u00e3o somente confiar nela.<\/p>\n\n\n\n<h2 class=\"wp-block-heading\">Benef\u00edcios da mem\u00f3ria inteligente<\/h2>\n\n\n\n<ul class=\"wp-block-list\">\n<li><strong>Reten\u00e7\u00e3o eficaz de conte\u00fados complexos<\/strong>, inclusive de longa dura\u00e7\u00e3o<\/li>\n\n\n\n<li><strong>Capacidade de narrar conte\u00fados com precis\u00e3o<\/strong>, \u00fatil em provas discursivas e orais<\/li>\n\n\n\n<li><strong>Economia de tempo de revis\u00e3o<\/strong>: menos repeti\u00e7\u00e3o, mais produtividade<\/li>\n\n\n\n<li><strong>Maior confian\u00e7a na execu\u00e7\u00e3o em provas e exames<\/strong><\/li>\n<\/ul>\n\n\n\n<h2 class=\"wp-block-heading\">Minha experi\u00eancia com memoriza\u00e7\u00e3o inteligente<\/h2>\n\n\n\n<p>No meu pr\u00f3prio estudo e mentoria, introduzi mnem\u00f4nicos antes mesmo de muitos alunos conhecerem essa t\u00e9cnica. Usei a regra do <strong>&#8220;acronima criativa + revis\u00e3o consciente&#8221;<\/strong>, e os resultados foram vis\u00edveis: reten\u00e7\u00e3o mais profunda, menos ansiedade antes das provas e facilidade para revis\u00e3o em etapas posteriores.<\/p>\n\n\n\n<p>A verdadeira efici\u00eancia nos estudos n\u00e3o est\u00e1 apenas em ler, mas em <a href=\"https:\/\/renatoalves.com.br\/blog\/memorizar-leitura\/\" target=\"_blank\" rel=\"noreferrer noopener\"><strong>memorizar com intelig\u00eancia<\/strong>. <\/a>Use os mnem\u00f4nicos como aliados estrat\u00e9gicos e potencialize a informa\u00e7\u00e3o que passa pela sua mente \u2014 transforme o conte\u00fado em conhecimento ativo.<\/p>\n\n\n\n<p>Se voc\u00ea tem um mnem\u00f4nico pr\u00f3prio, compartilhe nos coment\u00e1rios e ajude outros alunos! Desejo-lhe memoriza\u00e7\u00e3o eficiente e aprova\u00e7\u00e3o s\u00f3lida.<\/p>\n\n\n\n<p><strong>Viva bem, lembre bem.<br>Renato Alves<\/strong><\/p>\n\n\n\n<figure class=\"wp-block-image size-large\"><a href=\"https:\/\/estudomemorizacao.com.br\/\"><img fetchpriority=\"high\" decoding=\"async\" width=\"1024\" height=\"182\" src=\"https:\/\/renatoalves.com.br\/blog\/wp-content\/uploads\/2018\/11\/capa_banner-1024x182.jpg\" alt=\"estudo e memoriza\u00e7\u00e3o para concurso p\u00fablico\" class=\"wp-image-6047\" srcset=\"https:\/\/renatoalves.com.br\/blog\/wp-content\/uploads\/2018\/11\/capa_banner-1024x182.jpg 1024w, https:\/\/renatoalves.com.br\/blog\/wp-content\/uploads\/2018\/11\/capa_banner-300x53.jpg 300w, https:\/\/renatoalves.com.br\/blog\/wp-content\/uploads\/2018\/11\/capa_banner-768x137.jpg 768w, https:\/\/renatoalves.com.br\/blog\/wp-content\/uploads\/2018\/11\/capa_banner-610x109.jpg 610w\" sizes=\"(max-width: 1024px) 100vw, 1024px\" \/><\/a><\/figure>\n\n\n\n<h2 class=\"wp-block-heading\">Perguntas frequentes (FAQ)<\/h2>\n\n\n\n<h3 class=\"wp-block-heading\"><strong>O que diferencia mem\u00f3ria comum de mem\u00f3ria inteligente?<\/strong><\/h3>\n\n\n\n<p>A mem\u00f3ria inteligente envolve t\u00e9cnicas ativas, como mnem\u00f4nicos, mapas mentais e associa\u00e7\u00e3o consciente, enquanto a mem\u00f3ria comum depende apenas de interesse espont\u00e2neo.<\/p>\n\n\n\n<h3 class=\"wp-block-heading\"><strong>Como construir mnem\u00f4nicos para conte\u00fado t\u00e9cnico?<\/strong><\/h3>\n\n\n\n<p>Estude profundamente o tema, transforme termos em abrevia\u00e7\u00f5es ou frases de f\u00e1cil memoriza\u00e7\u00e3o e associe conceitos a imagens ou palavras-chave.<\/p>\n\n\n\n<h3 class=\"wp-block-heading\"><strong>Mnem\u00f4nicos s\u00e3o eficazes para Direito Constitucional e Administrativo?<\/strong><\/h3>\n\n\n\n<p>Sim. Ferramentas como <strong>RUCO<\/strong>, <strong>SO\u2011CI\u2011DI\u2011VA\u2011PLU<\/strong> e <strong>CAPACETE de PM<\/strong> s\u00e3o exemplos de uso bem-sucedido em concursos.<\/p>\n\n\n\n<h3 class=\"wp-block-heading\"><strong>Como revisar mnem\u00f4nicos para transferir \u00e0 mem\u00f3ria de longo prazo?<\/strong><\/h3>\n\n\n\n<p>Repita em voz alta, use revis\u00f5es espa\u00e7adas (por exemplo, um dia depois, uma semana depois) e aplique os mnem\u00f4nicos executando exerc\u00edcios e quest\u00f5es pr\u00e1ticas.<\/p>\n\n\n\n<figure class=\"wp-block-embed is-type-video is-provider-youtube wp-block-embed-youtube wp-embed-aspect-16-9 wp-has-aspect-ratio\"><div class=\"wp-block-embed__wrapper\">\n<iframe title=\"APROVADO no TRE-SP com apenas 23 anos\" width=\"800\" height=\"450\" src=\"https:\/\/www.youtube.com\/embed\/VHYPr7I4bqg?feature=oembed\" frameborder=\"0\" allow=\"accelerometer; autoplay; clipboard-write; encrypted-media; gyroscope; picture-in-picture; web-share\" referrerpolicy=\"strict-origin-when-cross-origin\" allowfullscreen><\/iframe>\n<\/div><\/figure>\n\n\n\n<p><\/p>\n","protected":false},"excerpt":{"rendered":"<p>H\u00e1 uma grande diferen\u00e7a entre usar a mem\u00f3ria e usar a mem\u00f3ria com intelig\u00eancia. A maioria das pessoas confia no \u201cmodo padr\u00e3o\u201d: memorizam apenas o que chama aten\u00e7\u00e3o e, muitas vezes, esquecem o essencial. Eu mesmo j\u00e1 me deparei com estudantes que, ao final da leitura de um texto jur\u00eddico, dizem: \u201cN\u00e3o me lembro de [&hellip;]<\/p>\n","protected":false},"author":24,"featured_media":6071,"comment_status":"open","ping_status":"open","sticky":false,"template":"","format":"standard","meta":{"footnotes":""},"categories":[715,3],"tags":[731,732,723,729,733,724,725,719,721,722,720,730,718,190,728,727,726],"class_list":["post-6046","post","type-post","status-publish","format-standard","has-post-thumbnail","hentry","category-concurso-publico","category-artigos","tag-como-decorar-materia-de-direito","tag-como-decorar-materia-para-concursos","tag-como-estudar-direito","tag-como-memorizar-leis","tag-como-memorizar-o-que-leio","tag-como-passar-na-oab","tag-curso-para-oab","tag-direito-civil","tag-direito-constitucional","tag-direito-para-concursos","tag-direito-penal","tag-memorizacao-para-oab","tag-mnemonicos-de-direito","tag-oab","tag-tecnica-mnemonica","tag-tecnicas-de-estudo-para-concursos","tag-tecnicas-de-estudo-para-oab"],"_links":{"self":[{"href":"https:\/\/renatoalves.com.br\/blog\/wp-json\/wp\/v2\/posts\/6046","targetHints":{"allow":["GET"]}}],"collection":[{"href":"https:\/\/renatoalves.com.br\/blog\/wp-json\/wp\/v2\/posts"}],"about":[{"href":"https:\/\/renatoalves.com.br\/blog\/wp-json\/wp\/v2\/types\/post"}],"author":[{"embeddable":true,"href":"https:\/\/renatoalves.com.br\/blog\/wp-json\/wp\/v2\/users\/24"}],"replies":[{"embeddable":true,"href":"https:\/\/renatoalves.com.br\/blog\/wp-json\/wp\/v2\/comments?post=6046"}],"version-history":[{"count":3,"href":"https:\/\/renatoalves.com.br\/blog\/wp-json\/wp\/v2\/posts\/6046\/revisions"}],"predecessor-version":[{"id":10446,"href":"https:\/\/renatoalves.com.br\/blog\/wp-json\/wp\/v2\/posts\/6046\/revisions\/10446"}],"wp:featuredmedia":[{"embeddable":true,"href":"https:\/\/renatoalves.com.br\/blog\/wp-json\/wp\/v2\/media\/6071"}],"wp:attachment":[{"href":"https:\/\/renatoalves.com.br\/blog\/wp-json\/wp\/v2\/media?parent=6046"}],"wp:term":[{"taxonomy":"category","embeddable":true,"href":"https:\/\/renatoalves.com.br\/blog\/wp-json\/wp\/v2\/categories?post=6046"},{"taxonomy":"post_tag","embeddable":true,"href":"https:\/\/renatoalves.com.br\/blog\/wp-json\/wp\/v2\/tags?post=6046"}],"curies":[{"name":"wp","href":"https:\/\/api.w.org\/{rel}","templated":true}]}}