{"id":6222,"date":"2025-08-05T10:16:33","date_gmt":"2025-08-05T13:16:33","guid":{"rendered":"https:\/\/renatoalves.com.br\/blog\/?p=6222"},"modified":"2025-08-05T10:16:37","modified_gmt":"2025-08-05T13:16:37","slug":"como-estudar-sob-pressao","status":"publish","type":"post","link":"https:\/\/renatoalves.com.br\/blog\/como-estudar-sob-pressao\/","title":{"rendered":"Como Estudar Sob Press\u00e3o e Manter o Foco Mesmo em Situa\u00e7\u00f5es Extremas"},"content":{"rendered":"\n<p>Duas imagens sempre surgem na minha mente quando ou\u00e7o a palavra \u201c<strong>press\u00e3o<\/strong>\u201d.<\/p>\n\n\n\n<p>A primeira \u00e9 minha m\u00e3e, mandando que eu sa\u00edsse de perto da panela de press\u00e3o:<br>\u2014 \u201cSome daqui, moleque! Essa panela pode explodir!\u201d<\/p>\n\n\n\n<p>A segunda, mais recente, \u00e9 a da semana de provas na faculdade de computa\u00e7\u00e3o. Minha cabe\u00e7a parecia uma panela prestes a explodir, com tantos c\u00f3digos, fun\u00e7\u00f5es e comandos de programa\u00e7\u00e3o que eu precisava memorizar.<\/p>\n\n\n\n<p>E voc\u00ea, o que vem \u00e0 sua cabe\u00e7a quando pensa em<a href=\"https:\/\/estudomemorizacao.com.br\/?utm_source=Blog&amp;utm_medium=site-ofc&amp;utm_campaign=CEM&amp;utm_content=memorizar-leitura\" target=\"_blank\" rel=\"noreferrer noopener\"> <strong>estudar sob press\u00e3o<\/strong>?<\/a><\/p>\n\n\n\n<figure class=\"wp-block-image size-large\"><a href=\"https:\/\/memoriablindada.com.br\/\"><img fetchpriority=\"high\" decoding=\"async\" width=\"1024\" height=\"120\" src=\"https:\/\/renatoalves.com.br\/blog\/wp-content\/uploads\/2014\/09\/MEMORIA-BLINDADA-BANNER-BLOG-RENATO-ALVES-1024x120.png\" alt=\"banner mem\u00f3ria blindada\" class=\"wp-image-10107\" srcset=\"https:\/\/renatoalves.com.br\/blog\/wp-content\/uploads\/2014\/09\/MEMORIA-BLINDADA-BANNER-BLOG-RENATO-ALVES-1024x120.png 1024w, https:\/\/renatoalves.com.br\/blog\/wp-content\/uploads\/2014\/09\/MEMORIA-BLINDADA-BANNER-BLOG-RENATO-ALVES-300x35.png 300w, https:\/\/renatoalves.com.br\/blog\/wp-content\/uploads\/2014\/09\/MEMORIA-BLINDADA-BANNER-BLOG-RENATO-ALVES-768x90.png 768w, https:\/\/renatoalves.com.br\/blog\/wp-content\/uploads\/2014\/09\/MEMORIA-BLINDADA-BANNER-BLOG-RENATO-ALVES-1536x181.png 1536w, https:\/\/renatoalves.com.br\/blog\/wp-content\/uploads\/2014\/09\/MEMORIA-BLINDADA-BANNER-BLOG-RENATO-ALVES.png 1700w\" sizes=\"(max-width: 1024px) 100vw, 1024px\" \/><\/a><\/figure>\n\n\n\n<h2 class=\"wp-block-heading\">O peso das cobran\u00e7as<\/h2>\n\n\n\n<p>Como est\u00e3o os seus estudos atualmente?<\/p>\n\n\n\n<p>Voc\u00ea consegue dar conta da carga de mat\u00e9rias e tarefas? Ou sente que est\u00e1 carregando um fardo que aumenta a cada dia?<\/p>\n\n\n\n<p>A verdade \u00e9 que para obter resultados de excel\u00eancia em provas, vestibulares ou concursos, o ideal seria dispor de tr\u00eas recursos que, infelizmente, costumam faltar:<\/p>\n\n\n\n<ul class=\"wp-block-list\">\n<li><strong>Tempo<\/strong><\/li>\n\n\n\n<li><strong>Concentra\u00e7\u00e3o<\/strong><\/li>\n\n\n\n<li><strong>Dedica\u00e7\u00e3o exclusiva<\/strong><\/li>\n<\/ul>\n\n\n\n<p>E a aus\u00eancia deles pode afetar radicalmente seu estado emocional. A inseguran\u00e7a cresce, a autoconfian\u00e7a diminui e, como consequ\u00eancia, voc\u00ea passa a se questionar.<br>Frases como:<\/p>\n\n\n\n<blockquote class=\"wp-block-quote is-layout-flow wp-block-quote-is-layout-flow\">\n<p>\u201cVoc\u00ea s\u00f3 estuda?\u201d<br>\u201cMas quando vai passar?\u201d<br>\u201cN\u00e3o acha que j\u00e1 passou da hora?\u201d<\/p>\n<\/blockquote>\n\n\n\n<p>\u2026transformam-se em <strong>fantasmas di\u00e1rios<\/strong>.<\/p>\n\n\n\n<h2 class=\"wp-block-heading\">A press\u00e3o social e emocional<\/h2>\n\n\n\n<p>Algumas pessoas ao seu redor podem n\u00e3o entender sua rotina, seu esfor\u00e7o ou sua luta interna. Por isso, \u00e9 importante:<\/p>\n\n\n\n<ul class=\"wp-block-list\">\n<li>Desenvolver empatia para compreender a falta de compreens\u00e3o dos outros;<\/li>\n\n\n\n<li><strong>Compartilhar suas vit\u00f3rias e dificuldades<\/strong> com quem se importa com voc\u00ea;<\/li>\n\n\n\n<li>Envolver sua fam\u00edlia e amigos no processo, explicando o que voc\u00ea enfrenta.<\/li>\n<\/ul>\n\n\n\n<p>Ao fazer isso, voc\u00ea refor\u00e7a seu compromisso com os estudos e reduz o impacto da press\u00e3o.<\/p>\n\n\n\n<h2 class=\"wp-block-heading\">Como estudar sob press\u00e3o sem explodir<\/h2>\n\n\n\n<p>Assim como minha m\u00e3e conferia a borracha e a v\u00e1lvula da panela de press\u00e3o antes de acend\u00ea-la, voc\u00ea tamb\u00e9m precisa preparar seu ambiente de estudo com planejamento e estrat\u00e9gia.<\/p>\n\n\n\n<h3 class=\"wp-block-heading\"><strong>1. Planeje cada passo<\/strong><\/h3>\n\n\n\n<p>Sem planejamento, sua mente entra em curto. Com ele, voc\u00ea:<\/p>\n\n\n\n<ul class=\"wp-block-list\">\n<li>Ganha clareza sobre o que precisa estudar;<\/li>\n\n\n\n<li>Identifica onde tem mais dificuldade;<\/li>\n\n\n\n<li>Evita a sobrecarga de \u00faltima hora.<\/li>\n<\/ul>\n\n\n\n<h3 class=\"wp-block-heading\"><strong> 2. Tenha dom\u00ednio sobre sua rotina<\/strong><\/h3>\n\n\n\n<p>Com um plano de estudos bem estruturado, voc\u00ea passa a ter o controle da situa\u00e7\u00e3o. Isso gera confian\u00e7a e reduz a ansiedade, pois voc\u00ea sabe que est\u00e1 no caminho certo.<\/p>\n\n\n\n<h3 class=\"wp-block-heading\"><strong>3. Visualize sua evolu\u00e7\u00e3o<\/strong><\/h3>\n\n\n\n<p>Quando voc\u00ea enxerga o progresso (mat\u00e9rias vencidas, revis\u00f5es feitas), a motiva\u00e7\u00e3o cresce. Voc\u00ea se sente mais capacitado e a press\u00e3o perde for\u00e7a.<\/p>\n\n\n\n<h3 class=\"wp-block-heading\"><strong>4. Mantenha a disciplina mesmo nos dias dif\u00edceis<\/strong><\/h3>\n\n\n\n<p>A press\u00e3o \u00e9 inevit\u00e1vel. O que voc\u00ea pode fazer \u00e9 construir <strong>resili\u00eancia<\/strong> e<a href=\"https:\/\/renatoalves.com.br\/blog\/como-evitar-a-distracao\/\" target=\"_blank\" rel=\"noreferrer noopener\"> treinar sua mente<\/a> para continuar, mesmo quando parecer dif\u00edcil.<\/p>\n\n\n\n<h2 class=\"wp-block-heading\">Dicas pr\u00e1ticas para lidar com a press\u00e3o<\/h2>\n\n\n\n<ul class=\"wp-block-list\">\n<li><strong>Durma bem<\/strong>: o sono regula o emocional e fortalece a mem\u00f3ria.<\/li>\n\n\n\n<li><strong>Pratique exerc\u00edcios f\u00edsicos<\/strong>: libera\u00e7\u00e3o de endorfina combate o estresse.<\/li>\n\n\n\n<li><strong>Evite compara\u00e7\u00f5es<\/strong>: cada um tem seu ritmo.<\/li>\n\n\n\n<li><strong>Use t\u00e9cnicas de foco<\/strong>: Pomodoro, revis\u00e3o ativa, mapas mentais.<\/li>\n\n\n\n<li><strong>Busque apoio emocional<\/strong>: conversar \u00e9 terap\u00eautico.<\/li>\n<\/ul>\n\n\n\n<p>Estudar sob press\u00e3o \u00e9 como conviver com uma panela de press\u00e3o no fog\u00e3o: \u00e9 preciso aten\u00e7\u00e3o, preparo e controle. Mas quando voc\u00ea domina o processo \u2014 planejamento, disciplina e equil\u00edbrio emocional \u2014, tudo flui com mais leveza.<\/p>\n\n\n\n<p>Assim como minha m\u00e3e fazia o feij\u00e3o com carinho e cuidado, voc\u00ea tamb\u00e9m pode preparar seu caminho at\u00e9 a aprova\u00e7\u00e3o com intelig\u00eancia e estrat\u00e9gia.<\/p>\n\n\n\n<p>Quer minha ajuda para montar um plano de estudos sob medida?<br><a href=\"https:\/\/renatoalves.com.br\/blog\/lembrar-o-que-voce-estudou\/\" target=\"_blank\" rel=\"noreferrer noopener\">Deixo aqui um artigo completo que escrevi para te ajudar nessa jornada.<\/a><\/p>\n\n\n\n<p>E voc\u00ea? J\u00e1 passou por situa\u00e7\u00f5es extremas de press\u00e3o nos estudos?<br>Deixe nos coment\u00e1rios, quero saber sua experi\u00eancia!<\/p>\n\n\n\n<p>Renato Alves<\/p>\n\n\n\n<figure class=\"wp-block-image size-large\"><a href=\"https:\/\/memoriablindada.com.br\/\"><img fetchpriority=\"high\" decoding=\"async\" width=\"1024\" height=\"120\" src=\"https:\/\/renatoalves.com.br\/blog\/wp-content\/uploads\/2014\/09\/MEMORIA-BLINDADA-BANNER-BLOG-RENATO-ALVES-1024x120.png\" alt=\"banner mem\u00f3ria blindada\" class=\"wp-image-10107\" srcset=\"https:\/\/renatoalves.com.br\/blog\/wp-content\/uploads\/2014\/09\/MEMORIA-BLINDADA-BANNER-BLOG-RENATO-ALVES-1024x120.png 1024w, https:\/\/renatoalves.com.br\/blog\/wp-content\/uploads\/2014\/09\/MEMORIA-BLINDADA-BANNER-BLOG-RENATO-ALVES-300x35.png 300w, https:\/\/renatoalves.com.br\/blog\/wp-content\/uploads\/2014\/09\/MEMORIA-BLINDADA-BANNER-BLOG-RENATO-ALVES-768x90.png 768w, https:\/\/renatoalves.com.br\/blog\/wp-content\/uploads\/2014\/09\/MEMORIA-BLINDADA-BANNER-BLOG-RENATO-ALVES-1536x181.png 1536w, https:\/\/renatoalves.com.br\/blog\/wp-content\/uploads\/2014\/09\/MEMORIA-BLINDADA-BANNER-BLOG-RENATO-ALVES.png 1700w\" sizes=\"(max-width: 1024px) 100vw, 1024px\" \/><\/a><\/figure>\n\n\n\n<h2 class=\"wp-block-heading\">Perguntas Frequentes (FAQ)<\/h2>\n\n\n\n<h3 class=\"wp-block-heading\"><strong>Como manter a calma para estudar quando estou muito pressionado?<\/strong><\/h3>\n\n\n\n<p>Organize seu tempo, respire fundo, elimine distra\u00e7\u00f5es e foque no progresso, n\u00e3o na perfei\u00e7\u00e3o.<\/p>\n\n\n\n<h3 class=\"wp-block-heading\"><strong> \u00c9 normal ter crises de ansiedade durante os estudos?<\/strong><\/h3>\n\n\n\n<p>Sim, \u00e9 comum. Mas se a ansiedade for constante, busque ajuda especializada. T\u00e9cnicas de respira\u00e7\u00e3o e organiza\u00e7\u00e3o ajudam muito.<\/p>\n\n\n\n<h3 class=\"wp-block-heading\"><strong>Estudar \u00e0 noite prejudica o desempenho?<\/strong><\/h3>\n\n\n\n<p><br>Depende. O ideal \u00e9 manter o equil\u00edbrio entre sono e estudo. Estudar com sono reduz a reten\u00e7\u00e3o de informa\u00e7\u00f5es.<\/p>\n\n\n\n<h3 class=\"wp-block-heading\"><strong>O que fazer quando me sinto incapaz?<\/strong><\/h3>\n\n\n\n<p>Reconhe\u00e7a seus esfor\u00e7os, evite compara\u00e7\u00f5es e divida suas metas em pequenos passos. A autoconfian\u00e7a \u00e9 constru\u00edda com consist\u00eancia.<\/p>\n\n\n\n<h2 class=\"wp-block-heading\">Veja tamb\u00e9m:<\/h2>\n\n\n\n<figure class=\"wp-block-embed is-type-video is-provider-youtube wp-block-embed-youtube wp-embed-aspect-16-9 wp-has-aspect-ratio\"><div class=\"wp-block-embed__wrapper\">\n<iframe title=\"COMO ESTUDAR SOB PRESS\u00c3O | 3 DICAS DE SUCESSO\" width=\"800\" height=\"450\" src=\"https:\/\/www.youtube.com\/embed\/BtQjC7KZmAY?feature=oembed\" frameborder=\"0\" allow=\"accelerometer; autoplay; clipboard-write; encrypted-media; gyroscope; picture-in-picture; web-share\" referrerpolicy=\"strict-origin-when-cross-origin\" allowfullscreen><\/iframe>\n<\/div><\/figure>\n\n\n\n<p><\/p>\n","protected":false},"excerpt":{"rendered":"<p>Sente que est\u00e1 no limite com tanto conte\u00fado para estudar? Aprenda a manter o foco, a organiza\u00e7\u00e3o e o controle emocional mesmo sob press\u00e3o<\/p>\n","protected":false},"author":10,"featured_media":7175,"comment_status":"open","ping_status":"open","sticky":false,"template":"","format":"standard","meta":{"footnotes":""},"categories":[3],"tags":[1022,160,446,1024],"class_list":["post-6222","post","type-post","status-publish","format-standard","has-post-thumbnail","hentry","category-artigos","tag-como-estudar-sob-pressao","tag-planejamento","tag-plano-de-estudo","tag-pressao-nos-estudos"],"_links":{"self":[{"href":"https:\/\/renatoalves.com.br\/blog\/wp-json\/wp\/v2\/posts\/6222","targetHints":{"allow":["GET"]}}],"collection":[{"href":"https:\/\/renatoalves.com.br\/blog\/wp-json\/wp\/v2\/posts"}],"about":[{"href":"https:\/\/renatoalves.com.br\/blog\/wp-json\/wp\/v2\/types\/post"}],"author":[{"embeddable":true,"href":"https:\/\/renatoalves.com.br\/blog\/wp-json\/wp\/v2\/users\/10"}],"replies":[{"embeddable":true,"href":"https:\/\/renatoalves.com.br\/blog\/wp-json\/wp\/v2\/comments?post=6222"}],"version-history":[{"count":2,"href":"https:\/\/renatoalves.com.br\/blog\/wp-json\/wp\/v2\/posts\/6222\/revisions"}],"predecessor-version":[{"id":10434,"href":"https:\/\/renatoalves.com.br\/blog\/wp-json\/wp\/v2\/posts\/6222\/revisions\/10434"}],"wp:featuredmedia":[{"embeddable":true,"href":"https:\/\/renatoalves.com.br\/blog\/wp-json\/wp\/v2\/media\/7175"}],"wp:attachment":[{"href":"https:\/\/renatoalves.com.br\/blog\/wp-json\/wp\/v2\/media?parent=6222"}],"wp:term":[{"taxonomy":"category","embeddable":true,"href":"https:\/\/renatoalves.com.br\/blog\/wp-json\/wp\/v2\/categories?post=6222"},{"taxonomy":"post_tag","embeddable":true,"href":"https:\/\/renatoalves.com.br\/blog\/wp-json\/wp\/v2\/tags?post=6222"}],"curies":[{"name":"wp","href":"https:\/\/api.w.org\/{rel}","templated":true}]}}