{"id":6232,"date":"2025-08-05T09:28:57","date_gmt":"2025-08-05T12:28:57","guid":{"rendered":"https:\/\/renatoalves.com.br\/blog\/?p=6232"},"modified":"2025-08-05T09:30:15","modified_gmt":"2025-08-05T12:30:15","slug":"enem-estude-no-exterior","status":"publish","type":"post","link":"https:\/\/renatoalves.com.br\/blog\/enem-estude-no-exterior\/","title":{"rendered":"ENEM: Estude no exterior!"},"content":{"rendered":"\n<p>Desde 2014, <strong>institui\u00e7\u00f5es portuguesas come\u00e7aram a aceitar a nota do ENEM<\/strong> como crit\u00e9rio de ingresso \u2014 uma realidade que h\u00e1 poucos anos parecia distante para muitos brasileiros. Se voc\u00ea j\u00e1 est\u00e1 se preparando para o ENEM, \u00e9 essencial entender <strong>como transformar dedica\u00e7\u00e3o em oportunidade internacional<\/strong>.<\/p>\n\n\n\n<p>Pergunto:<a href=\"https:\/\/estudomemorizacao.com.br\/\" target=\"_blank\" rel=\"noreferrer noopener\"> <strong>j\u00e1 sabe qual curso ou universidade portuguesa deseja cursar?<\/strong><\/a><\/p>\n\n\n\n<p>Essa escolha antecipada permite construir um caminho estrat\u00e9gico: planejar estudos, documentos e desenvolver foco desde j\u00e1.<\/p>\n\n\n\n<figure class=\"wp-block-image size-large\"><a href=\"https:\/\/estudomemorizacao.com.br\/?utm_source=Blog&amp;utm_medium=site-ofc&amp;utm_campaign=CEM&amp;utm_content=memorizar-leitura\"><img fetchpriority=\"high\" decoding=\"async\" width=\"1024\" height=\"120\" src=\"https:\/\/renatoalves.com.br\/blog\/wp-content\/uploads\/2014\/09\/MEMORIA-BLINDADA-BANNER-BLOG-RENATO-ALVES-1024x120.png\" alt=\"banner mem\u00f3ria blindada\" class=\"wp-image-10107\" srcset=\"https:\/\/renatoalves.com.br\/blog\/wp-content\/uploads\/2014\/09\/MEMORIA-BLINDADA-BANNER-BLOG-RENATO-ALVES-1024x120.png 1024w, https:\/\/renatoalves.com.br\/blog\/wp-content\/uploads\/2014\/09\/MEMORIA-BLINDADA-BANNER-BLOG-RENATO-ALVES-300x35.png 300w, https:\/\/renatoalves.com.br\/blog\/wp-content\/uploads\/2014\/09\/MEMORIA-BLINDADA-BANNER-BLOG-RENATO-ALVES-768x90.png 768w, https:\/\/renatoalves.com.br\/blog\/wp-content\/uploads\/2014\/09\/MEMORIA-BLINDADA-BANNER-BLOG-RENATO-ALVES-1536x181.png 1536w, https:\/\/renatoalves.com.br\/blog\/wp-content\/uploads\/2014\/09\/MEMORIA-BLINDADA-BANNER-BLOG-RENATO-ALVES.png 1700w\" sizes=\"(max-width: 1024px) 100vw, 1024px\" \/><\/a><\/figure>\n\n\n\n<h2 class=\"wp-block-heading\">Atualiza\u00e7\u00e3o institucional: quantas e quais aceitam o ENEM em 2025?<\/h2>\n\n\n\n<p>Segundo dados mais recentes, <strong>s\u00e3o ao menos 26 institui\u00e7\u00f5es com conv\u00eanio formal ativo<\/strong> com o Inep, aceitando o ENEM para sele\u00e7\u00e3o de brasileiros. Outras fontes indicam at\u00e9 51 acordos, mas muitos j\u00e1 expiraram ou n\u00e3o foram renovados formalmente at\u00e9 essa data.<\/p>\n\n\n\n<h3 class=\"wp-block-heading\">Exemplos de institui\u00e7\u00f5es conveniadas (v\u00e1lidas em 2025):<\/h3>\n\n\n\n<figure class=\"wp-block-table\"><table class=\"has-fixed-layout\"><thead><tr><th><strong>Institui\u00e7\u00e3o<\/strong><\/th><th><strong>Conv\u00eanio desde \/ renova\u00e7\u00e3o<\/strong><\/th><\/tr><\/thead><tbody><tr><td>Universidade de Coimbra<\/td><td>desde 26\/05\/2014 (renovado em 2019)<\/td><\/tr><tr><td>Universidade do Porto<\/td><td>desde 09\/03\/2016<\/td><\/tr><tr><td>Universidade de Aveiro<\/td><td>integrante da lista 2025<\/td><\/tr><tr><td>Instituto Polit\u00e9cnico de Leiria, Beja, Porto, Coimbra, Viana do Castelo, Santar\u00e9m, Castelo Branco, Viseu, Bragan\u00e7a<\/td><td><\/td><\/tr><tr><td>Universidades privadas: Lus\u00f3fona, Cat\u00f3lica Portuguesa, Europeia, Ipam, ISPA, ESEnfC, ESAP, ESSAlcoit\u00e3o, ESSNorteCVP<\/td><td>v\u00e1rias com conv\u00eanios renovados at\u00e9 2025<\/td><\/tr><\/tbody><\/table><\/figure>\n\n\n\n<p>Cada institui\u00e7\u00e3o determina crit\u00e9rios pr\u00f3prios \u2014 nota de corte, peso por \u00e1rea, necessidade de profici\u00eancia em portugu\u00eas ou ingl\u00eas \u2014 portanto recomendo <strong>consultar os editais espec\u00edficos de cada institui\u00e7\u00e3o<\/strong> para sua \u00e1rea de interesse.<\/p>\n\n\n\n<h2 class=\"wp-block-heading\">Por que essa oportunidade \u00e9 estrat\u00e9gica?<\/h2>\n\n\n\n<ul class=\"wp-block-list\">\n<li><strong>Maior chance de aprova\u00e7\u00e3o antecipada<\/strong>, com prepara\u00e7\u00e3o guiada ao curso e universidade pretendida.<\/li>\n\n\n\n<li><strong>Valoriza\u00e7\u00e3o da nota do ENEM<\/strong> em institui\u00e7\u00f5es internacionais \u2014 sem depender exclusivamente do vestibular brasileiro.<\/li>\n\n\n\n<li>Acesso a <strong>bolsas, bolsas de m\u00e9rito ou descontos<\/strong>, inclusive nas p\u00fablicas (h\u00e1 taxas simb\u00f3licas at\u00e9 ~\u20ac1.000\/ano, mas com possibilidade de incentivos financeiros via institui\u00e7\u00f5es).<\/li>\n\n\n\n<li>Ambiente multicultural e<a href=\"https:\/\/renatoalves.com.br\/blog\/o-metodo-renato-alves-funciona-veja-depoimentos-reais\/\" target=\"_blank\" rel=\"noreferrer noopener\"> metodologia inovadora<\/a> \u2014 especialmente em universidades como <strong>Porto, Coimbra e Nova de Lisboa<\/strong>, bem posicionadas em rankings internacionais.<\/li>\n<\/ul>\n\n\n\n<h2 class=\"wp-block-heading\">Dicas para preparar sua candidatura<\/h2>\n\n\n\n<p>Elaborei um modelo que mapeia disciplinas por semanas, reserva de tempo para reda\u00e7\u00e3o, simulados e revis\u00e3o. Um planejamento estruturado ajuda a evitar procrastina\u00e7\u00e3o e manter a disciplina.<\/p>\n\n\n\n<h2 class=\"wp-block-heading\">T\u00e9cnica de flashcards tipo Leitner<\/h2>\n\n\n\n<p>J\u00e1 comentei antes: separados por n\u00edveis de dificuldade, revisados em intervalos programados (1\u202fdia, 3\u202fdias, 5\u202fdias). Transferir conhecimento para a mem\u00f3ria de longo prazo \u00e9 essencial para a prova e para reten\u00e7\u00e3o futura.<\/p>\n\n\n\n<h3 class=\"wp-block-heading\">Checklist de documentos e requisitos<\/h3>\n\n\n\n<ul class=\"wp-block-list\">\n<li>ENEM com pontua\u00e7\u00e3o m\u00ednima exigida pela institui\u00e7\u00e3o.<\/li>\n\n\n\n<li>Hist\u00f3rico e diploma do ensino m\u00e9dio (traduzido e apostilado).<\/li>\n\n\n\n<li>Certificado de profici\u00eancia lingu\u00edstica, quando necess\u00e1rio.<\/li>\n<\/ul>\n\n\n\n<h2 class=\"wp-block-heading\">Conclus\u00e3o<\/h2>\n\n\n\n<p>Em conclus\u00e3o, essa oportunidade de transformar sua nota do ENEM em uma <strong>porta para estudar em Portugal<\/strong> j\u00e1 \u00e9 concreta e relevante. A prepara\u00e7\u00e3o antecipada n\u00e3o se trata apenas de estudar forte, mas de estudar com <strong>objetivo claro e escolha consciente<\/strong>.<\/p>\n\n\n\n<p>Se voc\u00ea deseja direcionar o seu<a href=\"https:\/\/renatoalves.com.br\/blog\/memorizar-leitura\/\" target=\"_blank\" rel=\"noreferrer noopener\"> plano de estudos<\/a> para alguma institui\u00e7\u00e3o ou curso em particular \u2014 ou verificar editais que mais combinam com seu perfil \u2014 estou aqui para ajudar.<\/p>\n\n\n\n<p>E voc\u00ea, j\u00e1 tem alguma universidade em mente? Vamos juntos tra\u00e7ar esse caminho.<\/p>\n\n\n\n<p>Abra\u00e7o e bons estudos,<br>Renato Alves.<\/p>\n\n\n\n<figure class=\"wp-block-image size-large\"><a href=\"https:\/\/estudomemorizacao.com.br\/?utm_source=Blog&amp;utm_medium=site-ofc&amp;utm_campaign=CEM&amp;utm_content=memorizar-leitura\"><img fetchpriority=\"high\" decoding=\"async\" width=\"1024\" height=\"120\" src=\"https:\/\/renatoalves.com.br\/blog\/wp-content\/uploads\/2014\/09\/MEMORIA-BLINDADA-BANNER-BLOG-RENATO-ALVES-1024x120.png\" alt=\"banner mem\u00f3ria blindada\" class=\"wp-image-10107\" srcset=\"https:\/\/renatoalves.com.br\/blog\/wp-content\/uploads\/2014\/09\/MEMORIA-BLINDADA-BANNER-BLOG-RENATO-ALVES-1024x120.png 1024w, https:\/\/renatoalves.com.br\/blog\/wp-content\/uploads\/2014\/09\/MEMORIA-BLINDADA-BANNER-BLOG-RENATO-ALVES-300x35.png 300w, https:\/\/renatoalves.com.br\/blog\/wp-content\/uploads\/2014\/09\/MEMORIA-BLINDADA-BANNER-BLOG-RENATO-ALVES-768x90.png 768w, https:\/\/renatoalves.com.br\/blog\/wp-content\/uploads\/2014\/09\/MEMORIA-BLINDADA-BANNER-BLOG-RENATO-ALVES-1536x181.png 1536w, https:\/\/renatoalves.com.br\/blog\/wp-content\/uploads\/2014\/09\/MEMORIA-BLINDADA-BANNER-BLOG-RENATO-ALVES.png 1700w\" sizes=\"(max-width: 1024px) 100vw, 1024px\" \/><\/a><\/figure>\n\n\n\n<h2 class=\"wp-block-heading\">Perguntas Frequentes<\/h2>\n\n\n\n<h3 class=\"wp-block-heading\"><strong>Posso usar ENEM 2024 para estudar em Portugal em 2025?<\/strong><\/h3>\n\n\n\n<p>Sim. A maioria das institui\u00e7\u00f5es aceita notas das edi\u00e7\u00f5es mais recentes \u2014 inclusive 2024 \u2014 enquanto o conv\u00eanio estiver vigente at\u00e9 2025. Verifique o edital de cada institui\u00e7\u00e3o.<\/p>\n\n\n\n<h3 class=\"wp-block-heading\"><strong>Qual a nota m\u00ednima para ingresso?<\/strong><\/h3>\n\n\n\n<p>Varia conforme curso e institui\u00e7\u00e3o. Algumas p\u00fablicas exigem m\u00e9dia a partir de 475\u2013500 pontos; outras institui\u00e7\u00f5es privadas t\u00eam pesos diferenciados \u2014 confira edital.<\/p>\n\n\n\n<h3 class=\"wp-block-heading\"><strong>Posso trabalhar como estudante internacional em Portugal?<\/strong><\/h3>\n\n\n\n<p>Sim. Os estudantes t\u00eam autoriza\u00e7\u00e3o para trabalhar at\u00e9 20\u202fhoras por semana, com possibilidades de est\u00e1gio remunerado e bolsa de est\u00e1gio.<\/p>\n\n\n\n<h3 class=\"wp-block-heading\"><strong>Os diplomas s\u00e3o reconhecidos no Brasil?<\/strong><\/h3>\n\n\n\n<p><br>Sim, desde que a universidade seja reconhecida em Portugal e voc\u00ea realize revalida\u00e7\u00e3o no Brasil por meio do sistema e\u2011MEC.<br><\/p>\n\n\n\n<h2 class=\"wp-block-heading\">Veja tamb\u00e9m:<\/h2>\n\n\n\n<figure class=\"wp-block-embed is-type-video is-provider-youtube wp-block-embed-youtube wp-embed-aspect-16-9 wp-has-aspect-ratio\"><div class=\"wp-block-embed__wrapper\">\n<iframe title=\"APRENDA A FAZER FLASHCARDS (PODEROSOS) E TURBINAR OS ESTUDOS DO ENEM\" width=\"800\" height=\"450\" src=\"https:\/\/www.youtube.com\/embed\/M94q67RI4PQ?feature=oembed\" frameborder=\"0\" allow=\"accelerometer; autoplay; clipboard-write; encrypted-media; gyroscope; picture-in-picture; web-share\" referrerpolicy=\"strict-origin-when-cross-origin\" allowfullscreen><\/iframe>\n<\/div><\/figure>\n\n\n\n<p><\/p>\n","protected":false},"excerpt":{"rendered":"<p>Desde 2014, institui\u00e7\u00f5es portuguesas come\u00e7aram a aceitar a nota do ENEM como crit\u00e9rio de ingresso \u2014 uma realidade que h\u00e1 poucos anos parecia distante para muitos brasileiros. Se voc\u00ea j\u00e1 est\u00e1 se preparando para o ENEM, \u00e9 essencial entender como transformar dedica\u00e7\u00e3o em oportunidade internacional. Pergunto: j\u00e1 sabe qual curso ou universidade portuguesa deseja cursar? [&hellip;]<\/p>\n","protected":false},"author":10,"featured_media":6234,"comment_status":"open","ping_status":"open","sticky":false,"template":"","format":"standard","meta":{"footnotes":""},"categories":[3],"tags":[246,1052,446,1053],"class_list":["post-6232","post","type-post","status-publish","format-standard","has-post-thumbnail","hentry","category-artigos","tag-enem","tag-flashcards","tag-plano-de-estudo","tag-universidades-internacionais"],"_links":{"self":[{"href":"https:\/\/renatoalves.com.br\/blog\/wp-json\/wp\/v2\/posts\/6232","targetHints":{"allow":["GET"]}}],"collection":[{"href":"https:\/\/renatoalves.com.br\/blog\/wp-json\/wp\/v2\/posts"}],"about":[{"href":"https:\/\/renatoalves.com.br\/blog\/wp-json\/wp\/v2\/types\/post"}],"author":[{"embeddable":true,"href":"https:\/\/renatoalves.com.br\/blog\/wp-json\/wp\/v2\/users\/10"}],"replies":[{"embeddable":true,"href":"https:\/\/renatoalves.com.br\/blog\/wp-json\/wp\/v2\/comments?post=6232"}],"version-history":[{"count":1,"href":"https:\/\/renatoalves.com.br\/blog\/wp-json\/wp\/v2\/posts\/6232\/revisions"}],"predecessor-version":[{"id":10427,"href":"https:\/\/renatoalves.com.br\/blog\/wp-json\/wp\/v2\/posts\/6232\/revisions\/10427"}],"wp:featuredmedia":[{"embeddable":true,"href":"https:\/\/renatoalves.com.br\/blog\/wp-json\/wp\/v2\/media\/6234"}],"wp:attachment":[{"href":"https:\/\/renatoalves.com.br\/blog\/wp-json\/wp\/v2\/media?parent=6232"}],"wp:term":[{"taxonomy":"category","embeddable":true,"href":"https:\/\/renatoalves.com.br\/blog\/wp-json\/wp\/v2\/categories?post=6232"},{"taxonomy":"post_tag","embeddable":true,"href":"https:\/\/renatoalves.com.br\/blog\/wp-json\/wp\/v2\/tags?post=6232"}],"curies":[{"name":"wp","href":"https:\/\/api.w.org\/{rel}","templated":true}]}}