{"id":6260,"date":"2025-07-31T08:50:38","date_gmt":"2025-07-31T11:50:38","guid":{"rendered":"https:\/\/renatoalves.com.br\/blog\/?p=6260"},"modified":"2025-07-31T08:50:43","modified_gmt":"2025-07-31T11:50:43","slug":"lembrar-o-que-voce-estudou","status":"publish","type":"post","link":"https:\/\/renatoalves.com.br\/blog\/lembrar-o-que-voce-estudou\/","title":{"rendered":"Como lembrar o que voc\u00ea estudou? Estrat\u00e9gias Efetivas para Memoriza\u00e7\u00e3o"},"content":{"rendered":"\n<p>Sei bem como \u00e9 devastador chegar \u00e0 prova e sentir o c\u00e9rebro vazio \u2014 mesmo depois de dias de dedica\u00e7\u00e3o intensa. Como especialista em aprendizado e memoriza\u00e7\u00e3o, entendo que <strong>a quest\u00e3o n\u00e3o \u00e9 quanto se estuda, e sim como se estuda<\/strong>. Se seus estudos t\u00eam sido cumulativos, sem consolidar o que foi aprendido, posso ajudar a transform\u00e1-los em eficientes, memor\u00e1veis e seguros para a hora mais importante.<\/p>\n\n\n\n<figure class=\"wp-block-image aligncenter size-large\"><a href=\"https:\/\/estudomemorizacao.com.br\/?utm_source=Blog&amp;utm_medium=site-ofc&amp;utm_campaign=CEM&amp;utm_content=lembrar-o-que-voce-estudou\" target=\"_blank\" rel=\" noreferrer noopener\"><img fetchpriority=\"high\" decoding=\"async\" width=\"1024\" height=\"120\" src=\"https:\/\/renatoalves.com.br\/blog\/wp-content\/uploads\/2025\/05\/ESTUDO-MEMORIZACAO-BANNER-BLOG-RENATO-ALVES-1024x120.png\" alt=\"banner estudo e memoriza\u00e7\u00e3o\" class=\"wp-image-10128\" srcset=\"https:\/\/renatoalves.com.br\/blog\/wp-content\/uploads\/2025\/05\/ESTUDO-MEMORIZACAO-BANNER-BLOG-RENATO-ALVES-1024x120.png 1024w, https:\/\/renatoalves.com.br\/blog\/wp-content\/uploads\/2025\/05\/ESTUDO-MEMORIZACAO-BANNER-BLOG-RENATO-ALVES-300x35.png 300w, https:\/\/renatoalves.com.br\/blog\/wp-content\/uploads\/2025\/05\/ESTUDO-MEMORIZACAO-BANNER-BLOG-RENATO-ALVES-768x90.png 768w, https:\/\/renatoalves.com.br\/blog\/wp-content\/uploads\/2025\/05\/ESTUDO-MEMORIZACAO-BANNER-BLOG-RENATO-ALVES-1536x181.png 1536w, https:\/\/renatoalves.com.br\/blog\/wp-content\/uploads\/2025\/05\/ESTUDO-MEMORIZACAO-BANNER-BLOG-RENATO-ALVES.png 1700w\" sizes=\"(max-width: 1024px) 100vw, 1024px\" \/><\/a><\/figure>\n\n\n\n<h2 class=\"wp-block-heading\"><strong>Como funciona a mem\u00f3ria humana?<\/strong><\/h2>\n\n\n\n<p><a href=\"https:\/\/opentextbc.ca\/studentsuccess\/chapter\/memory-techniques\" target=\"_blank\" rel=\"noreferrer noopener\">Nossa mem\u00f3ria envolve tr\u00eas etapas principais: <strong>codifica\u00e7\u00e3o<\/strong>, <strong>armazenamento<\/strong> e <strong>recupera\u00e7\u00e3o<\/strong><\/a>. Se qualquer fase falha \u2014 seja pela falta de compreens\u00e3o, ambiente inadequado ou estado mental turbulento \u2014 a memoriza\u00e7\u00e3o ser\u00e1 comprometida.<\/p>\n\n\n\n<h2 class=\"wp-block-heading\"><strong>Principais causas de esquecer o que se estudou<\/strong><\/h2>\n\n\n\n<ol class=\"wp-block-list\">\n<li><strong>Aprendizado inconsistente<\/strong>: prosseguir sem atingir ao menos 70% de compreens\u00e3o reduz a fixa\u00e7\u00e3o real do conte\u00fado. A memoriza\u00e7\u00e3o \u00e9 consequ\u00eancia natural da compreens\u00e3o.<\/li>\n\n\n\n<li><strong>Mem\u00f3rias de curto prazo<\/strong>: sem t\u00e9cnicas adequadas, o conte\u00fado desaparece da mente antes da prova.<\/li>\n\n\n\n<li><strong>Estado mental adverso<\/strong>: ansiedade, estresse, medo \u2014 s\u00e3o sinais de \u201cperigo\u201d ao c\u00e9rebro, bloqueando a recupera\u00e7\u00e3o da mem\u00f3ria na hora H.<\/li>\n<\/ol>\n\n\n\n<h4 class=\"wp-block-heading\">Quer ler 50 livros por ano sem esfor\u00e7o? E o melhor, sem esquecer o que leu! Assista uma AULA GRATUITA do professor Renato Alves. <a href=\"https:\/\/lerrapido.com.br\/aula-exclusiva-vtb?utm_source=Blog&amp;utm_medium=site-ofc&amp;utm_campaign=LDE&amp;utm_content=segredos-que-vao-te-aprovar-em-concursos-3\" target=\"_blank\" rel=\"noreferrer noopener\">CLIQUE AQUI E ASSISTA AGORA!<\/a><\/h4>\n\n\n\n<figure class=\"wp-block-embed is-type-rich is-provider-incorporar-manipulador wp-block-embed-incorporar-manipulador wp-embed-aspect-16-9 wp-has-aspect-ratio\"><div class=\"wp-block-embed__wrapper\">\n<iframe title=\"Aula Gratuita | Como Ler 50 Livros em um Ano\" width=\"800\" height=\"450\" src=\"https:\/\/www.youtube.com\/embed\/auwMY6NAENQ?feature=oembed\" frameborder=\"0\" allow=\"accelerometer; autoplay; clipboard-write; encrypted-media; gyroscope; picture-in-picture; web-share\" referrerpolicy=\"strict-origin-when-cross-origin\" allowfullscreen><\/iframe>\n<\/div><\/figure>\n\n\n\n<h2 class=\"wp-block-heading\"><strong>T\u00e9cnicas cient\u00edficas para lembrar o que voc\u00ea estudou<\/strong><\/h2>\n\n\n\n<h3 class=\"wp-block-heading\"><strong>1. Pr\u00e1tica de Recupera\u00e7\u00e3o (Active Recall \/ Testing Effect)<\/strong><\/h3>\n\n\n\n<p>Em vez de reler passivamente, teste-se periodicamente com perguntas, flashcards, resumos e explica\u00e7\u00f5es em voz alta. <a href=\"https:\/\/www.reddit.com\/r\/GetStudying\/comments\/1biotxl\/how_can_i_start_improving_my_memory\/\" target=\"_blank\" rel=\"noreferrer noopener\">Pesquisas mostram que esse m\u00e9todo refor\u00e7a a mem\u00f3ria muito al\u00e9m da simples releitura<\/a>.<\/p>\n\n\n\n<h3 class=\"wp-block-heading\"><strong>2. Revis\u00e3o espa\u00e7ada (Spaced Repetition)<\/strong><\/h3>\n\n\n\n<p>Revisite o conte\u00fado em intervalos crescentes: no dia seguinte, em tr\u00eas dias, na semana seguinte. Isso refor\u00e7a conex\u00f5es neurais antes que ocorra o esquecimento e facilita a consolida\u00e7\u00e3o em mem\u00f3ria de longo prazo.<\/p>\n\n\n\n<h3 class=\"wp-block-heading\"><strong>3. Codifica\u00e7\u00e3o Elaborativa e Uso de Mnemonias<\/strong><\/h3>\n\n\n\n<p>Associe novos conceitos a imagens, emo\u00e7\u00f5es, hist\u00f3rias pessoais e t\u00e9cnicas como: m\u00e9todo de loci (pal\u00e1cio da mem\u00f3ria), chunking (agrupamento de dados), m\u00eddias mnem\u00f4nicas como acr\u00f4nimos e acr\u00f3sticos.<\/p>\n\n\n\n<h3 class=\"wp-block-heading\"><strong>4. Mapas mentais (Mind Mapping)<\/strong><\/h3>\n\n\n\n<p>Use <a href=\"https:\/\/renatoalves.com.br\/blog\/como-usar-mapas-mentais-para-aumentar-a-memorizacao\/\" target=\"_blank\" rel=\"noreferrer noopener\">mapas mentais<\/a>. Visualize rela\u00e7\u00f5es entre ideias, organize conceitos de forma l\u00f3gica e conexa. Isso aumenta reten\u00e7\u00e3o e clareza mental.<\/p>\n\n\n\n<h3 class=\"wp-block-heading\"><strong>5. Ambiente e estilo de estudo<\/strong><\/h3>\n\n\n\n<p>Mudar ocasionalmente o local de estudo pode melhorar a concentra\u00e7\u00e3o e a reten\u00e7\u00e3o. Escrever \u00e0 m\u00e3o ou ler em voz alta tamb\u00e9m fortalece a mem\u00f3ria sensorial e motora.<\/p>\n\n\n\n<h3 class=\"wp-block-heading\"><strong>6. Estilo de vida saud\u00e1vel<\/strong><\/h3>\n\n\n\n<p>Exerc\u00edcio f\u00edsico regular, alimenta\u00e7\u00e3o equilibrada, sono reparador e controle do estresse s\u00e3o fundamentais. Estudos indicam que esses fatores t\u00eam impacto profundo na mem\u00f3ria e na cogni\u00e7\u00e3o geral.<\/p>\n\n\n\n<h3 class=\"wp-block-heading\"><strong>7. \u201cViagem no tempo mental\u201d<\/strong><\/h3>\n\n\n\n<p>Reativar emo\u00e7\u00f5es e pensamentos ligados ao momento de aprendizado ajuda a recuperar mem\u00f3rias enfraquecidas, especialmente nas horas seguintes ao estudo.<\/p>\n\n\n\n<h2 class=\"wp-block-heading\"><strong>Aplicando essas t\u00e9cnicas nos seus estudos<\/strong><\/h2>\n\n\n\n<ul class=\"wp-block-list\">\n<li>Resolva quest\u00f5es pr\u00e1ticas ou fa\u00e7a flashcards <strong>ap\u00f3s cada sess\u00e3o de estudo<\/strong> (retrieval).<\/li>\n\n\n\n<li>Planeje um ciclo de revis\u00e3o espa\u00e7ada para cada tema estudado.<\/li>\n\n\n\n<li>Use <strong>mapas mentais<\/strong> para visualizar e conectar conte\u00fados.<\/li>\n\n\n\n<li>Crie <strong>mnemonias personalizadas<\/strong>, seja um acr\u00f4nimo ou associar um conceito a lugares familiares.<\/li>\n\n\n\n<li>Mude o local de vez em quando e utilize voz ou escrita para refor\u00e7ar o aprendizado.<\/li>\n\n\n\n<li>Pratique medita\u00e7\u00e3o breve antes das provas para acalmar o estado mental.<\/li>\n\n\n\n<li>Cuide do sono e da alimenta\u00e7\u00e3o para manter o c\u00e9rebro em alta performance.<\/li>\n<\/ul>\n\n\n\n<h2 class=\"wp-block-heading\">Conclus\u00e3o<\/h2>\n\n\n\n<p>Sei que a sensa\u00e7\u00e3o de vazio na hora da prova \u00e9 desesperadora. Por\u00e9m, com <a href=\"https:\/\/estudomemorizacao.com.br\/?utm_source=Blog&amp;utm_medium=site-ofc&amp;utm_campaign=CEM&amp;utm_content=lembrar-o-que-voce-estudou\" target=\"_blank\" rel=\"noreferrer noopener\">m\u00e9todos corretos de memoriza\u00e7\u00e3o<\/a> \u2014 como active recall, revis\u00f5es espa\u00e7adas, mnem\u00f4nicas personalizadas e apoio ao estado mental \u2014 \u00e9 poss\u00edvel fixar o conhecimento de forma duradoura e segura. Intensifique sua rotina com essas pr\u00e1ticas, cuide do seu corpo e da sua mente, e ser\u00e1 inevit\u00e1vel a evolu\u00e7\u00e3o nas suas notas e na sua confian\u00e7a.<\/p>\n\n\n\n<p>Se desejar que eu adapte essas t\u00e9cnicas ao seu caso espec\u00edfico \u2014 seja para concurso, vestibular ou estudos acad\u00eamicos \u2014 posso fornecer exemplos e planos de estudo personalizados. Estou contigo nessa!<\/p>\n\n\n\n<p>Um abra\u00e7o forte e estudos eficientes.<\/p>\n\n\n\n<figure class=\"wp-block-image aligncenter size-large\"><a href=\"https:\/\/estudomemorizacao.com.br\/?utm_source=Blog&amp;utm_medium=site-ofc&amp;utm_campaign=CEM&amp;utm_content=lembrar-o-que-voce-estudou\" target=\"_blank\" rel=\" noreferrer noopener\"><img fetchpriority=\"high\" decoding=\"async\" width=\"1024\" height=\"120\" src=\"https:\/\/renatoalves.com.br\/blog\/wp-content\/uploads\/2025\/05\/ESTUDO-MEMORIZACAO-BANNER-BLOG-RENATO-ALVES-1024x120.png\" alt=\"banner estudo e memoriza\u00e7\u00e3o\" class=\"wp-image-10128\" srcset=\"https:\/\/renatoalves.com.br\/blog\/wp-content\/uploads\/2025\/05\/ESTUDO-MEMORIZACAO-BANNER-BLOG-RENATO-ALVES-1024x120.png 1024w, https:\/\/renatoalves.com.br\/blog\/wp-content\/uploads\/2025\/05\/ESTUDO-MEMORIZACAO-BANNER-BLOG-RENATO-ALVES-300x35.png 300w, https:\/\/renatoalves.com.br\/blog\/wp-content\/uploads\/2025\/05\/ESTUDO-MEMORIZACAO-BANNER-BLOG-RENATO-ALVES-768x90.png 768w, https:\/\/renatoalves.com.br\/blog\/wp-content\/uploads\/2025\/05\/ESTUDO-MEMORIZACAO-BANNER-BLOG-RENATO-ALVES-1536x181.png 1536w, https:\/\/renatoalves.com.br\/blog\/wp-content\/uploads\/2025\/05\/ESTUDO-MEMORIZACAO-BANNER-BLOG-RENATO-ALVES.png 1700w\" sizes=\"(max-width: 1024px) 100vw, 1024px\" \/><\/a><\/figure>\n\n\n\n<h2 class=\"wp-block-heading\">Perguntas Frequentes<\/h2>\n\n\n\n<h3 class=\"wp-block-heading\"><strong>1. Como lembrar melhor o que estudei?<\/strong><\/h3>\n\n\n\n<p>Use Active Recall: teste-se, escreva respostas e explique o conte\u00fado que acabou de aprender.<\/p>\n\n\n\n<h3 class=\"wp-block-heading\"><strong>2. O que \u00e9 revis\u00e3o espa\u00e7ada?<\/strong><\/h3>\n\n\n\n<p>Revisar o mesmo conte\u00fado em intervalos crescentes ao longo do tempo para evitar o esquecimento.<\/p>\n\n\n\n<h3 class=\"wp-block-heading\"><strong>3. Quais t\u00e9cnicas mnem\u00f4nicas funcionam?<\/strong><\/h3>\n\n\n\n<p>M\u00e9todo de loci, chunking, acr\u00f4nimos, hist\u00f3rias e associa\u00e7\u00f5es visuais ou emocionais s\u00e3o muito eficazes.<\/p>\n\n\n\n<h3 class=\"wp-block-heading\"><strong>4. E se sinto ansiedade na hora da prova?<\/strong><\/h3>\n\n\n\n<p>Pratique medita\u00e7\u00e3o guiada ou t\u00e9cnicas de relaxamento para acalmar a mente e evitar bloqueio na recupera\u00e7\u00e3o da mem\u00f3ria.<\/p>\n\n\n\n<h3 class=\"wp-block-heading\"><strong>5. H\u00e1 import\u00e2ncia do estilo de vida?<\/strong><\/h3>\n\n\n\n<p>Sim. Sono de qualidade, boa alimenta\u00e7\u00e3o, exerc\u00edcios e controle do estresse s\u00e3o essenciais para a mem\u00f3ria funcionar bem.<\/p>\n\n\n\n<h2 class=\"wp-block-heading\">Assista tamb\u00e9m este v\u00eddeo:<\/h2>\n\n\n\n<figure class=\"wp-block-embed is-type-video is-provider-youtube wp-block-embed-youtube wp-embed-aspect-16-9 wp-has-aspect-ratio\"><div class=\"wp-block-embed__wrapper\">\n<iframe title=\"Como Lembrar do que Estudou | T\u00e9cnica de Memoriza\u00e7\u00e3o\" width=\"800\" height=\"450\" src=\"https:\/\/www.youtube.com\/embed\/W1C_UoE-cIw?start=2293&#038;feature=oembed\" frameborder=\"0\" allow=\"accelerometer; autoplay; clipboard-write; encrypted-media; gyroscope; picture-in-picture; web-share\" referrerpolicy=\"strict-origin-when-cross-origin\" allowfullscreen><\/iframe>\n<\/div><\/figure>\n\n\n\n<p><br><\/p>\n","protected":false},"excerpt":{"rendered":"<p>Sei bem como \u00e9 devastador chegar \u00e0 prova e sentir o c\u00e9rebro vazio \u2014 mesmo depois de dias de dedica\u00e7\u00e3o intensa. Como especialista em aprendizado e memoriza\u00e7\u00e3o, entendo que a quest\u00e3o n\u00e3o \u00e9 quanto se estuda, e sim como se estuda. Se seus estudos t\u00eam sido cumulativos, sem consolidar o que foi aprendido, posso ajudar [&hellip;]<\/p>\n","protected":false},"author":10,"featured_media":6261,"comment_status":"open","ping_status":"open","sticky":false,"template":"","format":"standard","meta":{"footnotes":""},"categories":[3],"tags":[183,40,695,132,29,42],"class_list":["post-6260","post","type-post","status-publish","format-standard","has-post-thumbnail","hentry","category-artigos","tag-como-melhorar-a-memoria","tag-estudo","tag-estudo-eficiente","tag-fortalecer-memoria","tag-memoria","tag-memorizacao"],"_links":{"self":[{"href":"https:\/\/renatoalves.com.br\/blog\/wp-json\/wp\/v2\/posts\/6260","targetHints":{"allow":["GET"]}}],"collection":[{"href":"https:\/\/renatoalves.com.br\/blog\/wp-json\/wp\/v2\/posts"}],"about":[{"href":"https:\/\/renatoalves.com.br\/blog\/wp-json\/wp\/v2\/types\/post"}],"author":[{"embeddable":true,"href":"https:\/\/renatoalves.com.br\/blog\/wp-json\/wp\/v2\/users\/10"}],"replies":[{"embeddable":true,"href":"https:\/\/renatoalves.com.br\/blog\/wp-json\/wp\/v2\/comments?post=6260"}],"version-history":[{"count":1,"href":"https:\/\/renatoalves.com.br\/blog\/wp-json\/wp\/v2\/posts\/6260\/revisions"}],"predecessor-version":[{"id":10414,"href":"https:\/\/renatoalves.com.br\/blog\/wp-json\/wp\/v2\/posts\/6260\/revisions\/10414"}],"wp:featuredmedia":[{"embeddable":true,"href":"https:\/\/renatoalves.com.br\/blog\/wp-json\/wp\/v2\/media\/6261"}],"wp:attachment":[{"href":"https:\/\/renatoalves.com.br\/blog\/wp-json\/wp\/v2\/media?parent=6260"}],"wp:term":[{"taxonomy":"category","embeddable":true,"href":"https:\/\/renatoalves.com.br\/blog\/wp-json\/wp\/v2\/categories?post=6260"},{"taxonomy":"post_tag","embeddable":true,"href":"https:\/\/renatoalves.com.br\/blog\/wp-json\/wp\/v2\/tags?post=6260"}],"curies":[{"name":"wp","href":"https:\/\/api.w.org\/{rel}","templated":true}]}}