{"id":631,"date":"2014-09-07T12:26:20","date_gmt":"2014-09-07T15:26:20","guid":{"rendered":"http:\/\/www.renatoalves.com.br\/blog\/?p=631"},"modified":"2020-11-20T10:32:36","modified_gmt":"2020-11-20T13:32:36","slug":"remedio-para-mal-de-alzheimer","status":"publish","type":"post","link":"https:\/\/renatoalves.com.br\/blog\/remedio-para-mal-de-alzheimer\/","title":{"rendered":"Compaix\u00e3o, um \u00f3timo rem\u00e9dio para o mal de Alzheimer"},"content":{"rendered":"<p>Estava fazendo algumas pesquisas sobre mal de Alzheimer e encontrei uma mensagem muito bonita da qual n\u00e3o sei quem \u00e9 o autor. Ela revela sutilmente a fragilidade e a depend\u00eancia do portador de Alzheimer e como a compaix\u00e3o, paci\u00eancia e o amor das outras pessoas \u00e9 necess\u00e1ria para tentar minimizar o sofrimento. Eis a mensagem:<\/p>\n<p>Ele tem 80 anos de idade e toma caf\u00e9 da manh\u00e3 todos os dias com sua esposa.<\/p>\n<p>Eu perguntei: por que sua esposa est\u00e1 em casa de repouso?<br \/>\nEle disse:<br \/>\n&#8211; Porque ela tem mal de <a href=\"\/\/renatoalves.com.br\/blog\/como-prevenir-o-alzheimer-com-atitudes-simples\/\">Alzheimer<\/a> (perda de mem\u00f3ria).<\/p>\n<p>Eu perguntei: a sua esposa se preocupa e sempre te espera para ir tomar caf\u00e9 com ela?<\/p>\n<p>E ele respondeu:<br \/>\n&#8211; Ela n\u00e3o se lembra&#8230; J\u00e1 n\u00e3o sabe quem eu sou, faz cinco anos, j\u00e1 n\u00e3o me reconhece.<\/p>\n<p style=\"text-align: center;\">[inf_infusionsoft_inline optin_id=optin_1]<\/p>\n<p>Surpreso, eu disse:<br \/>\n&#8211; E ainda toma caf\u00e9 da manh\u00e3 com ela todas as manh\u00e3s, mesmo que ela n\u00e3o te reconhe\u00e7a?<br \/>\nO homem sorriu e olhou para os meus olhos e apertou minha m\u00e3o.<\/p>\n<p>Em seguida, disse:<br \/>\n&#8211; &#8220;Ela n\u00e3o sabe quem eu sou, mas eu sei quem ela \u00e9&#8221;.<\/p>\n<p>A sua ess\u00eancia, seus princ\u00edpios e seu car\u00e1ter \u00e9 o que realmente vale! Nunca se esque\u00e7a disso! Tenha sempre um prop\u00f3sito.<\/p>\n<p>Gostou das dicas? Que tal coloca-las em pr\u00e1tica agora mesmo?\u00a0N\u00e3o esque\u00e7a de deixar seu coment\u00e1rio aqui abaixo e aproveite para conhecer o meu\u00a0<span class=\"s1\"><a href=\"https:\/\/memoriablindada.com.br\" target=\"_blank\" rel=\"noopener noreferrer\">curso\u00a0Mem\u00f3ria Blindada<\/a>\u00a0no treinamento eu ensino\u00a0a\u00a0aplica\u00e7\u00e3o pr\u00e1tica da memoriza\u00e7\u00e3o\u00a0no\u00a0dia a dia.<\/span><\/p>\n<p style=\"text-align: justify;\"><span class=\"s1\">Nas\u00a0videoaulas on-line eu explicado de maneira simples e objetiva, todas as estrat\u00e9gias que utilizo para n\u00e3o esquecer de nada. Definitivamente \u00e9 sua hora de ter uma mem\u00f3ria mais jovem, forte e confi\u00e1vel<\/span>:<\/p>\n<p class=\"p1\" style=\"text-align: center;\"><a href=\"\/\/renatoalves.com.br\/depoimentos.html\">\u00bb Clique Aqui\u00a0e assista alguns depoimentos de alunos do curso\u00a0\u00ab<\/a><\/p>\n<p class=\"p1\" style=\"text-align: justify;\"><span class=\"s1\">Adquira agora mesmo o <a href=\"https:\/\/memoriablindada.com.br\" target=\"_blank\" rel=\"noopener noreferrer\">curso\u00a0Mem\u00f3ria Blindada<\/a>, <\/span>eu acredito tanto na efici\u00eancia do meu m\u00e9todo que al\u00e9m dos b\u00f4nus eu ainda lhe ofere\u00e7o uma garantia especial.<\/p>\n<p class=\"p1\" style=\"text-align: justify;\">Se em 7 dias, depois de aplicar o m\u00e9todo, voc\u00ea\u00a0 n\u00e3o notar melhoras, eu assumo total responsabilidade e devolverei 100% do seu investimento.\u00a0Dessa forma voc\u00ea n\u00e3o corre nenhum risco. O que voc\u00ea acha?\u00a0<a href=\"https:\/\/memoriablindada.com.br\" target=\"_blank\" rel=\"noopener noreferrer\">Clique aqui e comece agora mesmo.<\/a><\/p>\n<p style=\"text-align: justify;\"><a href=\"https:\/\/www.facebook.com\/RenatoAlvesOficial\">Curta e siga a minha fanpage no Facebook<\/a>\u00a0e tamb\u00e9m\u00a0<a href=\"http:\/\/www.youtube.com\/videosmemoria\/videos?sub_confirmation=1\">inscreva-se no meu canal no Youtube<\/a>.<\/p>\n<p style=\"text-align: justify;\"><em><strong>Renato Alves<\/strong>\u00a0\u00e9 escritor, pesquisador e primeiro brasileiro a receber o t\u00edtulo oficial de melhor mem\u00f3ria do Brasil. Autor de um m\u00e9todo patenteado de memoriza\u00e7\u00e3o que ganhou reconhecimento nacional e j\u00e1 est\u00e1 presente em mais de 100 pa\u00edses.<\/em><\/p>\n<p><a href=\"https:\/\/memoriablindada.com.br\/\"><img fetchpriority=\"high\" decoding=\"async\" class=\"alignnone wp-image-2519 size-full\" src=\"\/\/renatoalves.com.br\/blog\/wp-content\/uploads\/2015\/02\/banner_MB.jpg\" alt=\"Curso Mem\u00f3ria Blindada\" width=\"3002\" height=\"353\" srcset=\"https:\/\/renatoalves.com.br\/blog\/wp-content\/uploads\/2015\/02\/banner_MB.jpg 2560w, https:\/\/renatoalves.com.br\/blog\/wp-content\/uploads\/2015\/02\/banner_MB-300x35.jpg 300w, https:\/\/renatoalves.com.br\/blog\/wp-content\/uploads\/2015\/02\/banner_MB-768x90.jpg 768w, https:\/\/renatoalves.com.br\/blog\/wp-content\/uploads\/2015\/02\/banner_MB-1024x120.jpg 1024w\" sizes=\"(max-width: 3002px) 100vw, 3002px\" \/><\/a><\/p>\n","protected":false},"excerpt":{"rendered":"<p>Estava fazendo algumas pesquisas sobre mal de Alzheimer e encontrei uma mensagem muito bonita da qual n\u00e3o sei quem \u00e9 o autor. Ela revela sutilmente a fragilidade e a depend\u00eancia do portador de Alzheimer e como a compaix\u00e3o, paci\u00eancia e o amor das outras pessoas \u00e9 necess\u00e1ria para tentar minimizar o sofrimento. Eis a mensagem: [&hellip;]<\/p>\n","protected":false},"author":24,"featured_media":937,"comment_status":"open","ping_status":"open","sticky":false,"template":"","format":"standard","meta":{"footnotes":""},"categories":[264],"tags":[41,145,44,46,212,98,88,6,43,29,25,42,47,55],"class_list":["post-631","post","type-post","status-publish","format-standard","has-post-thumbnail","hentry","category-saude-e-qualidade-de-vida","tag-alzheimer","tag-boa-memoria","tag-concentracao","tag-curso-de-memorizacao-online","tag-curso-memoria-blindada","tag-curso-online-renato-alves","tag-dicas-memoria","tag-evitar-esquecimentos","tag-foco","tag-memoria","tag-memoria-comeca-a-falhar","tag-memorizacao","tag-remedio-para-memoria","tag-renato-alves"],"_links":{"self":[{"href":"https:\/\/renatoalves.com.br\/blog\/wp-json\/wp\/v2\/posts\/631","targetHints":{"allow":["GET"]}}],"collection":[{"href":"https:\/\/renatoalves.com.br\/blog\/wp-json\/wp\/v2\/posts"}],"about":[{"href":"https:\/\/renatoalves.com.br\/blog\/wp-json\/wp\/v2\/types\/post"}],"author":[{"embeddable":true,"href":"https:\/\/renatoalves.com.br\/blog\/wp-json\/wp\/v2\/users\/24"}],"replies":[{"embeddable":true,"href":"https:\/\/renatoalves.com.br\/blog\/wp-json\/wp\/v2\/comments?post=631"}],"version-history":[{"count":2,"href":"https:\/\/renatoalves.com.br\/blog\/wp-json\/wp\/v2\/posts\/631\/revisions"}],"predecessor-version":[{"id":6870,"href":"https:\/\/renatoalves.com.br\/blog\/wp-json\/wp\/v2\/posts\/631\/revisions\/6870"}],"wp:featuredmedia":[{"embeddable":true,"href":"https:\/\/renatoalves.com.br\/blog\/wp-json\/wp\/v2\/media\/937"}],"wp:attachment":[{"href":"https:\/\/renatoalves.com.br\/blog\/wp-json\/wp\/v2\/media?parent=631"}],"wp:term":[{"taxonomy":"category","embeddable":true,"href":"https:\/\/renatoalves.com.br\/blog\/wp-json\/wp\/v2\/categories?post=631"},{"taxonomy":"post_tag","embeddable":true,"href":"https:\/\/renatoalves.com.br\/blog\/wp-json\/wp\/v2\/tags?post=631"}],"curies":[{"name":"wp","href":"https:\/\/api.w.org\/{rel}","templated":true}]}}