{"id":6502,"date":"2019-08-02T17:57:30","date_gmt":"2019-08-02T20:57:30","guid":{"rendered":"https:\/\/renatoalves.com.br\/blog\/?p=6502"},"modified":"2019-08-02T17:57:39","modified_gmt":"2019-08-02T20:57:39","slug":"problemas-com-a-memoria","status":"publish","type":"post","link":"https:\/\/renatoalves.com.br\/blog\/problemas-com-a-memoria\/","title":{"rendered":"Problemas com a mem\u00f3ria?"},"content":{"rendered":"\n<p>Agora no m\u00eas de Julho tive o prazer de poder conceder uma entrevista para a Revista CocredMais sobre memoriza\u00e7\u00e3o. Busquei abordar seus benef\u00edcios para nossa vida cotidiana, como forma de informar sobre o assunto, quem n\u00e3o \u00e9 familiarizado. Como forma de facilitar o acesso para todos voc\u00eas ao conte\u00fado, transcrevi o mesmo aqui para o blog. Voc\u00ea pode l\u00ea-lo sem o menor problema, logo abaixo.&nbsp;<\/p>\n\n\n\n<h4 class=\"wp-block-heading\"><strong>Com treino e exerc\u00edcios \u00e9 poss\u00edvel deixar a sua mente mais forte!&nbsp;<\/strong><br><\/h4>\n\n\n\n<p>Esquecer alguma coisa, todo mundo esquece. N\u00e3o importa a idade, \u00e9 aceit\u00e1vel que ocorra um deslize ou outro de vez em quando. Quem nunca memorizou uma tarefa e assim que levantou para fazer j\u00e1 tinha esquecido?&nbsp;<br><\/p>\n\n\n\n<p>O esquecimento imediato \u00e9 um fen\u00f4meno absolutamente normal e comum. Isto \u00e9, diversos fatores, como excesso de informa\u00e7\u00f5es, excesso de est\u00edmulos mentais e falta de sono podem interferir na sa\u00fade da nossa mem\u00f3ria. Alguns estudiosos sugerem que at\u00e9 o ato de passar por uma porta pode ser a causa dessas falhas. <\/p>\n\n\n\n<h5 class=\"wp-block-heading\">Mas o ideal, para garantir uma mem\u00f3ria de elefante, \u00e9 investir na preven\u00e7\u00e3o, ou melhor, deixar o <a href=\"https:\/\/renatoalves.com.br\/blog\/como-evitar-a-distracao\/\">c\u00e9rebro ativo!<\/a>&nbsp;<br><\/h5>\n\n\n\n<p>Renato Alves, estudou Ci\u00eancias Cognitivas e Filosofia da mente pela Unesp, se tornando pesquisador cognitivo nas \u00e1reas de aprendizagem, concentra\u00e7\u00e3o e mem\u00f3ria. Em 2006, se tornou o primeiro brasileiro a ser reconhecido com o t\u00edtulo de Melhor Mem\u00f3ria do Brasil, pelo Guinness Book dos recordes nacionais. Possui um m\u00e9todo de memoriza\u00e7\u00e3o patenteado, apresentado em seus livros, cursos, semin\u00e1rios, workshops e treinamentos que ministra por todo o pa\u00eds.&nbsp;<br><\/p>\n\n\n\n<p>O recordista, que tamb\u00e9m \u00e9 cooperado Sicoob Cocred, conta que nem sempre teve a mem\u00f3ria boa. \u201cNa verdade, no passado eu achava que era muito deficit\u00e1ria, porque eu tinha at\u00e9 provas disso. Eu assistia uma aula, por exemplo, e terminada a aula n\u00e3o conseguia me lembrar de muita coisa. Lia livros, textos, apostilas para faculdade e n\u00e3o conseguia entender, n\u00e3o conseguia me concentrar\u201d, conta Renato.&nbsp;<br><\/p>\n\n\n\n<p>Tudo mudou quando come\u00e7ou a estudar sobre memoriza\u00e7\u00e3o e passou a praticar os m\u00e9todos. \u201cComecei a perceber que aquilo que eu achava que era uma mem\u00f3ria ruim, na verdade era uma falta de habilidade em usar a pr\u00f3pria mem\u00f3ria. Ou seja, existe uma diferen\u00e7a entre usar a mem\u00f3ria, que todo mundo usa normalmente o dia inteiro, e usar mem\u00f3ria com intelig\u00eancia. Neste caso, para usar com intelig\u00eancia depende de voc\u00ea dominar t\u00e9cnicas de memoriza\u00e7\u00e3o\u201d.&nbsp;<br><\/p>\n\n\n\n<h5 class=\"wp-block-heading\">A t\u00e9cnica de memoriza\u00e7\u00e3o n\u00e3o \u00e9 uma novidade, \u00e9 utilizada desde a \u00e9poca em que o ser humano n\u00e3o tinha onde escrever. <\/h5>\n\n\n\n<p>Na Gr\u00e9cia antiga, os gregos utilizavam os chamados m\u00e9todo mnem\u00f4nicos. Em suma s\u00e3o pr\u00e1ticas feitas para expandir a capacidade de memoriza\u00e7\u00e3o no cotidiano.&nbsp;<br><\/p>\n\n\n\n<p>O profissional explica que a mem\u00f3ria e a memoriza\u00e7\u00e3o s\u00e3o um processo ativo e n\u00e3o passivo. \u201cSe voc\u00ea quer lembrar de um nome, de um endere\u00e7o, de uma tarefa que voc\u00ea precisa fazer, tem que provocar essa estimula\u00e7\u00e3o na sua mem\u00f3ria e assim voc\u00ea consegue\u201d, afirma.&nbsp;<br><\/p>\n\n\n\n<p>Segundo o especialista, para uma memoriza\u00e7\u00e3o eficaz \u00e9 necess\u00e1rio uma superestimula\u00e7\u00e3o. Como a nossa mem\u00f3ria est\u00e1 sendo estimulada o tempo todo, desde o momento em que abrimos os olhos, o processo de memoriza\u00e7\u00e3o precisa de uma superestimula\u00e7\u00e3o para fazer com que a mem\u00f3ria fique gravada por mais tempo.&nbsp;<br><\/p>\n\n\n\n<p>Separamos, junto com o Renato, quatro dicas para aumentar sua performance mental.\u00a0<br><\/p>\n\n\n\n<figure class=\"wp-block-image\"><img fetchpriority=\"high\" decoding=\"async\" width=\"700\" height=\"428\" src=\"https:\/\/renatoalves.com.br\/blog\/wp-content\/uploads\/2019\/08\/Artigo-Renato-Alves-Revista-Cocredmais.jpg\" alt=\"Renato-Alves-na-revista-Cocredmais \" class=\"wp-image-6506\" srcset=\"https:\/\/renatoalves.com.br\/blog\/wp-content\/uploads\/2019\/08\/Artigo-Renato-Alves-Revista-Cocredmais.jpg 700w, https:\/\/renatoalves.com.br\/blog\/wp-content\/uploads\/2019\/08\/Artigo-Renato-Alves-Revista-Cocredmais-300x183.jpg 300w, https:\/\/renatoalves.com.br\/blog\/wp-content\/uploads\/2019\/08\/Artigo-Renato-Alves-Revista-Cocredmais-610x373.jpg 610w, https:\/\/renatoalves.com.br\/blog\/wp-content\/uploads\/2019\/08\/Artigo-Renato-Alves-Revista-Cocredmais-370x226.jpg 370w\" sizes=\"(max-width: 700px) 100vw, 700px\" \/><\/figure>\n\n\n\n<h4 class=\"wp-block-heading\"><strong>1 &#8211; Crie uma fotografia mental!&nbsp;<\/strong><br><\/h4>\n\n\n\n<p>Crie uma fotografia mental da pessoa que voc\u00ea est\u00e1 conhecendo. Ent\u00e3o, quando voc\u00ea estiver diante de algu\u00e9m, olhe para o rosto dela com curiosidade. Isto \u00e9, cuide dos detalhes e visualize mentalmente o rosto dela. Dessa forma, quando voc\u00ea terminar o dia, voc\u00ea consegue fazer um flashback lembrando das pessoas que conheceu, lugares que voc\u00ea visitou, etc. Por analogia, funciona como se estivesse olhando um \u00e1lbum de fotos.&nbsp;<br><\/p>\n\n\n\n<h4 class=\"wp-block-heading\"><strong>2 &#8211; Trabalhe com etiquetas mentais!&nbsp;<\/strong><br><\/h4>\n\n\n\n<p>A etiqueta metal serve para voc\u00ea lembrar das tarefas e compromissos. Por exemplo, se algu\u00e9m pedir para voc\u00ea fazer um favor, imagine uma etiqueta colada na testa dessa pessoa com o pedido dela escrito. Ent\u00e3o, por exemplo, se a Maria pediu para voc\u00ea enviar um e-mail, imagine no rosto da Maria uma etiqueta com o escrito \u201ce-mail\u201d. E a\u00ed, toda vez que voc\u00ea pensar na Maria ou encontrar a Maria na empresa, voc\u00ea acaba lembrando que precisa fazer um favor para ela. Essa etiqueta mental ajuda voc\u00ea a lembrar de tarefas do dia a dia.&nbsp;<br><\/p>\n\n\n\n<h4 class=\"wp-block-heading\"><strong>3 &#8211; Fa\u00e7a uma pergunta!&nbsp;<\/strong><br><\/h4>\n\n\n\n<p>Pergunte sempre, como um mantra, o que eu posso fazer para lembrar? O que eu posso fazer para lembrar do texto, do nome, do compromisso, da tarefa? Ao fazer uma pergunta voc\u00ea coloca o seu c\u00e9rebro para funcionar e busca uma resposta. Essa resposta que voc\u00ea busca provavelmente ser\u00e1 uma superestimula\u00e7\u00e3o ou vai gerar uma superestimula\u00e7\u00e3o da sua mem\u00f3ria.&nbsp;<br><\/p>\n\n\n\n<h4 class=\"wp-block-heading\"><strong>4 &#8211; Fa\u00e7a uma associa\u00e7\u00e3o!&nbsp;<\/strong><br><\/h4>\n\n\n\n<p>Associe ao nome da pessoa um objetivo ou um cor, crie uma paleta de cores mental. Por exemplo, eu conheci agora Ant\u00f4nio, penso na letra A &#8211; de Ant\u00f4nio &#8211; e de amarelo, ent\u00e3o imagine o Ant\u00f4nio totalmente vestido de amarelo. Esse aqui \u00e9 o Pedro, o P me lembra cor de p\u00eassego, a\u00ed voc\u00ea imagina o Pedro totalmente pintado na cor p\u00eassego. Conheci a Lara, a Lara &#8211; laranja. E ao criar essa paleta de cores mentais voc\u00ea acaba tendo mais facilidade para lembrar. Deixe sua criatividade rolar solta e memorize com facilidade!&nbsp;<br><\/p>\n\n\n\n<p>Caso deseje comentar algo relacionado a mem\u00f3ria que tenha ocorrido com voc\u00ea ou deseje sanar alguma d\u00favida, sinta-se \u00e0 vontade. Prometo que irei ler e responder todo mundo.&nbsp;<br><\/p>\n\n\n\n<p>Compartilhe tamb\u00e9m este artigo com seus amigos. Talvez eles estejam com alguns problema recorrentes ao esquecimento e o texto seja de grande ajuda para os mesmos.&nbsp;&nbsp;<br><\/p>\n\n\n\n<p>Ah, mais uma coisa, caso deseje ler esta edi\u00e7\u00e3o da Revista CocredMais completa, <a href=\"https:\/\/www.sicoobcocred.com.br\/cocredmais\">clique aqui<\/a> e acesse sua vers\u00e3o online.&nbsp;<br><\/p>\n\n\n\n<p>Viva bem. Lembre bem.<\/p>\n\n\n\n<p>Prof. Renato Alves.<\/p>\n\n\n\n<p>Pesquisador cognitivo, autor do curso Estudo Memoriza\u00e7\u00e3o e dos livros O C\u00e9rebro com Foco e Disciplina e N\u00e3o Pergunte se Ele Estudou. Conferencista e dono do t\u00edtulo de Melhor Mem\u00f3ria do Brasil.<\/p>\n","protected":false},"excerpt":{"rendered":"<p>Agora no m\u00eas de Julho tive o prazer de poder conceder uma entrevista para a Revista CocredMais sobre memoriza\u00e7\u00e3o. Busquei abordar seus benef\u00edcios para nossa vida cotidiana, como forma de informar sobre o assunto, quem n\u00e3o \u00e9 familiarizado. Como forma de facilitar o acesso para todos voc\u00eas ao conte\u00fado, transcrevi o mesmo aqui para o [&hellip;]<\/p>\n","protected":false},"author":10,"featured_media":6505,"comment_status":"open","ping_status":"open","sticky":false,"template":"","format":"standard","meta":{"footnotes":""},"categories":[3],"tags":[1259,46,127,42,55,129,728,136,123],"class_list":["post-6502","post","type-post","status-publish","format-standard","has-post-thumbnail","hentry","category-artigos","tag-cocredmais","tag-curso-de-memorizacao-online","tag-entrevista","tag-memorizacao","tag-renato-alves","tag-tecnica-de-memorizacao","tag-tecnica-mnemonica","tag-tecnicas-de-memorizacao","tag-treino"],"_links":{"self":[{"href":"https:\/\/renatoalves.com.br\/blog\/wp-json\/wp\/v2\/posts\/6502","targetHints":{"allow":["GET"]}}],"collection":[{"href":"https:\/\/renatoalves.com.br\/blog\/wp-json\/wp\/v2\/posts"}],"about":[{"href":"https:\/\/renatoalves.com.br\/blog\/wp-json\/wp\/v2\/types\/post"}],"author":[{"embeddable":true,"href":"https:\/\/renatoalves.com.br\/blog\/wp-json\/wp\/v2\/users\/10"}],"replies":[{"embeddable":true,"href":"https:\/\/renatoalves.com.br\/blog\/wp-json\/wp\/v2\/comments?post=6502"}],"version-history":[{"count":2,"href":"https:\/\/renatoalves.com.br\/blog\/wp-json\/wp\/v2\/posts\/6502\/revisions"}],"predecessor-version":[{"id":6507,"href":"https:\/\/renatoalves.com.br\/blog\/wp-json\/wp\/v2\/posts\/6502\/revisions\/6507"}],"wp:featuredmedia":[{"embeddable":true,"href":"https:\/\/renatoalves.com.br\/blog\/wp-json\/wp\/v2\/media\/6505"}],"wp:attachment":[{"href":"https:\/\/renatoalves.com.br\/blog\/wp-json\/wp\/v2\/media?parent=6502"}],"wp:term":[{"taxonomy":"category","embeddable":true,"href":"https:\/\/renatoalves.com.br\/blog\/wp-json\/wp\/v2\/categories?post=6502"},{"taxonomy":"post_tag","embeddable":true,"href":"https:\/\/renatoalves.com.br\/blog\/wp-json\/wp\/v2\/tags?post=6502"}],"curies":[{"name":"wp","href":"https:\/\/api.w.org\/{rel}","templated":true}]}}