{"id":66,"date":"2010-06-23T17:01:52","date_gmt":"2010-06-23T20:01:52","guid":{"rendered":"http:\/\/www.renatoalves.com.br\/blog\/?p=66"},"modified":"2021-10-14T15:07:48","modified_gmt":"2021-10-14T18:07:48","slug":"o-genio-de-barueri","status":"publish","type":"post","link":"https:\/\/renatoalves.com.br\/blog\/o-genio-de-barueri\/","title":{"rendered":"Renato Alves homenageia o G\u00eanio de Barueri"},"content":{"rendered":"<p style=\"text-align: justify;\">Qual \u00e9 o melhor presente de anivers\u00e1rio para o G\u00eanio de Barueri, um garoto que acaba de completar 13 anos?<\/p>\n<p style=\"text-align: justify;\">Um computador, um Playstation, um Ipod, skate, bola&#8230;? Que acess\u00f3rio seria capaz de preencher as mentes precoces e aceleradas dos nossos jovens?<\/p>\n<p style=\"text-align: justify;\">Para a m\u00e3e do Rodrigo, um geniozinho da cidade de Barueri, o pedido de anivers\u00e1rio causou estranheza: <em>\u201cEu quero que a senhora me inscreva neste curso de memoriza\u00e7\u00e3o\u201d<\/em>&#8211; Pediu o garoto enquanto mostrava o panfleto do meu Workshop encontrado no para brisa do carro.<\/p>\n<p style=\"text-align: justify;\">Festa cancelada, convidados dispensados e c\u00e1 est\u00e1 Rodrigo, um garoto com fei\u00e7\u00e3o de crian\u00e7a, mas cabe\u00e7a de g\u00eanio sentado na primeira fileira da sala e desta vez para me impressionar.<\/p>\n<p><img fetchpriority=\"high\" decoding=\"async\" class=\"size-full wp-image-4664 aligncenter\" src=\"\/\/renatoalves.com.br\/blog\/wp-content\/uploads\/2010\/06\/Genio-de-Barueri-02.jpg\" alt=\"G\u00eanio de Barueri com Renato Alves\" width=\"450\" height=\"388\" srcset=\"https:\/\/renatoalves.com.br\/blog\/wp-content\/uploads\/2010\/06\/Genio-de-Barueri-02.jpg 450w, https:\/\/renatoalves.com.br\/blog\/wp-content\/uploads\/2010\/06\/Genio-de-Barueri-02-300x259.jpg 300w\" sizes=\"(max-width: 450px) 100vw, 450px\" \/><\/p>\n<p style=\"text-align: justify;\">Rodrigo \u00e9 um desses filhos de encher os pais de orgulho e outros de inveja. Uma educa\u00e7\u00e3o digna de um <em>gentleman<\/em> e um sorriso contagiante estampado no rosto que s\u00f3 \u00e9 interrompido quando o assunto \u00e9 estudo. Neste caso o sai o garoto sorridente e entra o homem exigente.<\/p>\n<p style=\"text-align: justify;\"><em>\u201cUm dia desses, tive que acompanhar o Rodrigo at\u00e9 a escola e exigir que fizessem a revis\u00e3o de uma prova que ele havia tirado 9,5\u201d<\/em> &#8211; disse a m\u00e3e, indignada. O problema era que o 9,5 questionado estava poluindo um boletim recheado de dez, em todas as mat\u00e9rias.<\/p>\n<p style=\"text-align: justify;\">O grau de seriedade e comprometimento com que Rodrigo trata os estudos o consagrou, no ano passado como o melhor aluno da escola.<\/p>\n<p style=\"text-align: justify;\">Apesar das notas mostrarem que se trata de um estudante diferenciado, Rodrigo conserva a mod\u00e9stia. Alega n\u00e3o fazer nada mais do que faria um estudante s\u00e9rio, que deseja ser bem sucedido.<\/p>\n<p style=\"text-align: justify;\">Ele vai para a escola de manh\u00e3, mas acorda bem antes de o sol raiar para cumprir uma rotina que faz toda a diferen\u00e7a: antecipa em casa o conte\u00fado que ser\u00e1 dado logo mais\u00a0 na escola.<\/p>\n<p style=\"text-align: justify;\">Ir para a escola com o conte\u00fado pr\u00e9-memorizado, sentar-se na primeira fileira, presta aten\u00e7\u00e3o, tira d\u00favidas, fazer as tarefas e estudar em casa \u00e9 a rotina do campe\u00e3o.<\/p>\n<p style=\"text-align: justify;\">Confesso que ao conhecer o Rodrigo senti um alivio em rela\u00e7\u00e3o ao futuro da humanidade.<\/p>\n<p style=\"text-align: justify;\">Saber que nesta gera\u00e7\u00e3o que povoar\u00e1 o mundo existem pessoas capazes de fazer a diferen\u00e7a, conquistarem as melhores posi\u00e7\u00f5es e cuidar bem de nossa terra me faz respirar mais tranquilamente.<\/p>\n<p style=\"text-align: justify;\">Rodrigo \u00e9 um garoto que serve de inspira\u00e7\u00e3o porque faz o estudo parecer simples e o sucesso ao alcance de todos que se prop\u00f5em a fazer a coisa certa.<\/p>\n<p style=\"text-align: center;\">[inf_infusionsoft_inline optin_id=optin_1]<\/p>\n<h2>Desvendando o segredo do\u00a0G\u00eanio de Barueri<\/h2>\n<p style=\"text-align: justify;\">A seguir da entrevista que fiz com Rodrigo, o G\u00eanio de Barueri<\/p>\n<p style=\"text-align: justify;\"><strong>RA &#8211; <\/strong>O que faz de voc\u00ea um campe\u00e3o nos estudos?<\/p>\n<p style=\"text-align: justify;\"><strong>Rodrigo: <\/strong>Eu acredito que \u00e9 a dedica\u00e7\u00e3o, uma vontade de chegar &#8220;mais longe&#8221;, e claro, estudar (principalmente usando os m\u00e9todos que nos ensinou, o que tornou tudo mais f\u00e1cil).<\/p>\n<p style=\"text-align: justify;\"><strong>RA &#8211; <\/strong>Por que acha importante ser o melhor da classe ou escola?<\/p>\n<p style=\"text-align: justify;\"><strong>Rodrigo: <\/strong>Bom, \u00e9 importante ser o melhor, por exemplo, ao concorrer \u00e0 uma vaga de emprego, e para isso, preciso de estudo.<\/p>\n<p style=\"text-align: justify;\">Preciso me dedicar, desde j\u00e1, me preparar para prestar o vestibular daqui a alguns anos (v\u00e1rios que sejam) e para isso \u00e9 necess\u00e1rio estudo. Ser o melhor desde j\u00e1 \u00e9 consequ\u00eancia de me dedicar mais do que os outros, para ter uma chance no mercado de trabalho que \u00e9 muito concorrido hoje em dia, por isso acho importante a dedica\u00e7\u00e3o.<\/p>\n<p style=\"text-align: justify;\"><strong>RA &#8211; <\/strong>Onde voc\u00ea pretende chegar?<\/p>\n<p style=\"text-align: justify;\"><strong>Rodrigo: <\/strong>At\u00e9 aonde eu for capaz! A princ\u00edpio pretendo entrar em uma universidade, estudar Engenharia da Computa\u00e7\u00e3o. Pretendo (e irei) come\u00e7ar um curso de Ingl\u00eas e um de Espanhol em breve, tamb\u00e9m pretendo conseguir um bom emprego. Ao atingir isso, come\u00e7arei a pensar em novos objetivos, de acordo com o que eu j\u00e1 tiver conquistado. &#8220;Do mar ao infinito&#8221;.<\/p>\n<p style=\"text-align: justify;\"><strong>RA &#8211;<\/strong> Voc\u00ea acha que todos os jovens da sua idade poderiam ter um desempenho igual ao seu?<\/p>\n<p style=\"text-align: justify;\"><strong>Rodrigo:<\/strong> Sim, claro. Como voc\u00ea disse no in\u00edcio do curso: &#8220;Boas not\u00edcias! Sua mem\u00f3ria tem a mesma capacidade que a de um recordista!&#8221;, e n\u00f3s, quase que com absoluta certeza, podemos dizer que chegamos aonde queremos, de acordo com nossa vontade.<\/p>\n<p style=\"text-align: justify;\">Quem quiser ter um desempenho igual [ou melhor] pode ter, se dedicando, pois &#8220;a capacidade \u00e9 a mesma&#8221;.<\/p>\n<p style=\"text-align: justify;\">Renato Alves \u00e9 pesquisador e especialista em memoriza\u00e7\u00e3o.<\/p>\n<p>O que voc\u00ea achou do G\u00eanio de Barueri? Um exemplo para crian\u00e7as e adultos, n\u00e3o \u00e9?<\/p>\n<p>N\u00e3o esque\u00e7a de deixar seu coment\u00e1rio abaixo!<\/p>\n<p>O Rodrigo realmente \u00e9 um menino diferenciado, mas afirmo que para se dar bem nos estudos voc\u00ea voc\u00ea precisar\u00e1 ser como o G\u00eanio de Barueri, n\u00e3o mesmo. Voc\u00ea precisar\u00e1 apenas de um M\u00e9todo comprovado de aprendizagem acelerada, disciplina e foco.<\/p>\n<p>Diversas pessoas tiveram suas vidas transformadas com o meu curso <a href=\"https:\/\/estudomemorizacao.com.br\" target=\"_blank\" rel=\"noopener\">Estudo e Memoriza\u00e7\u00e3o<\/a>, esse curso foi aprovado por mais de 50 mil alunos e considerado um divisor de \u00e1guas entre v\u00e1rios aprovados em concursos p\u00fablicos e vestibulares.<\/p>\n<p style=\"text-align: justify;\"><span class=\"s1\">Esse treinamento lhe dar\u00e1 condi\u00e7\u00f5es reais de aprender qualquer mat\u00e9ria de estudo, inclusive idiomas e exatas. O curso por ser todo em videoaulas on-line, poder\u00e1 ser acessado onde voc\u00ea quiser,\u00a0seja no\u00a0celular, tablet, computador ou smart TV.\u00a0<\/span><\/p>\n<p><span class=\"s1\">Para que voc\u00ea adquira ainda hoje o <a href=\"https:\/\/estudomemorizacao.com.br\" target=\"_blank\" rel=\"noopener\">Estudo e Memoriza\u00e7\u00e3o<\/a>\u00a0<\/span>e por acreditar tanto na efici\u00eancia do meu m\u00e9todo, al\u00e9m dos b\u00f4nus eu ainda lhe ofere\u00e7o uma garantia mais que especial.<\/p>\n<p class=\"p1\" style=\"text-align: center;\"><a href=\"https:\/\/renatoalves.com.br\/acrobatas-da-memoria\/\">\u00bb Clique Aqui\u00a0e assista alguns depoimentos de alunos do curso\u00a0\u00ab<\/a><\/p>\n<p class=\"p1\" style=\"text-align: justify;\">Se em 7 dias, depois de aplicar o m\u00e9todo, voc\u00ea\u00a0 n\u00e3o notar melhoras, eu assumo total responsabilidade e devolverei 100% do seu investimento. O que voc\u00ea acha?\u00a0<a href=\"https:\/\/estudomemorizacao.com.br\" target=\"_blank\" rel=\"noopener\">Clique aqui e saiba mais sobre o treinamento!<\/a><\/p>\n<p style=\"text-align: justify;\"><em><strong>Renato Alves<\/strong>\u00a0\u00e9 escritor, pesquisador e primeiro brasileiro a receber o t\u00edtulo oficial de melhor mem\u00f3ria do Brasil. Autor de um m\u00e9todo patenteado de memoriza\u00e7\u00e3o que ganhou reconhecimento nacional e j\u00e1 est\u00e1 presente em mais de 100 pa\u00edses.<\/em><\/p>\n<p style=\"text-align: justify;\"><img decoding=\"async\" src=\"..\/imagens\/noticias\/nt_6.jpg\" alt=\"\" width=\"556\" height=\"480\" \/>Quer ter acesso a outras informa\u00e7\u00f5es?\u00a0<a href=\"https:\/\/www.facebook.com\/RenatoAlvesOficial\">Curta e siga a minha fanpage no Facebook<\/a>\u00a0e tamb\u00e9m\u00a0<a href=\"http:\/\/www.youtube.com\/videosmemoria\/videos?sub_confirmation=1\">inscreva-se no meu canal no Youtube.<\/a><\/p>\n<p style=\"text-align: justify;\"><a href=\"https:\/\/renatoalves.com.br\" target=\"_blank\" rel=\"noopener\"><img decoding=\"async\" class=\"wp-image-2516 size-full aligncenter\" src=\"\/\/renatoalves.com.br\/blog\/wp-content\/uploads\/2015\/02\/banner_EM.jpg\" alt=\"Curso Estudo e Memoriza\u00e7\u00e3o\" width=\"3002\" height=\"353\" \/><\/a><\/p>\n","protected":false},"excerpt":{"rendered":"<p>Qual \u00e9 o melhor presente de anivers\u00e1rio para o G\u00eanio de Barueri, um garoto que acaba de completar 13 anos? Um computador, um Playstation, um Ipod, skate, bola&#8230;? Que acess\u00f3rio seria capaz de preencher as mentes precoces e aceleradas dos nossos jovens? Para a m\u00e3e do Rodrigo, um geniozinho da cidade de Barueri, o pedido [&hellip;]<\/p>\n","protected":false},"author":24,"featured_media":2630,"comment_status":"open","ping_status":"open","sticky":false,"template":"","format":"standard","meta":{"footnotes":""},"categories":[262],"tags":[145,60,65,66,84,75,112,46,86,98,68,28],"class_list":["post-66","post","type-post","status-publish","format-standard","has-post-thumbnail","hentry","category-estudo-e-desenvolvimento","tag-boa-memoria","tag-como-estudar","tag-como-estudar-para-concurso","tag-como-estudar-para-o-enem","tag-como-fazer-um-plano-de-estudo","tag-como-passar-em-concurso","tag-concurso-publico","tag-curso-de-memorizacao-online","tag-curso-estudo-e-memorizacao","tag-curso-online-renato-alves","tag-curso-renato-alves","tag-o-genio-de-barueri"],"_links":{"self":[{"href":"https:\/\/renatoalves.com.br\/blog\/wp-json\/wp\/v2\/posts\/66","targetHints":{"allow":["GET"]}}],"collection":[{"href":"https:\/\/renatoalves.com.br\/blog\/wp-json\/wp\/v2\/posts"}],"about":[{"href":"https:\/\/renatoalves.com.br\/blog\/wp-json\/wp\/v2\/types\/post"}],"author":[{"embeddable":true,"href":"https:\/\/renatoalves.com.br\/blog\/wp-json\/wp\/v2\/users\/24"}],"replies":[{"embeddable":true,"href":"https:\/\/renatoalves.com.br\/blog\/wp-json\/wp\/v2\/comments?post=66"}],"version-history":[{"count":2,"href":"https:\/\/renatoalves.com.br\/blog\/wp-json\/wp\/v2\/posts\/66\/revisions"}],"predecessor-version":[{"id":7661,"href":"https:\/\/renatoalves.com.br\/blog\/wp-json\/wp\/v2\/posts\/66\/revisions\/7661"}],"wp:featuredmedia":[{"embeddable":true,"href":"https:\/\/renatoalves.com.br\/blog\/wp-json\/wp\/v2\/media\/2630"}],"wp:attachment":[{"href":"https:\/\/renatoalves.com.br\/blog\/wp-json\/wp\/v2\/media?parent=66"}],"wp:term":[{"taxonomy":"category","embeddable":true,"href":"https:\/\/renatoalves.com.br\/blog\/wp-json\/wp\/v2\/categories?post=66"},{"taxonomy":"post_tag","embeddable":true,"href":"https:\/\/renatoalves.com.br\/blog\/wp-json\/wp\/v2\/tags?post=66"}],"curies":[{"name":"wp","href":"https:\/\/api.w.org\/{rel}","templated":true}]}}