{"id":6669,"date":"2020-01-09T15:41:52","date_gmt":"2020-01-09T18:41:52","guid":{"rendered":"https:\/\/renatoalves.com.br\/blog\/?p=6669"},"modified":"2020-11-27T17:08:55","modified_gmt":"2020-11-27T20:08:55","slug":"a-guerra-mundia-da-informacao","status":"publish","type":"post","link":"https:\/\/renatoalves.com.br\/blog\/a-guerra-mundia-da-informacao\/","title":{"rendered":"A 3\u00aa Guerra Mundial est\u00e1 a caminho: informa\u00e7\u00e3o x c\u00e9rebro!"},"content":{"rendered":"\n<p>Calma! A&nbsp; 3\u00aa Guerra Mundial ainda n\u00e3o \u201cestourou\u201d. Assim, o que vou tratar aqui \u00e9 a batalha di\u00e1ria do seu c\u00e9rebro frente ao mundo tecnol\u00f3gico que vivemos atualmente.&nbsp;<br><\/p>\n\n\n\n<p>O batalh\u00e3o de inova\u00e7\u00f5es tecnol\u00f3gicas que avan\u00e7a no mercado mundial em nossa dire\u00e7\u00e3o \u00e9 imenso. Eventualmente, para piorar, ele nunca vem sozinho&#8230;<br><\/p>\n\n\n\n<p>As for\u00e7as de colis\u00e3o, que se disfar\u00e7am de redes sociais ou de diversos sites, est\u00e3o crescendo em ritmo acelerado. Portanto um verdadeiro ex\u00e9rcito de informa\u00e7\u00f5es cai sobre nossas mentes todos os dias, a cada segundo. O ataque \u00e9 inevit\u00e1vel!<br><\/p>\n\n\n\n<h5 class=\"wp-block-heading\"><strong>A 3\u00aa Guerra Mundial do seu c\u00e9rebro j\u00e1 est\u00e1 declarada!&nbsp;<\/strong><\/h5>\n\n\n\n<p><strong>A d\u00favida \u00e9: Quem ir\u00e1 dominar quem primeiro?<\/strong><br><\/p>\n\n\n\n<figure class=\"wp-block-gallery columns-1 is-cropped wp-block-gallery-1 is-layout-flex wp-block-gallery-is-layout-flex\"><ul class=\"blocks-gallery-grid\"><li class=\"blocks-gallery-item\"><figure><img fetchpriority=\"high\" decoding=\"async\" width=\"700\" height=\"428\" src=\"\/\/renatoalves.com.br\/blog\/wp-content\/uploads\/2020\/01\/consumo-massivo-de-informa\u00e7\u00e3o_.png\" alt=\"a-era-da-informa\u00e7\u00e3o\" data-id=\"6670\" data-link=\"\/\/renatoalves.com.br\/blog\/?attachment_id=6670\" class=\"wp-image-6670\" srcset=\"https:\/\/renatoalves.com.br\/blog\/wp-content\/uploads\/2020\/01\/consumo-massivo-de-informa\u00e7\u00e3o_.png 700w, https:\/\/renatoalves.com.br\/blog\/wp-content\/uploads\/2020\/01\/consumo-massivo-de-informa\u00e7\u00e3o_-300x183.png 300w, https:\/\/renatoalves.com.br\/blog\/wp-content\/uploads\/2020\/01\/consumo-massivo-de-informa\u00e7\u00e3o_-610x373.png 610w, https:\/\/renatoalves.com.br\/blog\/wp-content\/uploads\/2020\/01\/consumo-massivo-de-informa\u00e7\u00e3o_-370x226.png 370w\" sizes=\"(max-width: 700px) 100vw, 700px\" \/><\/figure><\/li><\/ul><\/figure>\n\n\n\n<p>Vamos voltar um pouco no tempo e tomar como o \u2018Dia D\u2019 da invas\u00e3o cerebral por parte do volume de informa\u00e7\u00e3o, o in\u00edcio do s\u00e9culo 21, tudo bem? Decerto alguns dias depois do folcl\u00f3rico, \u201cBug do Mil\u00eanio\u201d.<br><\/p>\n\n\n\n<p>Voc\u00ea consegue enumerar quais mudan\u00e7as presenciou de l\u00e1 para c\u00e1? Isto \u00e9, mudan\u00e7as em todos os sentidos: tecnologia, conte\u00fado de entretenimento, servi\u00e7os b\u00e1sicos de sa\u00fade, seguran\u00e7a, ind\u00fastria, com\u00e9rcio, etc. Pode detalhar isso em poucas palavras?<br><\/p>\n\n\n\n<p>Por exemplo:&nbsp;<br><\/p>\n\n\n\n<ul class=\"wp-block-list\"><li>Quantos modelos de celulares foram lan\u00e7ados nos \u00faltimos 20 anos?<\/li><li>Quantos livros foram publicados neste per\u00edodo?&nbsp;<\/li><li>E os filmes, quantas obras cinematogr\u00e1ficas foram filmadas e veiculadas nos cinemas mundo afora?<\/li><\/ul>\n\n\n\n<p>Imposs\u00edvel mensurar, n\u00e3o \u00e9 mesmo?<br><\/p>\n\n\n\n<p>Mesmo se voc\u00ea abrir uma nova aba agora no seu navegador com a inten\u00e7\u00e3o de encontrar as respostas para as perguntas anteriores, dificilmente vai achar n\u00fameros precisos.<br><\/p>\n\n\n\n<p>As grandes corpora\u00e7\u00f5es de tecnologia, por exemplo, que se digladiam diariamente para ter sua aten\u00e7\u00e3o e disponibilizar mais um produto na palma da sua m\u00e3o, se preocupam realmente com o que? Eles querem voc\u00ea como um aliado, cliente ou subserviente?<br><\/p>\n\n\n\n<p><strong>N\u00f3s somos os soldados nesta guerra<\/strong>. Ou seja, \u00e9 por nossas mentes que sair\u00e1 o vencedor. Portanto, a arma mais poderosa est\u00e1 dentro de cada combatente e s\u00f3 ele pode utiliz\u00e1-la adequadamente!<br><\/p>\n\n\n\n<p>O ponto de equil\u00edbrio deste confronto moderno <strong>\u00e9 voc\u00ea<\/strong>. O c\u00e9rebro deve dominar as informa\u00e7\u00f5es e voc\u00ea deve dominar seu c\u00e9rebro!&nbsp;<br><\/p>\n\n\n\n<h5 class=\"wp-block-heading\"><strong>Ficou confuso? Vou explicar melhor!<\/strong><br><\/h5>\n\n\n\n<div class=\"wp-block-image\"><figure class=\"aligncenter\"><img decoding=\"async\" src=\"\/\/media.giphy.com\/media\/3EiNpweH34XGoQcq9Q\/giphy.gif\" alt=\"\"\/><\/figure><\/div>\n\n\n\n<p>A maior batalha do mundo contempor\u00e2neo \u00e9 saber caminhar por todos os cen\u00e1rios existentes sem se perder. Mas afinal, quais s\u00e3o eles?<br><\/p>\n\n\n\n<p>Sua casa, empresa, emprego, faculdade, estudos, fam\u00edlia, finan\u00e7as, escolhas, lazer, consumo, bem-estar e sa\u00fade. Esqueci de citar algo?<br><\/p>\n\n\n\n<p>Enfim, simplesmente imagine todos estes assuntos juntos em um grande campo de batalha, onde cada movimento em falso pode ser desastroso.<br><\/p>\n\n\n\n<p>Neste momento \u00e9 que surge a necessidade de se dominar estrat\u00e9gias de combate, isto \u00e9, conhecer e aplicar m\u00e9todos que possam minar poss\u00edveis inimigos com efici\u00eancia e sem desperd\u00edcio de tempo. Qual general n\u00e3o pensa assim?<br><\/p>\n\n\n\n<h5 class=\"wp-block-heading\"><strong>Voc\u00ea est\u00e1 convocado para a 3\u00aa guerra mundial, portanto, prepare-se!<\/strong><br><\/h5>\n\n\n\n<p>A compara\u00e7\u00e3o aqui \u00e9 v\u00e1lida e ajuda a ilustrar o embate que h\u00e1 atualmente na quest\u00e3o de conciliar tantos afazeres e compromissos, junto das metas pessoais e profissionais.<br><\/p>\n\n\n\n<p>Ali\u00e1s, \u00e9 t\u00e3o v\u00e1lida, que durante a Guerra dos B\u00e1lc\u00e3s (sudeste europeu) na d\u00e9cada de 1990, uma m\u00e9dica, de nome Ibolja Cernak, identificou v\u00e1rios soldados sobreviventes de in\u00fameras explos\u00f5es nos campos de batalha que se queixavam de perda de mem\u00f3ria, tonturas e at\u00e9 dificuldades para tomarem decis\u00f5es simples e rotineiras.<br><\/p>\n\n\n\n<p>Mais recentemente circularam <a href=\"\/\/drauziovarella.uol.com.br\/drauzio\/artigos\/os-bombardeios-e-o-cerebro-artigo\/\">not\u00edcias<\/a> de que soldados americanos e ingleses que retornam das incurs\u00f5es em solo inimigo, mais precisamente Iraque e Afeganist\u00e3o, apresentam queixas semelhantes.<br><\/p>\n\n\n\n<p>Eventualmente, tal problema hoje \u00e9 visto com muita aten\u00e7\u00e3o pelo governo americano que investe milh\u00f5es de d\u00f3lares em pesquisas sobre estes traumas provocados por ondas de choque e bombas de guerra.<br><\/p>\n\n\n\n<p>S\u00e3o exemplos extremos como estes que nos levam a parar e pensar muito sobre como lidamos com tamanha evolu\u00e7\u00e3o de oferta de dados que explodem em nossas mem\u00f3rias ininterruptamente.<br><\/p>\n\n\n\n<h5 class=\"wp-block-heading\"><strong>Ser\u00e1 que estamos sabendo conciliar tudo corretamente?<\/strong><br><\/h5>\n\n\n\n<p>Estamos <a href=\"\/\/renatoalves.com.br\/blog\/o-poder-da-mente-hibrida\/\">estimulando nossa mente e c\u00e9rebro<\/a> de forma adequada e precisa?<br><\/p>\n\n\n\n<p>Diante de um contexto t\u00e3o acelerado \u00e9 que surge de maneira imprescind\u00edvel alguns mecanismos capazes de reorganizar o batalh\u00e3o de neur\u00f4nios que est\u00e1 a\u00ed na sua cabe\u00e7a, pronto para agir, mas que ultimamente anda disperso e sem um rumo a ser seguido.<br><\/p>\n\n\n\n<figure class=\"wp-block-image\"><img decoding=\"async\" width=\"700\" height=\"428\" src=\"\/\/renatoalves.com.br\/blog\/wp-content\/uploads\/2020\/01\/conte-com-auxilio-de-metodos.png\" alt=\"os-m\u00e9todos-s\u00e3o-grandes-aliados\" class=\"wp-image-6671\" srcset=\"https:\/\/renatoalves.com.br\/blog\/wp-content\/uploads\/2020\/01\/conte-com-auxilio-de-metodos.png 700w, https:\/\/renatoalves.com.br\/blog\/wp-content\/uploads\/2020\/01\/conte-com-auxilio-de-metodos-300x183.png 300w, https:\/\/renatoalves.com.br\/blog\/wp-content\/uploads\/2020\/01\/conte-com-auxilio-de-metodos-610x373.png 610w, https:\/\/renatoalves.com.br\/blog\/wp-content\/uploads\/2020\/01\/conte-com-auxilio-de-metodos-370x226.png 370w\" sizes=\"(max-width: 700px) 100vw, 700px\" \/><\/figure>\n\n\n\n<p>As ferramentas de treinamento e fortalecimento da mente s\u00e3o uma alternativa vi\u00e1vel para quem deseja al\u00e9m de qualidade de vida, agir de maneira mais eficiente, obtendo resultados precisos em suas a\u00e7\u00f5es e escolhas.<br><\/p>\n\n\n\n<h5 class=\"wp-block-heading\"><strong>Por esse motivo, quero te apresentar o Estudo e Memoriza\u00e7\u00e3o!<\/strong><br><\/h5>\n\n\n\n<p>Sendo refer\u00eancia quando o assunto \u00e9 fortalecimento da mente e qualidade de vida, o Estudo e Memoriza\u00e7\u00e3o trabalha t\u00e9cnicas e estrat\u00e9gias que visam ajudar os mais necessitados a organizarem suas atividades, ganhando tempo e se lembrando de tudo que for necess\u00e1rio. O melhor? De maneira pr\u00e1tica e direta!<br><\/p>\n\n\n\n<p>Elaborado por meio de videoaulas, curtas e objetivas, afinal, \u00e9 importante manter o estado de foco e concentra\u00e7\u00e3o ativo, o Estudo e Memoriza\u00e7\u00e3o j\u00e1 ajudou milhares de pessoas em diversos pa\u00edses a alcan\u00e7arem excelentes resultados em seus estudos, carreira e vida pessoal.<br><\/p>\n\n\n\n<p>Por isso, n\u00e3o perca mais tempo e aproveite que ainda estamos no come\u00e7o do ano, no in\u00edcio de uma nova etapa, e comece hoje mesmo a mudar sua estrat\u00e9gia de batalha. Ven\u00e7a essa guerra enquanto \u00e9 tempo!<br><\/p>\n\n\n\n<p><a href=\"http:\/\/bit.ly\/saibamaiscem\">Clique aqui<\/a> e conhe\u00e7a o Estudo e Memoriza\u00e7\u00e3o.<br><\/p>\n\n\n\n<p>Ficou alguma d\u00favida sobre o tema, deseja falar sobre suas metas para este ano ou quer apenas conversar? Sinta-se \u00e0 vontade para comentar, prometo que irei ler e responder todo mundo.&nbsp;<br><\/p>\n\n\n\n<p>N\u00e3o se esque\u00e7a de compartilhar o artigo com seus amigos, familiares e conhecidos. Avise eles enquanto \u00e9 tempo desta guerra que est\u00e1 para come\u00e7ar, fa\u00e7a com que eles tamb\u00e9m estejam prontos! Salvo que futuramente eles agradecer\u00e3o.&nbsp;<br><\/p>\n\n\n\n<p>Viva bem. Lembre bem.<\/p>\n\n\n\n<p>Prof. Renato Alves<\/p>\n\n\n\n<p>Pesquisador cognitivo, autor do curso Estudo Memoriza\u00e7\u00e3o e dos livros O C\u00e9rebro com Foco e Disciplina e N\u00e3o Pergunte se Ele Estudou. Conferencista e dono do t\u00edtulo de Melhor Mem\u00f3ria do Brasil.<br><\/p>\n","protected":false},"excerpt":{"rendered":"<p>Calma! A&nbsp; 3\u00aa Guerra Mundial ainda n\u00e3o \u201cestourou\u201d. Assim, o que vou tratar aqui \u00e9 a batalha di\u00e1ria do seu c\u00e9rebro frente ao mundo tecnol\u00f3gico que vivemos atualmente.&nbsp; O batalh\u00e3o de inova\u00e7\u00f5es tecnol\u00f3gicas que avan\u00e7a no mercado mundial em nossa dire\u00e7\u00e3o \u00e9 imenso. Eventualmente, para piorar, ele nunca vem sozinho&#8230; As for\u00e7as de colis\u00e3o, que [&hellip;]<\/p>\n","protected":false},"author":10,"featured_media":7158,"comment_status":"open","ping_status":"open","sticky":false,"template":"","format":"standard","meta":{"footnotes":""},"categories":[262,3],"tags":[1218,695,1330,135,1331],"class_list":["post-6669","post","type-post","status-publish","format-standard","has-post-thumbnail","hentry","category-estudo-e-desenvolvimento","category-artigos","tag-estudo-e-memorizacao","tag-estudo-eficiente","tag-guerra-mundial","tag-tecnicas-de-estudo","tag-terceira-guerra-mundial"],"_links":{"self":[{"href":"https:\/\/renatoalves.com.br\/blog\/wp-json\/wp\/v2\/posts\/6669","targetHints":{"allow":["GET"]}}],"collection":[{"href":"https:\/\/renatoalves.com.br\/blog\/wp-json\/wp\/v2\/posts"}],"about":[{"href":"https:\/\/renatoalves.com.br\/blog\/wp-json\/wp\/v2\/types\/post"}],"author":[{"embeddable":true,"href":"https:\/\/renatoalves.com.br\/blog\/wp-json\/wp\/v2\/users\/10"}],"replies":[{"embeddable":true,"href":"https:\/\/renatoalves.com.br\/blog\/wp-json\/wp\/v2\/comments?post=6669"}],"version-history":[{"count":3,"href":"https:\/\/renatoalves.com.br\/blog\/wp-json\/wp\/v2\/posts\/6669\/revisions"}],"predecessor-version":[{"id":7159,"href":"https:\/\/renatoalves.com.br\/blog\/wp-json\/wp\/v2\/posts\/6669\/revisions\/7159"}],"wp:featuredmedia":[{"embeddable":true,"href":"https:\/\/renatoalves.com.br\/blog\/wp-json\/wp\/v2\/media\/7158"}],"wp:attachment":[{"href":"https:\/\/renatoalves.com.br\/blog\/wp-json\/wp\/v2\/media?parent=6669"}],"wp:term":[{"taxonomy":"category","embeddable":true,"href":"https:\/\/renatoalves.com.br\/blog\/wp-json\/wp\/v2\/categories?post=6669"},{"taxonomy":"post_tag","embeddable":true,"href":"https:\/\/renatoalves.com.br\/blog\/wp-json\/wp\/v2\/tags?post=6669"}],"curies":[{"name":"wp","href":"https:\/\/api.w.org\/{rel}","templated":true}]}}