{"id":6692,"date":"2025-07-15T11:42:53","date_gmt":"2025-07-15T14:42:53","guid":{"rendered":"https:\/\/renatoalves.com.br\/blog\/?p=6692"},"modified":"2025-07-15T11:42:56","modified_gmt":"2025-07-15T14:42:56","slug":"tempo-retome-o-controle-do-seu","status":"publish","type":"post","link":"https:\/\/renatoalves.com.br\/blog\/tempo-retome-o-controle-do-seu\/","title":{"rendered":"Como Voltar a Controlar Seu Tempo \u2014 e Usar Cada Minuto com Prop\u00f3sito"},"content":{"rendered":"\n<p>Voc\u00ea j\u00e1 desejou um g\u00eanio da l\u00e2mpada que lhe concedesse mais horas por dia? Pode parecer sonho, mas a verdade \u00e9 que <strong>tempo voc\u00ea tem \u2014 o problema est\u00e1 na gest\u00e3o<\/strong>.<\/p>\n\n\n\n<p>Todos dispomos de 24 horas. A diferen\u00e7a entre quem alcan\u00e7a objetivos e quem fica esperando \u00e9 a <strong>forma como cada minuto \u00e9 utilizado<\/strong>. E a boa not\u00edcia \u00e9 que com pequenas mudan\u00e7as de atitude, voc\u00ea pode <strong>ganhar mais foco, produtividade e mem\u00f3ria ativa<\/strong> em todas as \u00e1reas da sua vida.<\/p>\n\n\n\n<p>A seguir, compartilho 5 passos que, quando aplicados, transformam sua rela\u00e7\u00e3o com o tempo \u2014 e aumentam seu rendimento nos estudos, trabalho e dia a dia.<\/p>\n\n\n\n<figure class=\"wp-block-image aligncenter size-large\"><a href=\"https:\/\/estudomemorizacao.com.br\/ ?utm_source=Blog&amp;utm_medium=site-ofc&amp;utm_campaign=CEM&amp;utm_content=tempo-retome-o-controle-do-seu\" target=\"_blank\" rel=\" noreferrer noopener\"><img fetchpriority=\"high\" decoding=\"async\" width=\"1024\" height=\"120\" src=\"https:\/\/renatoalves.com.br\/blog\/wp-content\/uploads\/2025\/05\/ESTUDO-MEMORIZACAO-BANNER-BLOG-RENATO-ALVES-1024x120.png\" alt=\"banner estudo e memoriza\u00e7\u00e3o\" class=\"wp-image-10128\" srcset=\"https:\/\/renatoalves.com.br\/blog\/wp-content\/uploads\/2025\/05\/ESTUDO-MEMORIZACAO-BANNER-BLOG-RENATO-ALVES-1024x120.png 1024w, https:\/\/renatoalves.com.br\/blog\/wp-content\/uploads\/2025\/05\/ESTUDO-MEMORIZACAO-BANNER-BLOG-RENATO-ALVES-300x35.png 300w, https:\/\/renatoalves.com.br\/blog\/wp-content\/uploads\/2025\/05\/ESTUDO-MEMORIZACAO-BANNER-BLOG-RENATO-ALVES-768x90.png 768w, https:\/\/renatoalves.com.br\/blog\/wp-content\/uploads\/2025\/05\/ESTUDO-MEMORIZACAO-BANNER-BLOG-RENATO-ALVES-1536x181.png 1536w, https:\/\/renatoalves.com.br\/blog\/wp-content\/uploads\/2025\/05\/ESTUDO-MEMORIZACAO-BANNER-BLOG-RENATO-ALVES.png 1700w\" sizes=\"(max-width: 1024px) 100vw, 1024px\" \/><\/a><\/figure>\n\n\n\n<h2 class=\"wp-block-heading\">1. Desacelere para enxergar o que realmente importa<\/h2>\n\n\n\n<p>Antes de acelerar, pare.<\/p>\n\n\n\n<p>Reserve alguns instantes para observar:<\/p>\n\n\n\n<ul class=\"wp-block-list\">\n<li><strong>O que rouba seu tempo:<\/strong> redes sociais? Procrastina\u00e7\u00e3o? Rotinas repetitivas?<\/li>\n\n\n\n<li><strong>O que verdadeiramente importa:<\/strong> fam\u00edlia, projetos, estudo, sa\u00fade.<\/li>\n<\/ul>\n\n\n\n<p>A mente acelerada <strong>n\u00e3o toma boas decis\u00f5es<\/strong>. Dar-se esse espa\u00e7o de reflex\u00e3o \u00e9 o primeiro passo para organizar seu tempo com clareza e prop\u00f3sito.<\/p>\n\n\n\n<h2 class=\"wp-block-heading\">2. Cultive otimismo e autoconfian\u00e7a<\/h2>\n\n\n\n<p>Pensamentos negativos sobre o futuro \u2014 <em>\u201cisso vai dar errado\u201d<\/em> \u2014 drenam energia antes de qualquer a\u00e7\u00e3o. O pessimismo paralisa, enquanto a esperan\u00e7a inspira cada passo.<\/p>\n\n\n\n<blockquote class=\"wp-block-quote is-layout-flow wp-block-quote-is-layout-flow\">\n<p>Os grandes vencedores n\u00e3o s\u00e3o os mais inteligentes: s\u00e3o os que acreditam em si.<\/p>\n<\/blockquote>\n\n\n\n<p>Confie em suas habilidades, mesmo em pequenas tarefas di\u00e1rias. Esse mindset positivo energiza sua motiva\u00e7\u00e3o e fortalece a estrutura do seu dia.<\/p>\n\n\n\n<h2 class=\"wp-block-heading\">3. Escolha o ambiente e as pessoas que te inspiram<\/h2>\n\n\n\n<p>O que dizemos e ouvimos molda nosso comportamento. Fale com cuidado e aten\u00e7\u00e3o \u2014 evite coment\u00e1rios autossabotadores.<\/p>\n\n\n\n<p>E, muito importante: <strong>selecione com quem convive<\/strong>. Pessoas em torno de voc\u00ea devem:<\/p>\n\n\n\n<ul class=\"wp-block-list\">\n<li>Desafiar seu pensamento<\/li>\n\n\n\n<li>Compartilhar boas ideias e h\u00e1bitos<\/li>\n\n\n\n<li>Estimular seu crescimento<\/li>\n<\/ul>\n\n\n\n<p>Amigos conectados com seu prop\u00f3sito ajudam voc\u00ea a seguir firme e ganhar tempo de qualidade.<\/p>\n\n\n\n<h2 class=\"wp-block-heading\">4. Recrute bons modelos e est\u00edmulos positivos<\/h2>\n\n\n\n<p>Assim como escolhemos nossa rede de apoio, precisamos entrar em contato com conte\u00fados edificantes:<\/p>\n\n\n\n<ul class=\"wp-block-list\">\n<li>Leitura enriquecedora<\/li>\n\n\n\n<li>Filmes que inspiram<\/li>\n\n\n\n<li>Podcasts que ensinam<\/li>\n<\/ul>\n\n\n\n<p>Esses est\u00edmulos enriquecem sua vis\u00e3o de mundo, fortalecem seu aprendizado e melhoram sua capacidade de decis\u00e3o \u2014 economizando tempo ao evitar caminhos sem prop\u00f3sito.<\/p>\n\n\n\n<h2 class=\"wp-block-heading\">5. V\u00e1 al\u00e9m do b\u00e1sico: ajoelhe sua rotina<\/h2>\n\n\n\n<p>Aplicar os passos acima s\u00f3 traz sentido se forem incorporados no cotidiano de forma pr\u00e1tica e constante.<\/p>\n\n\n\n<p>Com essa base mental e emocional, seu c\u00e9rebro fica mais <strong>organizado, ativo e disciplinado<\/strong> \u2014 o que melhora o desempenho nos estudos e na rotina profissional.<\/p>\n\n\n\n<h2 class=\"wp-block-heading\">Conclus\u00e3o: seu tempo, seu poder<\/h2>\n\n\n\n<p><strong>Controlar o tempo \u00e9 um exerc\u00edcio di\u00e1rio. E vale qualquer esfor\u00e7o.<\/strong><\/p>\n\n\n\n<p>Aplicando cada passo \u2014 desacelerar para clareza, cultivar otimismo, construir uma rede inspiradora, buscar est\u00edmulos positivos e aprofundar seus h\u00e1bitos \u2014 voc\u00ea recupera sua autonomia sobre cada minuto.<\/p>\n\n\n\n<p>O curso <strong><a href=\"https:\/\/estudomemorizacao.com.br\/ ?utm_source=Blog&amp;utm_medium=site-ofc&amp;utm_campaign=CEM&amp;utm_content=tempo-retome-o-controle-do-seu\" target=\"_blank\" rel=\"noreferrer noopener\">Estudo e Memoriza\u00e7\u00e3o<\/a><\/strong>, desenvolvido por mim, oferece a metodologia completa para alinhar mente, foco e rotina, criando um plano personalizado que se ajusta \u00e0 sua vida, sem sobrecarregar.<\/p>\n\n\n\n<blockquote class=\"wp-block-quote is-layout-flow wp-block-quote-is-layout-flow\">\n<p>Decida hoje: quer continuar gastando tempo ou come\u00e7ar a investir nos seus resultados?<\/p>\n\n\n\n<figure class=\"wp-block-image aligncenter size-large\"><a href=\"https:\/\/estudomemorizacao.com.br\/ ?utm_source=Blog&amp;utm_medium=site-ofc&amp;utm_campaign=CEM&amp;utm_content=tempo-retome-o-controle-do-seu\" target=\"_blank\" rel=\" noreferrer noopener\"><img fetchpriority=\"high\" decoding=\"async\" width=\"1024\" height=\"120\" src=\"https:\/\/renatoalves.com.br\/blog\/wp-content\/uploads\/2025\/05\/ESTUDO-MEMORIZACAO-BANNER-BLOG-RENATO-ALVES-1024x120.png\" alt=\"banner estudo e memoriza\u00e7\u00e3o\" class=\"wp-image-10128\" srcset=\"https:\/\/renatoalves.com.br\/blog\/wp-content\/uploads\/2025\/05\/ESTUDO-MEMORIZACAO-BANNER-BLOG-RENATO-ALVES-1024x120.png 1024w, https:\/\/renatoalves.com.br\/blog\/wp-content\/uploads\/2025\/05\/ESTUDO-MEMORIZACAO-BANNER-BLOG-RENATO-ALVES-300x35.png 300w, https:\/\/renatoalves.com.br\/blog\/wp-content\/uploads\/2025\/05\/ESTUDO-MEMORIZACAO-BANNER-BLOG-RENATO-ALVES-768x90.png 768w, https:\/\/renatoalves.com.br\/blog\/wp-content\/uploads\/2025\/05\/ESTUDO-MEMORIZACAO-BANNER-BLOG-RENATO-ALVES-1536x181.png 1536w, https:\/\/renatoalves.com.br\/blog\/wp-content\/uploads\/2025\/05\/ESTUDO-MEMORIZACAO-BANNER-BLOG-RENATO-ALVES.png 1700w\" sizes=\"(max-width: 1024px) 100vw, 1024px\" \/><\/a><\/figure>\n<\/blockquote>\n\n\n\n<h2 class=\"wp-block-heading\">Perguntas Frequentes<\/h2>\n\n\n\n<h3 class=\"wp-block-heading\"><strong>Posso aplicar esses passos mesmo com rotina cheia?<\/strong><\/h3>\n\n\n\n<p>Sim. Os passos s\u00e3o m\u00f3dulos escal\u00e1veis que podem ser aplicados aos poucos, de acordo com sua disponibilidade.<\/p>\n\n\n\n<h3 class=\"wp-block-heading\"><strong>Qual \u00e9 o melhor lugar para iniciar?<\/strong><\/h3>\n\n\n\n<p>Comece desacelerando \u2014 pare um minuto por dia apenas para observar seus h\u00e1bitos. Esse pequeno despertar tem impacto gigante.<\/p>\n\n\n\n<h3 class=\"wp-block-heading\"><strong>Como manter a motiva\u00e7\u00e3o a longo prazo?<\/strong><\/h3>\n\n\n\n<p>Cultivar otimismo e conviver com pessoas inspiradoras s\u00e3o as chaves. O positivismo se retroalimenta quando combinado com boas rela\u00e7\u00f5es.<\/p>\n\n\n\n<h3 class=\"wp-block-heading\"><strong>O curso Estudo e Memoriza\u00e7\u00e3o me ajuda nisso?<\/strong><\/h3>\n\n\n\n<p>Sim. Ele trata da organiza\u00e7\u00e3o do tempo, da mente e da mem\u00f3ria em um modelo integrado, ideal para transformar sua rotina.<\/p>\n\n\n\n<p><\/p>\n","protected":false},"excerpt":{"rendered":"<p>Voc\u00ea j\u00e1 desejou um g\u00eanio da l\u00e2mpada que lhe concedesse mais horas por dia? Pode parecer sonho, mas a verdade \u00e9 que tempo voc\u00ea tem \u2014 o problema est\u00e1 na gest\u00e3o. Todos dispomos de 24 horas. A diferen\u00e7a entre quem alcan\u00e7a objetivos e quem fica esperando \u00e9 a forma como cada minuto \u00e9 utilizado. E [&hellip;]<\/p>\n","protected":false},"author":10,"featured_media":6696,"comment_status":"open","ping_status":"open","sticky":false,"template":"","format":"standard","meta":{"footnotes":""},"categories":[262,264],"tags":[754,1354,1355,67,209,107,42,122,1353,1300,55,752,765],"class_list":["post-6692","post","type-post","status-publish","format-standard","has-post-thumbnail","hentry","category-estudo-e-desenvolvimento","category-saude-e-qualidade-de-vida","tag-controlar-o-tempo","tag-controle","tag-dicas","tag-dicas-de-memorizacao","tag-exercitar-sua-mente","tag-gestao-de-tempo","tag-memorizacao","tag-memorizacao-renato-alves","tag-mente","tag-mente-hibrida","tag-renato-alves","tag-tempo","tag-tempo-de-estudo"],"_links":{"self":[{"href":"https:\/\/renatoalves.com.br\/blog\/wp-json\/wp\/v2\/posts\/6692","targetHints":{"allow":["GET"]}}],"collection":[{"href":"https:\/\/renatoalves.com.br\/blog\/wp-json\/wp\/v2\/posts"}],"about":[{"href":"https:\/\/renatoalves.com.br\/blog\/wp-json\/wp\/v2\/types\/post"}],"author":[{"embeddable":true,"href":"https:\/\/renatoalves.com.br\/blog\/wp-json\/wp\/v2\/users\/10"}],"replies":[{"embeddable":true,"href":"https:\/\/renatoalves.com.br\/blog\/wp-json\/wp\/v2\/comments?post=6692"}],"version-history":[{"count":2,"href":"https:\/\/renatoalves.com.br\/blog\/wp-json\/wp\/v2\/posts\/6692\/revisions"}],"predecessor-version":[{"id":10377,"href":"https:\/\/renatoalves.com.br\/blog\/wp-json\/wp\/v2\/posts\/6692\/revisions\/10377"}],"wp:featuredmedia":[{"embeddable":true,"href":"https:\/\/renatoalves.com.br\/blog\/wp-json\/wp\/v2\/media\/6696"}],"wp:attachment":[{"href":"https:\/\/renatoalves.com.br\/blog\/wp-json\/wp\/v2\/media?parent=6692"}],"wp:term":[{"taxonomy":"category","embeddable":true,"href":"https:\/\/renatoalves.com.br\/blog\/wp-json\/wp\/v2\/categories?post=6692"},{"taxonomy":"post_tag","embeddable":true,"href":"https:\/\/renatoalves.com.br\/blog\/wp-json\/wp\/v2\/tags?post=6692"}],"curies":[{"name":"wp","href":"https:\/\/api.w.org\/{rel}","templated":true}]}}