{"id":6770,"date":"2025-07-15T11:37:02","date_gmt":"2025-07-15T14:37:02","guid":{"rendered":"https:\/\/renatoalves.com.br\/blog\/?p=6770"},"modified":"2025-07-15T11:37:05","modified_gmt":"2025-07-15T14:37:05","slug":"covid-pode-causar-perda-de-memoria","status":"publish","type":"post","link":"https:\/\/renatoalves.com.br\/blog\/covid-pode-causar-perda-de-memoria\/","title":{"rendered":"Covid Pode Causar Perda de Mem\u00f3ria? Entenda os Riscos e Como Proteger Seu C\u00e9rebro"},"content":{"rendered":"\n<p>Durante a pandemia, todos n\u00f3s passamos por momentos de medo, incerteza e isolamento. Mas, entre os muitos efeitos f\u00edsicos e emocionais causados pela Covid-19, um dos mais preocupantes est\u00e1 come\u00e7ando a chamar aten\u00e7\u00e3o: <strong>a perda de mem\u00f3ria<\/strong>.<\/p>\n\n\n\n<p>Sim, mesmo depois da recupera\u00e7\u00e3o dos sintomas respirat\u00f3rios, <strong>muitos pacientes relatam dificuldade para lembrar nomes, palavras, tarefas simples do dia a dia<\/strong> \u2014 e isso n\u00e3o \u00e9 coincid\u00eancia.<\/p>\n\n\n\n<p>Neste artigo, voc\u00ea vai entender <strong>como a Covid pode afetar o c\u00e9rebro<\/strong>, o que diz a ci\u00eancia at\u00e9 agora e o que voc\u00ea pode fazer para proteger ou restaurar sua mem\u00f3ria, especialmente se voc\u00ea j\u00e1 foi infectado.<\/p>\n\n\n\n<figure class=\"wp-block-image aligncenter size-large\"><img fetchpriority=\"high\" decoding=\"async\" width=\"1024\" height=\"120\" src=\"https:\/\/renatoalves.com.br\/blog\/wp-content\/uploads\/2014\/09\/MEMORIA-BLINDADA-BANNER-BLOG-RENATO-ALVES-1024x120.png\" alt=\"banner mem\u00f3ria blindada\" class=\"wp-image-10107\" srcset=\"https:\/\/renatoalves.com.br\/blog\/wp-content\/uploads\/2014\/09\/MEMORIA-BLINDADA-BANNER-BLOG-RENATO-ALVES-1024x120.png 1024w, https:\/\/renatoalves.com.br\/blog\/wp-content\/uploads\/2014\/09\/MEMORIA-BLINDADA-BANNER-BLOG-RENATO-ALVES-300x35.png 300w, https:\/\/renatoalves.com.br\/blog\/wp-content\/uploads\/2014\/09\/MEMORIA-BLINDADA-BANNER-BLOG-RENATO-ALVES-768x90.png 768w, https:\/\/renatoalves.com.br\/blog\/wp-content\/uploads\/2014\/09\/MEMORIA-BLINDADA-BANNER-BLOG-RENATO-ALVES-1536x181.png 1536w, https:\/\/renatoalves.com.br\/blog\/wp-content\/uploads\/2014\/09\/MEMORIA-BLINDADA-BANNER-BLOG-RENATO-ALVES.png 1700w\" sizes=\"(max-width: 1024px) 100vw, 1024px\" \/><\/figure>\n\n\n\n<h3 class=\"wp-block-heading\">Relatos reais: quando a mem\u00f3ria falha ap\u00f3s a Covid<\/h3>\n\n\n\n<p>&#8220;Tive alguns momentos em que achei que ia dar ruim&#8230;&#8221; \u2014 esse \u00e9 o in\u00edcio de um relato verdadeiro de uma amiga minha, empres\u00e1ria, m\u00e3e de dois filhos, que enfrentou a Covid.<\/p>\n\n\n\n<p>Depois da cura, ela come\u00e7ou a perceber falhas cognitivas:<\/p>\n\n\n\n<ul class=\"wp-block-list\">\n<li>Dificuldade para lembrar o nome de pessoas conhecidas;<\/li>\n\n\n\n<li>Lapsos ao tentar encontrar palavras simples;<\/li>\n\n\n\n<li>Perder o foco ou esquecer o que ia fazer em um c\u00f4modo da casa.<\/li>\n<\/ul>\n\n\n\n<p>Infelizmente, <strong>esses sintomas t\u00eam se tornado cada vez mais comuns entre pacientes p\u00f3s-Covid<\/strong>. Mas o que pode estar por tr\u00e1s disso?<\/p>\n\n\n\n<h2 class=\"wp-block-heading\">O que causa a perda de mem\u00f3ria ap\u00f3s a Covid?<\/h2>\n\n\n\n<p>A rela\u00e7\u00e3o entre a Covid-19 e os <strong>sintomas neurol\u00f3gicos<\/strong> ainda est\u00e1 sendo estudada, mas os pesquisadores j\u00e1 identificaram <strong>tr\u00eas principais mecanismos<\/strong> que podem explicar o problema:<\/p>\n\n\n\n<h3 class=\"wp-block-heading\">1. <strong>Altos n\u00edveis de estresse e ansiedade durante a infec\u00e7\u00e3o<\/strong><\/h3>\n\n\n\n<p>Receber o diagn\u00f3stico de Covid-19 \u00e9, por si s\u00f3, um gatilho emocional. O medo da morte, da interna\u00e7\u00e3o ou de transmitir a doen\u00e7a aos entes queridos eleva a ansiedade a n\u00edveis extremos.<\/p>\n\n\n\n<blockquote class=\"wp-block-quote is-layout-flow wp-block-quote-is-layout-flow\">\n<p>O estresse libera <strong>cortisol<\/strong>, um horm\u00f4nio que, em excesso, <strong>prejudica a capacidade de <a href=\"https:\/\/memoriablindada.com.br\/?utm_source=Blog&amp;utm_medium=site-ofc&amp;utm_campaign=CMB&amp;utm_content=covid-pode-causar-perda-de-memoria\" target=\"_blank\" rel=\"noreferrer noopener\">concentra\u00e7\u00e3o e memoriza\u00e7\u00e3o<\/a>.<\/strong><\/p>\n<\/blockquote>\n\n\n\n<p>Sintomas como taquicardia, ins\u00f4nia e cansa\u00e7o cr\u00f4nico tamb\u00e9m afetam a fun\u00e7\u00e3o cognitiva \u2014 e podem persistir mesmo ap\u00f3s a recupera\u00e7\u00e3o.<\/p>\n\n\n\n<h3 class=\"wp-block-heading\">2. <strong>Inflama\u00e7\u00e3o no sistema nervoso central<\/strong><\/h3>\n\n\n\n<p>Estudos da UFRJ em parceria com a Queen&#8217;s University (Canad\u00e1) sugerem que o v\u00edrus <strong>pode afetar diretamente o c\u00e9rebro<\/strong>, interferindo nas conex\u00f5es entre neur\u00f4nios.<\/p>\n\n\n\n<p>Outro estudo chin\u00eas identificou que <strong>36% dos infectados apresentaram sintomas neurol\u00f3gicos.<\/strong> J\u00e1 na Fran\u00e7a, pacientes com Covid relataram <strong>confus\u00e3o mental, desorienta\u00e7\u00e3o e perda de mem\u00f3ria<\/strong>.<\/p>\n\n\n\n<h3 class=\"wp-block-heading\">3. <strong>Contra-ataque do sistema imunol\u00f3gico<\/strong><\/h3>\n\n\n\n<p>Em casos graves, o organismo ativa seu \u201cex\u00e9rcito imunol\u00f3gico\u201d para combater o v\u00edrus. Mas, mesmo ap\u00f3s vencer a batalha, <strong>as defesas continuam ativas e podem atingir tecidos saud\u00e1veis \u2014 incluindo o c\u00e9rebro.<\/strong><\/p>\n\n\n\n<p>Essa resposta exagerada pode levar \u00e0 <strong>encefalite<\/strong>, uma inflama\u00e7\u00e3o cerebral que compromete o funcionamento neurol\u00f3gico, podendo causar lapsos de mem\u00f3ria e at\u00e9 abrir caminho para doen\u00e7as como Alzheimer e Parkinson.<\/p>\n\n\n\n<h2 class=\"wp-block-heading\">Por que a perda de olfato \u00e9 um sinal de alerta?<\/h2>\n\n\n\n<p>Um dos primeiros sintomas da Covid \u00e9 a perda de olfato e paladar. Isso indica que <strong>o v\u00edrus j\u00e1 afetou o sistema nervoso<\/strong>, o que pode ser o in\u00edcio de altera\u00e7\u00f5es mais profundas no c\u00e9rebro.<\/p>\n\n\n\n<p>Esse sinal n\u00e3o deve ser ignorado. Ele refor\u00e7a a import\u00e2ncia de <strong>acompanhar pacientes mesmo ap\u00f3s a recupera\u00e7\u00e3o<\/strong>, monitorando poss\u00edveis sequelas neurol\u00f3gicas.<\/p>\n\n\n\n<h3 class=\"wp-block-heading\">O que fazer se voc\u00ea teve Covid e sente falhas de mem\u00f3ria?<\/h3>\n\n\n\n<p>Ainda n\u00e3o existem protocolos m\u00e9dicos padronizados para tratar os efeitos cognitivos da Covid. No entanto, h\u00e1 atitudes importantes que voc\u00ea pode tomar:<\/p>\n\n\n\n<ul class=\"wp-block-list\">\n<li><strong>Acompanhe seus sintomas com um neurologista.<\/strong><\/li>\n\n\n\n<li><strong>Realize exames peri\u00f3dicos<\/strong> para detectar sinais de inflama\u00e7\u00e3o no sistema nervoso.<\/li>\n\n\n\n<li><strong>Pratique exerc\u00edcios cognitivos<\/strong>, como leitura, jogos de l\u00f3gica e escrita di\u00e1ria.<\/li>\n\n\n\n<li><strong>Durma bem, alimente-se corretamente e reduza o estresse.<\/strong><\/li>\n<\/ul>\n\n\n\n<h3 class=\"wp-block-heading\">Conclus\u00e3o: mem\u00f3ria \u00e9 algo que se pode preservar \u2014 ou recuperar<\/h3>\n\n\n\n<p>A perda de mem\u00f3ria p\u00f3s-Covid <strong>\u00e9 real, preocupante e precisa ser tratada com seriedade.<\/strong><\/p>\n\n\n\n<p>A boa not\u00edcia \u00e9 que <strong>existem caminhos para blindar o c\u00e9rebro e fortalecer suas fun\u00e7\u00f5es cognitivas<\/strong>, mesmo ap\u00f3s infec\u00e7\u00f5es virais ou per\u00edodos de estresse intenso.<\/p>\n\n\n\n<p>O curso <strong><a href=\"https:\/\/memoriablindada.com.br\/?utm_source=Blog&amp;utm_medium=site-ofc&amp;utm_campaign=CMB&amp;utm_content=covid-pode-causar-perda-de-memoria\" target=\"_blank\" rel=\"noreferrer noopener\">Mem\u00f3ria Blindada<\/a><\/strong> \u00e9 um desses caminhos. Nele, compartilho t\u00e9cnicas que desenvolvi ao longo de mais de 20 anos, focadas em <strong>restaurar, proteger e ampliar a capacidade da mente.<\/strong><\/p>\n\n\n\n<p>Se voc\u00ea sente que sua mem\u00f3ria foi abalada, recomendo que conhe\u00e7a o programa. Ele pode ser o passo decisivo para <strong>recuperar sua clareza mental, confian\u00e7a e qualidade de vida.<\/strong><\/p>\n\n\n\n<blockquote class=\"wp-block-quote is-layout-flow wp-block-quote-is-layout-flow\">\n<p>Viva bem. Lembre bem.<\/p>\n\n\n\n<figure class=\"wp-block-image aligncenter size-large\"><img fetchpriority=\"high\" decoding=\"async\" width=\"1024\" height=\"120\" src=\"https:\/\/renatoalves.com.br\/blog\/wp-content\/uploads\/2014\/09\/MEMORIA-BLINDADA-BANNER-BLOG-RENATO-ALVES-1024x120.png\" alt=\"banner mem\u00f3ria blindada\" class=\"wp-image-10107\" srcset=\"https:\/\/renatoalves.com.br\/blog\/wp-content\/uploads\/2014\/09\/MEMORIA-BLINDADA-BANNER-BLOG-RENATO-ALVES-1024x120.png 1024w, https:\/\/renatoalves.com.br\/blog\/wp-content\/uploads\/2014\/09\/MEMORIA-BLINDADA-BANNER-BLOG-RENATO-ALVES-300x35.png 300w, https:\/\/renatoalves.com.br\/blog\/wp-content\/uploads\/2014\/09\/MEMORIA-BLINDADA-BANNER-BLOG-RENATO-ALVES-768x90.png 768w, https:\/\/renatoalves.com.br\/blog\/wp-content\/uploads\/2014\/09\/MEMORIA-BLINDADA-BANNER-BLOG-RENATO-ALVES-1536x181.png 1536w, https:\/\/renatoalves.com.br\/blog\/wp-content\/uploads\/2014\/09\/MEMORIA-BLINDADA-BANNER-BLOG-RENATO-ALVES.png 1700w\" sizes=\"(max-width: 1024px) 100vw, 1024px\" \/><\/figure>\n<\/blockquote>\n\n\n\n<h2 class=\"wp-block-heading\">Perguntas Frequentes<\/h2>\n\n\n\n<h3 class=\"wp-block-heading\">A perda de mem\u00f3ria causada pela Covid \u00e9 permanente?<\/h3>\n\n\n\n<p>Em muitos casos, n\u00e3o. Com acompanhamento adequado e exerc\u00edcios cognitivos, \u00e9 poss\u00edvel recuperar grande parte da fun\u00e7\u00e3o mental.<\/p>\n\n\n\n<h3 class=\"wp-block-heading\">O v\u00edrus atinge o c\u00e9rebro mesmo em casos leves?<\/h3>\n\n\n\n<p>Mesmo pacientes com sintomas leves relataram lapsos de mem\u00f3ria e confus\u00e3o mental. A resposta do organismo pode variar muito.<\/p>\n\n\n\n<h3 class=\"wp-block-heading\">O que fazer se os sintomas persistirem meses ap\u00f3s a infec\u00e7\u00e3o?<\/h3>\n\n\n\n<p>Procure acompanhamento neurol\u00f3gico e comece imediatamente a estimular seu c\u00e9rebro com leitura, exerc\u00edcios mentais e t\u00e9cnicas de concentra\u00e7\u00e3o.<\/p>\n\n\n\n<h3 class=\"wp-block-heading\">Existe risco de Alzheimer p\u00f3s-Covid?<\/h3>\n\n\n\n<p>Ainda n\u00e3o h\u00e1 consenso cient\u00edfico, mas h\u00e1 ind\u00edcios de que infec\u00e7\u00f5es virais podem acelerar processos neurodegenerativos. A preven\u00e7\u00e3o e o acompanhamento precoce s\u00e3o fundamentais.<\/p>\n\n\n\n<h2 class=\"wp-block-heading\">Veja tamb\u00e9m:<\/h2>\n\n\n\n<figure class=\"wp-block-embed is-type-rich is-provider-soundcloud wp-block-embed-soundcloud wp-embed-aspect-4-3 wp-has-aspect-ratio\"><div class=\"wp-block-embed__wrapper\">\n<iframe title=\"Covid Pode Causar Perda De Memoria? by Renato Alves Memoriza\u00e7\u00e3o\" width=\"800\" height=\"400\" scrolling=\"no\" frameborder=\"no\" src=\"https:\/\/w.soundcloud.com\/player\/?visual=true&#038;url=https%3A%2F%2Fapi.soundcloud.com%2Ftracks%2F907319845&#038;show_artwork=true&#038;maxheight=1000&#038;maxwidth=800\"><\/iframe>\n<\/div><\/figure>\n","protected":false},"excerpt":{"rendered":"<p>Dentre as pessoas curadas, chama a aten\u00e7\u00e3o o crescente n\u00famero de relatos de perda de mem\u00f3ria e dificuldades para lembrar de coisas simples como o nome de algu\u00e9m ou uma palavra para completar um racioc\u00ednio.<\/p>\n","protected":false},"author":18,"featured_media":7183,"comment_status":"open","ping_status":"open","sticky":false,"template":"","format":"standard","meta":{"footnotes":""},"categories":[264,3],"tags":[1373,1372,1371,1374],"class_list":["post-6770","post","type-post","status-publish","format-standard","has-post-thumbnail","hentry","category-saude-e-qualidade-de-vida","category-artigos","tag-coronavirus-perda-de-memoria","tag-covid-branco-na-memoria","tag-covid-causa-perda-de-memoria","tag-covid-falta-de-memoria"],"_links":{"self":[{"href":"https:\/\/renatoalves.com.br\/blog\/wp-json\/wp\/v2\/posts\/6770","targetHints":{"allow":["GET"]}}],"collection":[{"href":"https:\/\/renatoalves.com.br\/blog\/wp-json\/wp\/v2\/posts"}],"about":[{"href":"https:\/\/renatoalves.com.br\/blog\/wp-json\/wp\/v2\/types\/post"}],"author":[{"embeddable":true,"href":"https:\/\/renatoalves.com.br\/blog\/wp-json\/wp\/v2\/users\/18"}],"replies":[{"embeddable":true,"href":"https:\/\/renatoalves.com.br\/blog\/wp-json\/wp\/v2\/comments?post=6770"}],"version-history":[{"count":9,"href":"https:\/\/renatoalves.com.br\/blog\/wp-json\/wp\/v2\/posts\/6770\/revisions"}],"predecessor-version":[{"id":10375,"href":"https:\/\/renatoalves.com.br\/blog\/wp-json\/wp\/v2\/posts\/6770\/revisions\/10375"}],"wp:featuredmedia":[{"embeddable":true,"href":"https:\/\/renatoalves.com.br\/blog\/wp-json\/wp\/v2\/media\/7183"}],"wp:attachment":[{"href":"https:\/\/renatoalves.com.br\/blog\/wp-json\/wp\/v2\/media?parent=6770"}],"wp:term":[{"taxonomy":"category","embeddable":true,"href":"https:\/\/renatoalves.com.br\/blog\/wp-json\/wp\/v2\/categories?post=6770"},{"taxonomy":"post_tag","embeddable":true,"href":"https:\/\/renatoalves.com.br\/blog\/wp-json\/wp\/v2\/tags?post=6770"}],"curies":[{"name":"wp","href":"https:\/\/api.w.org\/{rel}","templated":true}]}}