{"id":678,"date":"2025-05-28T16:28:19","date_gmt":"2025-05-28T19:28:19","guid":{"rendered":"http:\/\/www.renatoalves.com.br\/blog\/?p=678"},"modified":"2025-05-28T16:37:52","modified_gmt":"2025-05-28T19:37:52","slug":"ler-sono-evitar","status":"publish","type":"post","link":"https:\/\/renatoalves.com.br\/blog\/ler-sono-evitar\/","title":{"rendered":"Ler d\u00e1 sono? Descubra como evitar a sonol\u00eancia na leitura e manter o foco"},"content":{"rendered":"\n<p>Apesar de ser comum fazer essa associa\u00e7\u00e3o, voc\u00ea sabe realmente por que ler d\u00e1 sono? Sono e leitura caminham juntos desde que Gutenberg inventou a m\u00e1quina tipogr\u00e1fica e imprimiu os primeiros livros.<\/p>\n\n\n\n<p>Para muitos leitores e estudantes, abrir um livro \u00e9 como acionar um gatilho para o bocejo. Mas existem explica\u00e7\u00f5es claras para esse fen\u00f4meno, e hoje quero te ajudar a entender as causas e, principalmente, como evit\u00e1-las.<\/p>\n\n\n\n<figure class=\"wp-block-image aligncenter size-full is-resized\"><a href=\"https:\/\/estudomemorizacao.com.br?utm_source=Blog&amp;utm_medium=site-ofc&amp;utm_campaign=CEM&amp;utm_content=ler-sono-evitar\" target=\"_blank\" rel=\" noreferrer noopener\"><img fetchpriority=\"high\" decoding=\"async\" width=\"900\" height=\"945\" src=\"https:\/\/renatoalves.com.br\/blog\/wp-content\/uploads\/2024\/08\/NOVOS-BANNERS-SITE-TOP-1-1.png\" alt=\"\" class=\"wp-image-9008\" style=\"width:372px;height:auto\" srcset=\"https:\/\/renatoalves.com.br\/blog\/wp-content\/uploads\/2024\/08\/NOVOS-BANNERS-SITE-TOP-1-1.png 900w, https:\/\/renatoalves.com.br\/blog\/wp-content\/uploads\/2024\/08\/NOVOS-BANNERS-SITE-TOP-1-1-286x300.png 286w, https:\/\/renatoalves.com.br\/blog\/wp-content\/uploads\/2024\/08\/NOVOS-BANNERS-SITE-TOP-1-1-768x806.png 768w\" sizes=\"(max-width: 900px) 100vw, 900px\" \/><\/a><\/figure>\n\n\n\n<h3 class=\"wp-block-heading\">Por que sentimos sono ao ler?<\/h3>\n\n\n\n<p>Certa vez, ouvi um especialista dizer que, para acabar com a ins\u00f4nia, bastava deitar na cama, ligar o abajur, pegar a B\u00edblia e ler alguns vers\u00edculos. Confesso que j\u00e1 testei, e funciona. Mas a explica\u00e7\u00e3o n\u00e3o est\u00e1 no texto, e sim em nosso organismo.<\/p>\n\n\n\n<p>N\u00e3o \u00e9 o livro que causa sonol\u00eancia, mas sim os neurotransmissores <strong>adenosina<\/strong> e <strong>melatonina<\/strong>. Quando acumulamos adenosina, sentimos cansa\u00e7o. E quando escurece, a melatonina aumenta, preparando o corpo para dormir.<\/p>\n\n\n\n<p>A verdadeira pergunta deve ser: o que est\u00e1 provocando o ac\u00famulo de adenosina no meu organismo?<\/p>\n\n\n\n<h3 class=\"wp-block-heading\">A postura influencia na sonol\u00eancia?<\/h3>\n\n\n\n<p>Sem d\u00favidas. Sentar-se em poltronas macias, cadeiras confort\u00e1veis ou se deitar com travesseiros macios leva ao <strong>relaxamento muscular<\/strong>, e isso convida o sono.<\/p>\n\n\n\n<p>Somado a isso, a leitura exige do c\u00e9rebro um esfor\u00e7o cognitivo que, sob essas condi\u00e7\u00f5es, pode gerar desconex\u00e3o e sonol\u00eancia. Por isso, uma t\u00e9cnica eficaz \u00e9 <strong>ler em p\u00e9<\/strong>.<\/p>\n\n\n\n<p>Sim, ao ler em p\u00e9 voc\u00ea ativa o <strong>cerebelo<\/strong>, respons\u00e1vel pelo equil\u00edbrio e postura. Isso ativa o estado de alerta. Evidentemente, n\u00e3o \u00e9 preciso ficar duas horas de p\u00e9, apenas o suficiente para espantar o sono e retomar a concentra\u00e7\u00e3o.<\/p>\n\n\n\n<h3 class=\"wp-block-heading\">Como a ilumina\u00e7\u00e3o interfere no foco?<\/h3>\n\n\n\n<p>A ilumina\u00e7\u00e3o \u00e9 decisiva. Ambientes escuros estimulam a produ\u00e7\u00e3o de melatonina. Quanto mais escuro o ambiente, mais o corpo entende que \u00e9 hora de dormir.<\/p>\n\n\n\n<p>Mantenha sempre o ambiente <strong>bem iluminado<\/strong>. E atente-se \u00e0 posi\u00e7\u00e3o da luz: o ideal \u00e9 que ela venha da <strong>esquerda para a direita<\/strong>, evitando sombras sobre o livro.<\/p>\n\n\n\n<h3 class=\"wp-block-heading\">Problemas de vis\u00e3o podem causar sono ao ler?<\/h3>\n\n\n\n<p>Sim. A leitura exige muito dos <strong>m\u00fasculos ciliares<\/strong>, que controlam o foco da vis\u00e3o. Quando o texto \u00e9 pequeno ou mal iluminado, for\u00e7amos a vista, gerando <strong>fadiga visual<\/strong>, que por sua vez desencadeia sonol\u00eancia.<\/p>\n\n\n\n<p>A solu\u00e7\u00e3o \u00e9 simples: boa ilumina\u00e7\u00e3o, textos com fonte adequada e, se necess\u00e1rio, uma visita ao oftalmologista.<\/p>\n\n\n\n<h3 class=\"wp-block-heading\">Existe um hor\u00e1rio melhor para ler?<\/h3>\n\n\n\n<p>Sim. Ler \u00e0 noite, ap\u00f3s um dia exaustivo, deitado na cama \u00e9 um convite ao sono. Em vez disso, experimente <strong>dormir cedo e acordar uma hora mais cedo<\/strong> para ler. Ap\u00f3s uma boa noite de sono, a mente est\u00e1 alerta e mais apta a reter informa\u00e7\u00f5es.<\/p>\n\n\n\n<p>Se precisar ler \u00e0 noite, mantenha a boa ilumina\u00e7\u00e3o e fique em p\u00e9 por alguns minutos at\u00e9 que o sono passe.<\/p>\n\n\n\n<h3 class=\"wp-block-heading\">E quando o assunto n\u00e3o \u00e9 interessante?<\/h3>\n\n\n\n<p>O desinteresse \u00e9 um dos maiores inimigos da leitura produtiva. Quando o c\u00e9rebro entende que o conte\u00fado \u00e9 irrelevante, ele tende a <strong>desligar<\/strong>.<\/p>\n\n\n\n<p>Em meu <a href=\"https:\/\/estudomemorizacao.com.br\" target=\"_blank\" rel=\"noreferrer noopener\">Curso de Memoriza\u00e7\u00e3o e Concentra\u00e7\u00e3o <\/a>costumo dizer: <strong>n\u00e3o existe assunto desinteressante, existe estudante desmotivado<\/strong>.<\/p>\n\n\n\n<p>A chave \u00e9 mudar a abordagem: conecte o conte\u00fado ao seu objetivo, visualize a utilidade pr\u00e1tica daquilo e d\u00ea um significado pessoal \u00e0 leitura.<\/p>\n\n\n\n<h3 class=\"wp-block-heading\">Como manter o foco mesmo com sono?<\/h3>\n\n\n\n<p>O sono durante a leitura \u00e9 uma resposta f\u00edsica a v\u00e1rios fatores externos. Ao ajustar o ambiente, postura, ilumina\u00e7\u00e3o e motiva\u00e7\u00e3o, voc\u00ea afasta naturalmente o sono e melhora o foco.<\/p>\n\n\n\n<p>Como escrevi em meu livro &#8220;N\u00e3o Pergunte se Ele Estudou&#8221; (2007), antes de abrir um livro, verifique se est\u00e1 tudo conforme as <strong>regras do foco e da concentra\u00e7\u00e3o<\/strong>.<\/p>\n\n\n\n<p><strong>Quer aprender t\u00e9cnicas avan\u00e7adas para ter foco absoluto na leitura e aprender mais em menos tempo?<\/strong> Conhe\u00e7a <a href=\"https:\/\/estudomemorizacao.com.br?utm_source=Blog&amp;utm_medium=site-ofc&amp;utm_campaign=CEM&amp;utm_content=ler-sono-evitar\" target=\"_blank\" rel=\"noreferrer noopener\">meus Cursos de Memoriza\u00e7\u00e3o e Aprendizado<\/a>. Eles j\u00e1 ajudaram milhares de pessoas a transformar o ato de estudar em um verdadeiro prazer e voc\u00ea pode come\u00e7ar hoje mesmo.<\/p>\n\n\n\n<blockquote class=\"wp-block-quote is-layout-flow wp-block-quote-is-layout-flow\">\n<blockquote class=\"wp-block-quote is-layout-flow wp-block-quote-is-layout-flow\">\n<p class=\"has-text-align-center\"><a href=\"https:\/\/estudomemorizacao.com.br?utm_source=Blog&amp;utm_medium=site-ofc&amp;utm_campaign=CEM&amp;utm_content=ler-sono-evitar\" target=\"_blank\" rel=\"noreferrer noopener\">[Clique aqui e comece agora gratuitamente] &lt;&lt;<\/a><\/p>\n\n\n\n<figure class=\"wp-block-image aligncenter size-full is-resized\"><a href=\"https:\/\/estudomemorizacao.com.br?utm_source=Blog&amp;utm_medium=site-ofc&amp;utm_campaign=CEM&amp;utm_content=ler-sono-evitar\" target=\"_blank\" rel=\" noreferrer noopener\"><img decoding=\"async\" width=\"900\" height=\"945\" src=\"https:\/\/renatoalves.com.br\/blog\/wp-content\/uploads\/2024\/08\/NOVOS-BANNERS-SITE-TOP-1-1.png\" alt=\"\" class=\"wp-image-9008\" style=\"width:279px;height:auto\" srcset=\"https:\/\/renatoalves.com.br\/blog\/wp-content\/uploads\/2024\/08\/NOVOS-BANNERS-SITE-TOP-1-1.png 900w, https:\/\/renatoalves.com.br\/blog\/wp-content\/uploads\/2024\/08\/NOVOS-BANNERS-SITE-TOP-1-1-286x300.png 286w, https:\/\/renatoalves.com.br\/blog\/wp-content\/uploads\/2024\/08\/NOVOS-BANNERS-SITE-TOP-1-1-768x806.png 768w\" sizes=\"(max-width: 900px) 100vw, 900px\" \/><\/a><\/figure>\n\n\n\n<h3 class=\"wp-block-heading\">Perguntas Frequentes (FAQs)<\/h3>\n\n\n\n<p><strong>Ler realmente d\u00e1 sono ou \u00e9 s\u00f3 impress\u00e3o?<\/strong><br>A sonol\u00eancia ao ler est\u00e1 mais ligada a fatores como postura, ilumina\u00e7\u00e3o e cansa\u00e7o acumulado do que ao ato de ler em si.<\/p>\n\n\n\n<p><strong>Existe uma posi\u00e7\u00e3o ideal para ler e manter o foco?<\/strong><br>Sim. A leitura em p\u00e9, por exemplo, ativa regi\u00f5es do c\u00e9rebro respons\u00e1veis pela aten\u00e7\u00e3o e reduz a sonol\u00eancia.<\/p>\n\n\n\n<p><strong>Qual tipo de luz \u00e9 melhor para ler \u00e0 noite sem sentir sono?<\/strong><br>Luz branca fria e direta sobre o material de leitura \u00e9 ideal, preferencialmente vindo da esquerda para a direita.<\/p>\n\n\n\n<p><strong>Como posso me interessar por textos que considero chatos?<\/strong><br>Associe o conte\u00fado aos seus objetivos, imagine como aquele conhecimento ser\u00e1 \u00fatil em sua vida pr\u00e1tica e mantenha uma atitude ativa.<\/p>\n\n\n\n<p><strong>O que fazer se eu s\u00f3 consigo tempo para ler \u00e0 noite?<\/strong><br>Mantenha o ambiente bem iluminado, leia sentado com postura firme ou de p\u00e9 por alguns minutos. Evite ler deitado na cama.<\/p>\n<\/blockquote>\n<\/blockquote>\n\n\n\n<figure class=\"wp-block-embed is-type-video is-provider-youtube wp-block-embed-youtube wp-embed-aspect-16-9 wp-has-aspect-ratio\"><div class=\"wp-block-embed__wrapper\">\n<iframe title=\"Como evitar o SONO durante os ESTUDOS | Renato Alves\" width=\"800\" height=\"450\" src=\"https:\/\/www.youtube.com\/embed\/-Egjd6XgvZU?feature=oembed\" frameborder=\"0\" allow=\"accelerometer; autoplay; clipboard-write; encrypted-media; gyroscope; picture-in-picture; web-share\" referrerpolicy=\"strict-origin-when-cross-origin\" allowfullscreen><\/iframe>\n<\/div><\/figure>\n\n\n\n<figure class=\"wp-block-image aligncenter\"><img decoding=\"async\" width=\"2560\" height=\"301\" src=\"https:\/\/renatoalves.com.br\/blog\/wp-content\/uploads\/2014\/10\/Banner-fast.png\" alt=\"\" class=\"wp-image-6036\" srcset=\"https:\/\/renatoalves.com.br\/blog\/wp-content\/uploads\/2014\/10\/Banner-fast.png 2560w, https:\/\/renatoalves.com.br\/blog\/wp-content\/uploads\/2014\/10\/Banner-fast-300x35.png 300w, https:\/\/renatoalves.com.br\/blog\/wp-content\/uploads\/2014\/10\/Banner-fast-768x90.png 768w, https:\/\/renatoalves.com.br\/blog\/wp-content\/uploads\/2014\/10\/Banner-fast-1024x120.png 1024w, https:\/\/renatoalves.com.br\/blog\/wp-content\/uploads\/2014\/10\/Banner-fast-610x72.png 610w\" sizes=\"(max-width: 2560px) 100vw, 2560px\" \/><\/figure>\n\n\n\n<p class=\"has-text-align-center\"><a href=\"\/\/renatoalves.com.br\/depoimentos.html\">\u00bb Assista alguns depoimentos de alunos do curso&nbsp;\u00ab<\/a><\/p>\n\n\n\n<p>&nbsp;<\/p>\n\n\n\n<p>&nbsp;<\/p>\n\n\n\n<p><\/p>\n","protected":false},"excerpt":{"rendered":"<p>Sono e leitura s\u00e3o bons amigos desde que Gutenberg inventou a m\u00e1quina tipogr\u00e1fica. Quando escrevi o livro <a href=\"https:\/\/www.humanoeditora.com.br\/o-segredo-dos-genios-p52\">O Segredo dos G\u00eanios<\/a> tratei do tema sono na leitura entrevistando muitos estudantes que se queixavam desse problema. Para muitos deles o ato de abrir o livro desencadeava imediatamente o ato de abrir a boca. Existem algumas explica\u00e7\u00f5es para sentirmos sono durante a leitura e gostaria de ajud\u00e1-lo a entender as causas.<\/p>\n","protected":false},"author":24,"featured_media":928,"comment_status":"open","ping_status":"open","sticky":false,"template":"","format":"standard","meta":{"footnotes":""},"categories":[262,263],"tags":[204,68,76,77,74,208],"class_list":["post-678","post","type-post","status-publish","format-standard","has-post-thumbnail","hentry","category-estudo-e-desenvolvimento","category-leitura-e-leitura-dinamica","tag-curso-fast-read","tag-curso-renato-alves","tag-leitura-dinamica","tag-leitura-rapida","tag-metodo-renato-alves","tag-sono-na-leitura"],"_links":{"self":[{"href":"https:\/\/renatoalves.com.br\/blog\/wp-json\/wp\/v2\/posts\/678","targetHints":{"allow":["GET"]}}],"collection":[{"href":"https:\/\/renatoalves.com.br\/blog\/wp-json\/wp\/v2\/posts"}],"about":[{"href":"https:\/\/renatoalves.com.br\/blog\/wp-json\/wp\/v2\/types\/post"}],"author":[{"embeddable":true,"href":"https:\/\/renatoalves.com.br\/blog\/wp-json\/wp\/v2\/users\/24"}],"replies":[{"embeddable":true,"href":"https:\/\/renatoalves.com.br\/blog\/wp-json\/wp\/v2\/comments?post=678"}],"version-history":[{"count":8,"href":"https:\/\/renatoalves.com.br\/blog\/wp-json\/wp\/v2\/posts\/678\/revisions"}],"predecessor-version":[{"id":10123,"href":"https:\/\/renatoalves.com.br\/blog\/wp-json\/wp\/v2\/posts\/678\/revisions\/10123"}],"wp:featuredmedia":[{"embeddable":true,"href":"https:\/\/renatoalves.com.br\/blog\/wp-json\/wp\/v2\/media\/928"}],"wp:attachment":[{"href":"https:\/\/renatoalves.com.br\/blog\/wp-json\/wp\/v2\/media?parent=678"}],"wp:term":[{"taxonomy":"category","embeddable":true,"href":"https:\/\/renatoalves.com.br\/blog\/wp-json\/wp\/v2\/categories?post=678"},{"taxonomy":"post_tag","embeddable":true,"href":"https:\/\/renatoalves.com.br\/blog\/wp-json\/wp\/v2\/tags?post=678"}],"curies":[{"name":"wp","href":"https:\/\/api.w.org\/{rel}","templated":true}]}}