{"id":683,"date":"2025-06-03T14:40:17","date_gmt":"2025-06-03T17:40:17","guid":{"rendered":"http:\/\/www.renatoalves.com.br\/blog\/?p=683"},"modified":"2025-06-03T14:40:24","modified_gmt":"2025-06-03T17:40:24","slug":"pessoas-que-pensam-rapido","status":"publish","type":"post","link":"https:\/\/renatoalves.com.br\/blog\/pessoas-que-pensam-rapido\/","title":{"rendered":"Descubra Como Pensar R\u00e1pido: O Poder da Mem\u00f3ria Treinada"},"content":{"rendered":"\n<p>Voc\u00ea j\u00e1 se perguntou por que algumas pessoas t\u00eam respostas r\u00e1pidas, ideias geniais e solu\u00e7\u00f5es \u00e0 m\u00e3o como num passe de m\u00e1gica? Ser\u00e1 isso um dom inato ou existe um caminho poss\u00edvel para desenvolver essa agilidade mental? A resposta \u00e9 clara: <strong>pessoas que pensam r\u00e1pido utilizam, de forma eficiente, a mem\u00f3ria que treinam constantemente<\/strong>.<\/p>\n\n\n\n<p>Em tempos de excesso de informa\u00e7\u00e3o e depend\u00eancia tecnol\u00f3gica, \u00e9 comum recorrermos a dispositivos eletr\u00f4nicos para lembrar do que aprendemos. Mas <strong>conhecimento s\u00f3 \u00e9 \u00fatil quando est\u00e1 pronto para ser acessado<\/strong>, de forma r\u00e1pida, segura e aut\u00f4noma. Por isso, o melhor lugar para armazenar informa\u00e7\u00e3o \u00e9 a mem\u00f3ria.<\/p>\n\n\n\n<figure class=\"wp-block-image size-large\"><a href=\"https:\/\/memoriablindada.com.br\/?utm_source=Blog&amp;utm_medium=pv-cmb&amp;utm_campaign=CMB&amp;utm_content=pessoas-que-pensam-rapido\" target=\"_blank\" rel=\" noreferrer noopener\"><img fetchpriority=\"high\" decoding=\"async\" width=\"1024\" height=\"120\" src=\"https:\/\/renatoalves.com.br\/blog\/wp-content\/uploads\/2014\/09\/MEMORIA-BLINDADA-BANNER-BLOG-RENATO-ALVES-1024x120.png\" alt=\"banner mem\u00f3ria blindada\" class=\"wp-image-10107\" srcset=\"https:\/\/renatoalves.com.br\/blog\/wp-content\/uploads\/2014\/09\/MEMORIA-BLINDADA-BANNER-BLOG-RENATO-ALVES-1024x120.png 1024w, https:\/\/renatoalves.com.br\/blog\/wp-content\/uploads\/2014\/09\/MEMORIA-BLINDADA-BANNER-BLOG-RENATO-ALVES-300x35.png 300w, https:\/\/renatoalves.com.br\/blog\/wp-content\/uploads\/2014\/09\/MEMORIA-BLINDADA-BANNER-BLOG-RENATO-ALVES-768x90.png 768w, https:\/\/renatoalves.com.br\/blog\/wp-content\/uploads\/2014\/09\/MEMORIA-BLINDADA-BANNER-BLOG-RENATO-ALVES-1536x181.png 1536w, https:\/\/renatoalves.com.br\/blog\/wp-content\/uploads\/2014\/09\/MEMORIA-BLINDADA-BANNER-BLOG-RENATO-ALVES.png 1700w\" sizes=\"(max-width: 1024px) 100vw, 1024px\" \/><\/a><\/figure>\n\n\n\n<p><strong>Conhecimento sem uso \u00e9 como um navio cheio de ouro naufragado no fundo do mar.<\/strong> Essa imagem representa exatamente o que acontece quando confiamos exclusivamente em mem\u00f3rias artificiais. Me recordo da \u00e9poca em que gravava meus trabalhos de faculdade em disquetes de 1.44MB da Verbatim. Lembra deles? Certo dia perdi tudo e tirei zero em uma apresenta\u00e7\u00e3o. Foi quando decidi que precisava confiar mais em minha pr\u00f3pria mem\u00f3ria.<\/p>\n\n\n\n<p>Mergulhei em livros e semin\u00e1rios sobre t\u00e9cnicas de memoriza\u00e7\u00e3o. O resultado? Em 2006 fui homologado pelo livro dos recordes como o <strong><a href=\"https:\/\/www.instagram.com\/renatoalves.real\/\" target=\"_blank\" rel=\"noreferrer noopener\">Homem com a Melhor Mem\u00f3ria do Brasil<\/a><\/strong>. Veja que aud\u00e1cia: um sujeito esquecido, que melhorou tanto a mem\u00f3ria a ponto de se tornar recordista nacional.<\/p>\n\n\n\n<p>Talvez voc\u00ea j\u00e1 tenha me visto em programas como Fant\u00e1stico, Mais Voc\u00ea da Globo, Manh\u00e3 Maior, ou recentemente na RTP de Portugal. N\u00e3o apenas como especialista, mas como exemplo real de transforma\u00e7\u00e3o pessoal.<\/p>\n\n\n\n<p>Hoje, como preparador mnem\u00f4nico, acompanho artistas, empres\u00e1rios, pol\u00edticos, concurseiros e estudantes que, ao aplicarem meu m\u00e9todo, <strong>dobraram a capacidade de foco, concentra\u00e7\u00e3o e passaram a confiar integralmente em suas mem\u00f3rias<\/strong>.<\/p>\n\n\n\n<p>E voc\u00ea? J\u00e1 parou para pensar de onde surgem as ideias mais r\u00e1pidas e solu\u00e7\u00f5es brilhantes? N\u00e3o v\u00ea essas pessoas consultando um celular antes de falarem algo genial. Elas acessam o <strong>processador mais r\u00e1pido e seguro que existe: a mem\u00f3ria humana<\/strong>.<\/p>\n\n\n\n<h3 class=\"wp-block-heading\">A Rela\u00e7\u00e3o Entre Mem\u00f3ria e Velocidade de Pensamento<\/h3>\n\n\n\n<p>Estudos mostram que a capacidade de pensar rapidamente est\u00e1 diretamente relacionada ao treinamento da mem\u00f3ria e ao fortalecimento das conex\u00f5es neurais. Segundo pesquisadores da Universidade de Cambridge, atividades como leitura ativa, revis\u00e3o espa\u00e7ada e associa\u00e7\u00f5es mentais melhoram o tempo de resposta cognitiva.<\/p>\n\n\n\n<h3 class=\"wp-block-heading\">Minha Jornada: De Esquecido a Recordista de Mem\u00f3ria<\/h3>\n\n\n\n<p>A mem\u00f3ria \u00e9 como um m\u00fasculo: quanto mais voc\u00ea exercita, mais forte e r\u00e1pida ela se torna. Eu sou prova disso. O que parecia um ponto fraco transformou-se em minha maior for\u00e7a. N\u00e3o foi dom. Foi t\u00e9cnica, dedica\u00e7\u00e3o e treino.<\/p>\n\n\n\n<h3 class=\"wp-block-heading\">T\u00e9cnicas para Treinar a Mem\u00f3ria e Pensar Mais R\u00e1pido<\/h3>\n\n\n\n<ul class=\"wp-block-list\">\n<li>Leitura ativa com anota\u00e7\u00f5es mentais<\/li>\n\n\n\n<li>Exerc\u00edcios de revis\u00e3o espa\u00e7ada<\/li>\n\n\n\n<li><a href=\"https:\/\/renatoalves.com.br\/blog\/como-fazer-mapa-mental\/\" target=\"_blank\" rel=\"noreferrer noopener\">Cria\u00e7\u00e3o de mapas mentais <\/a>e associa\u00e7\u00f5es visuais<\/li>\n\n\n\n<li>Est\u00edmulo atrav\u00e9s de quebra-cabe\u00e7as, jogos de l\u00f3gica e idiomas<\/li>\n\n\n\n<li>Sono de qualidade e alimenta\u00e7\u00e3o neuroprotetora<\/li>\n<\/ul>\n\n\n\n<h3 class=\"wp-block-heading\">Depoimentos de Alunos que Transformaram Suas Vidas<\/h3>\n\n\n\n<p>&#8220;Gra\u00e7as ao <a href=\"https:\/\/memoriablindada.com.br\/?utm_source=Blog&amp;utm_medium=pv-cmb&amp;utm_campaign=CMB&amp;utm_content=pessoas-que-pensam-rapido\" target=\"_blank\" rel=\"noreferrer noopener\">curso Mem\u00f3ria Blindada<\/a>, n\u00e3o esque\u00e7o mais as respostas nas provas! Pensei que pensar r\u00e1pido fosse dom de g\u00eanio, mas era m\u00e9todo!&#8221; \u2013 Amanda S., concurseira.<\/p>\n\n\n\n<p>&#8220;Aplico as t\u00e9cnicas no meu trabalho e os resultados est\u00e3o vis\u00edveis. Tomo decis\u00f5es mais r\u00e1pidas e eficazes.&#8221; \u2013 Roberto M., gestor.<\/p>\n\n\n\n<p>Gostou das dicas? Que tal coloca-las em pr\u00e1tica agora mesmo?\u00a0N\u00e3o esque\u00e7a de deixar seu coment\u00e1rio aqui abaixo e aproveite para conhecer o <a href=\"https:\/\/memoriablindada.com.br\/?utm_source=Blog&amp;utm_medium=pv-cmb&amp;utm_campaign=CMB&amp;utm_content=pessoas-que-pensam-rapido\" target=\"_blank\" rel=\"noreferrer noopener\">meu\u00a0<span class=\"s1\">curso\u00a0Mem\u00f3ria Blindada<\/span><\/a><span class=\"s1\">\u00a0no treinamento eu ensino\u00a0a\u00a0aplica\u00e7\u00e3o pr\u00e1tica da memoriza\u00e7\u00e3o\u00a0no\u00a0dia a dia.<\/span><\/p>\n\n\n\n<p><span class=\"s1\">Nas&nbsp;videoaulas on-line eu explicado de maneira simples e objetiva, todas as estrat\u00e9gias que utilizo para n\u00e3o esquecer de nada. Definitivamente \u00e9 sua hora de ter uma mem\u00f3ria mais jovem, forte e confi\u00e1vel<\/span>:<\/p>\n\n\n\n<p class=\"has-text-align-center p1\"><a href=\"\/\/renatoalves.com.br\/depoimentos.html\">\u00bb Clique Aqui&nbsp;e assista alguns depoimentos de alunos do curso&nbsp;\u00ab<\/a><\/p>\n\n\n\n<p class=\"p1\"><span class=\"s1\">Adquira agora mesmo o <a href=\"https:\/\/memoriablindada.com.br\/?utm_source=Blog&amp;utm_medium=pv-cmb&amp;utm_campaign=CMB&amp;utm_content=pessoas-que-pensam-rapido\" target=\"_blank\" rel=\"noreferrer noopener\">curso\u00a0Mem\u00f3ria Blindada<\/a>, como incentivo e por acreditar\u00a0<\/span>tanto na efici\u00eancia do meu m\u00e9todo, al\u00e9m dos b\u00f4nus eu ainda lhe ofere\u00e7o uma garantia mais que especial.<\/p>\n\n\n\n<p class=\"p1\">Se em 7 dias, ap\u00f3s aplicar o m\u00e9todo, voc\u00ea\u00a0 n\u00e3o notar melhoras, eu assumo total responsabilidade e devolverei 100% do seu investimento.\u00a0Dessa forma voc\u00ea n\u00e3o corre nenhum risco. O que voc\u00ea acha?\u00a0<a href=\"https:\/\/memoriablindada.com.br\/?utm_source=Blog&amp;utm_medium=pv-cmb&amp;utm_campaign=CMB&amp;utm_content=pessoas-que-pensam-rapido\" target=\"_blank\" rel=\"noreferrer noopener\">Clique aqui e comece agora mesmo o treinamento!<\/a><\/p>\n\n\n\n<p><a href=\"https:\/\/www.facebook.com\/RenatoAlvesOficial\">Curta e siga a minha fanpage no Facebook<\/a>&nbsp;e tamb\u00e9m&nbsp;<a href=\"http:\/\/www.youtube.com\/videosmemoria\/videos?sub_confirmation=1\">inscreva-se no meu canal no Youtube<\/a>.<\/p>\n\n\n\n<p><em><strong>Renato Alves<\/strong>&nbsp;\u00e9 escritor, pesquisador e primeiro brasileiro a receber o t\u00edtulo oficial de melhor mem\u00f3ria do Brasil. Autor de um m\u00e9todo patenteado de memoriza\u00e7\u00e3o que ganhou reconhecimento nacional e j\u00e1 est\u00e1 presente em mais de 100 pa\u00edses.<\/em><\/p>\n\n\n\n<figure class=\"wp-block-image size-large\"><a href=\"https:\/\/memoriablindada.com.br\/?utm_source=Blog&amp;utm_medium=pv-cmb&amp;utm_campaign=CMB&amp;utm_content=pessoas-que-pensam-rapido\" target=\"_blank\" rel=\" noreferrer noopener\"><img fetchpriority=\"high\" decoding=\"async\" width=\"1024\" height=\"120\" src=\"https:\/\/renatoalves.com.br\/blog\/wp-content\/uploads\/2014\/09\/MEMORIA-BLINDADA-BANNER-BLOG-RENATO-ALVES-1024x120.png\" alt=\"banner mem\u00f3ria blindada\" class=\"wp-image-10107\" srcset=\"https:\/\/renatoalves.com.br\/blog\/wp-content\/uploads\/2014\/09\/MEMORIA-BLINDADA-BANNER-BLOG-RENATO-ALVES-1024x120.png 1024w, https:\/\/renatoalves.com.br\/blog\/wp-content\/uploads\/2014\/09\/MEMORIA-BLINDADA-BANNER-BLOG-RENATO-ALVES-300x35.png 300w, https:\/\/renatoalves.com.br\/blog\/wp-content\/uploads\/2014\/09\/MEMORIA-BLINDADA-BANNER-BLOG-RENATO-ALVES-768x90.png 768w, https:\/\/renatoalves.com.br\/blog\/wp-content\/uploads\/2014\/09\/MEMORIA-BLINDADA-BANNER-BLOG-RENATO-ALVES-1536x181.png 1536w, https:\/\/renatoalves.com.br\/blog\/wp-content\/uploads\/2014\/09\/MEMORIA-BLINDADA-BANNER-BLOG-RENATO-ALVES.png 1700w\" sizes=\"(max-width: 1024px) 100vw, 1024px\" \/><\/a><\/figure>\n\n\n\n<h3 class=\"wp-block-heading\">Perguntas Frequentes (FAQ)<\/h3>\n\n\n\n<p><strong>\u00c9 poss\u00edvel treinar a mem\u00f3ria para pensar mais r\u00e1pido?<\/strong><br>Sim. T\u00e9cnicas espec\u00edficas de memorizac\u00e3o e exerc\u00edcios cognitivos aumentam a velocidade de processamento mental.<\/p>\n\n\n\n<p><strong>Quais atividades ajudam a melhorar a mem\u00f3ria?<\/strong><br>Leitura regular, jogos de l\u00f3gica, pr\u00e1tica de idiomas, sono de qualidade e alimenta\u00e7\u00e3o adequada.<\/p>\n\n\n\n<p><strong>O curso Mem\u00f3ria Blindada \u00e9 indicado para quem?<\/strong><br>Para qualquer pessoa que deseje melhorar a mem\u00f3ria, o foco e a agilidade de pensamento: estudantes, profissionais, concurseiros e idosos.<\/p>\n\n\n\n<p><\/p>\n","protected":false},"excerpt":{"rendered":"<p>Conhecimento sem uso \u00e9 como um navio cheio de ouro naufragado no fundo do mar. E \u00e9 isso que fazemos quando gravamos o que conhecemos em mem\u00f3rias artificiais. Eu adorava gravar meus trabalhos de faculdade nos disquetes de 1.44 da Verbatim. Lembra deles? O dia em que eu perdi tudo e tirei ZERO na minha apresenta\u00e7\u00e3o decidi que precisava confiar mais em minha mem\u00f3ria.<\/p>\n","protected":false},"author":24,"featured_media":915,"comment_status":"open","ping_status":"open","sticky":false,"template":"","format":"standard","meta":{"footnotes":""},"categories":[262,3],"tags":[41,145,56,62,44,46,212,98,64,29,24,42,74,55,95,63],"class_list":["post-683","post","type-post","status-publish","format-standard","has-post-thumbnail","hentry","category-estudo-e-desenvolvimento","category-artigos","tag-alzheimer","tag-boa-memoria","tag-branco-na-memoria","tag-campeonato-mundial-de-memoria-rio","tag-concentracao","tag-curso-de-memorizacao-online","tag-curso-memoria-blindada","tag-curso-online-renato-alves","tag-foco-no-trabalho","tag-memoria","tag-memoria-envelhece","tag-memorizacao","tag-metodo-renato-alves","tag-renato-alves","tag-renato-alves-memorizacao","tag-world-champion-memory-rio"],"_links":{"self":[{"href":"https:\/\/renatoalves.com.br\/blog\/wp-json\/wp\/v2\/posts\/683","targetHints":{"allow":["GET"]}}],"collection":[{"href":"https:\/\/renatoalves.com.br\/blog\/wp-json\/wp\/v2\/posts"}],"about":[{"href":"https:\/\/renatoalves.com.br\/blog\/wp-json\/wp\/v2\/types\/post"}],"author":[{"embeddable":true,"href":"https:\/\/renatoalves.com.br\/blog\/wp-json\/wp\/v2\/users\/24"}],"replies":[{"embeddable":true,"href":"https:\/\/renatoalves.com.br\/blog\/wp-json\/wp\/v2\/comments?post=683"}],"version-history":[{"count":3,"href":"https:\/\/renatoalves.com.br\/blog\/wp-json\/wp\/v2\/posts\/683\/revisions"}],"predecessor-version":[{"id":10144,"href":"https:\/\/renatoalves.com.br\/blog\/wp-json\/wp\/v2\/posts\/683\/revisions\/10144"}],"wp:featuredmedia":[{"embeddable":true,"href":"https:\/\/renatoalves.com.br\/blog\/wp-json\/wp\/v2\/media\/915"}],"wp:attachment":[{"href":"https:\/\/renatoalves.com.br\/blog\/wp-json\/wp\/v2\/media?parent=683"}],"wp:term":[{"taxonomy":"category","embeddable":true,"href":"https:\/\/renatoalves.com.br\/blog\/wp-json\/wp\/v2\/categories?post=683"},{"taxonomy":"post_tag","embeddable":true,"href":"https:\/\/renatoalves.com.br\/blog\/wp-json\/wp\/v2\/tags?post=683"}],"curies":[{"name":"wp","href":"https:\/\/api.w.org\/{rel}","templated":true}]}}