{"id":686,"date":"2025-06-03T14:58:23","date_gmt":"2025-06-03T17:58:23","guid":{"rendered":"http:\/\/www.renatoalves.com.br\/blog\/?p=686"},"modified":"2025-06-03T14:58:54","modified_gmt":"2025-06-03T17:58:54","slug":"7-dicas-para-voce-se-concentrar","status":"publish","type":"post","link":"https:\/\/renatoalves.com.br\/blog\/7-dicas-para-voce-se-concentrar\/","title":{"rendered":"7 Estrat\u00e9gias Comprovadas para Melhorar Sua Concentra\u00e7\u00e3o em 2025"},"content":{"rendered":"\n<p>Ele tinha mais de dois empregos, passava o dia se deslocando, interagindo com pessoas, resolvendo problemas, enviando mensagens curtas, dormindo pouco e enfrentando um casamento conturbado. Dif\u00edcil se concentrar assim, n\u00e3o \u00e9?<\/p>\n\n\n\n<p>Talvez voc\u00ea conhe\u00e7a algu\u00e9m com uma rotina parecida. Essa pessoa consegue se concentrar?<\/p>\n\n\n\n<figure class=\"wp-block-image size-large\"><a href=\"https:\/\/memoriablindada.com.br\/?utm_source=Blog&amp;utm_medium=pv-cmb&amp;utm_campaign=CMB&amp;utm_content=7-dicas-para-voce-se-concentrar\" target=\"_blank\" rel=\" noreferrer noopener\"><img fetchpriority=\"high\" decoding=\"async\" width=\"1024\" height=\"120\" src=\"https:\/\/renatoalves.com.br\/blog\/wp-content\/uploads\/2014\/09\/MEMORIA-BLINDADA-BANNER-BLOG-RENATO-ALVES-1024x120.png\" alt=\"banner mem\u00f3ria blindada\" class=\"wp-image-10107\" srcset=\"https:\/\/renatoalves.com.br\/blog\/wp-content\/uploads\/2014\/09\/MEMORIA-BLINDADA-BANNER-BLOG-RENATO-ALVES-1024x120.png 1024w, https:\/\/renatoalves.com.br\/blog\/wp-content\/uploads\/2014\/09\/MEMORIA-BLINDADA-BANNER-BLOG-RENATO-ALVES-300x35.png 300w, https:\/\/renatoalves.com.br\/blog\/wp-content\/uploads\/2014\/09\/MEMORIA-BLINDADA-BANNER-BLOG-RENATO-ALVES-768x90.png 768w, https:\/\/renatoalves.com.br\/blog\/wp-content\/uploads\/2014\/09\/MEMORIA-BLINDADA-BANNER-BLOG-RENATO-ALVES-1536x181.png 1536w, https:\/\/renatoalves.com.br\/blog\/wp-content\/uploads\/2014\/09\/MEMORIA-BLINDADA-BANNER-BLOG-RENATO-ALVES.png 1700w\" sizes=\"(max-width: 1024px) 100vw, 1024px\" \/><\/a><\/figure>\n\n\n\n<p>O personagem dessa descri\u00e7\u00e3o \u00e9 Thomas Edison, o inventor da l\u00e2mpada el\u00e9trica e de mais de duas mil patentes. Edison nasceu em 1847 e usava o tel\u00e9grafo para enviar mensagens. Isso nos mostra que <strong>a dificuldade de concentra\u00e7\u00e3o n\u00e3o \u00e9 uma exclusividade da era digital<\/strong>.<\/p>\n\n\n\n<p>Hoje, vivemos num ambiente muito mais estimulante do que na \u00e9poca de Edison. Uma crian\u00e7a com um tablet recebe mais informa\u00e7\u00e3o por minuto do que um europeu do s\u00e9culo XIX via durante toda a vida.<\/p>\n\n\n\n<p>Redes sociais, games, streaming, grupos de WhatsApp, notifica\u00e7\u00f5es incessantes. Tudo isso compete pela nossa aten\u00e7\u00e3o. Mas Edison provou que \u00e9 poss\u00edvel se concentrar e produzir resultados extraordin\u00e1rios. Ele se isolou, direcionou o foco, e fez hist\u00f3ria.<\/p>\n\n\n\n<p>Eu mesmo, no in\u00edcio da carreira, tentava dar aulas sobre v\u00e1rios temas. Achava que isso era produtividade, mas o resultado foi nulo. Ao ler a biografia de Edison, compreendi que precisava <strong>me concentrar em um \u00fanico tema<\/strong>:<a href=\"https:\/\/renatoalves.com.br\/blog\/pessoas-que-pensam-rapido\/\" target=\"_blank\" rel=\"noreferrer noopener\"> a mem\u00f3ria<\/a>. A partir dali, estudei, desenvolvi m\u00e9todos, tornei-me recordista brasileiro e criei o curso mais requisitado do pa\u00eds sobre memoriza\u00e7\u00e3o.<\/p>\n\n\n\n<p><strong>Quando concentramos energia em um \u00fanico ponto, ampliamos nosso poder de realiza\u00e7\u00e3o.<\/strong> E \u00e9 isso que desejo para voc\u00ea.<\/p>\n\n\n\n<h3 class=\"wp-block-heading\">A Import\u00e2ncia da Concentra\u00e7\u00e3o na Era Digital<\/h3>\n\n\n\n<p>Vivemos um tempo em que a capacidade de foco vale mais do que diplomas. Segundo estudos da Universidade de Harvard, pessoas com alta capacidade de concentra\u00e7\u00e3o s\u00e3o mais produtivas, resilientes e criativas.<\/p>\n\n\n\n<p>Mas n\u00e3o se trata apenas de resistir \u00e0s distra\u00e7\u00f5es. Trata-se de treinar a mente para direcionar a energia mental de forma eficaz. E isso \u00e9 trein\u00e1vel.<\/p>\n\n\n\n<h3 class=\"wp-block-heading\">7 Estrat\u00e9gias para Melhorar Sua Concentra\u00e7\u00e3o<\/h3>\n\n\n\n<h4 class=\"wp-block-heading\">1. Elimine Distra\u00e7\u00f5es Digitais<\/h4>\n\n\n\n<p>\u00c9 preciso for\u00e7a moral para desligar o celular, deletar jogos, limitar redes sociais e sair de grupos desnecess\u00e1rios. <strong>Simplifique sua rotina<\/strong> para ter mais tempo e foco naquilo que realmente importa.<\/p>\n\n\n\n<h4 class=\"wp-block-heading\">2. Envolva-se em Atividades Significativas<\/h4>\n\n\n\n<p>A maioria das pessoas procura foco em tarefas que n\u00e3o gosta. Isso \u00e9 contraproducente. Sempre que puder, envolva-se em algo que o apaixone. Caso n\u00e3o seja poss\u00edvel, <strong>aprenda a gostar da atividade<\/strong> e veja seu foco aumentar.<\/p>\n\n\n\n<h4 class=\"wp-block-heading\">3. Divida Tarefas Complexas<\/h4>\n\n\n\n<p>Um TCC pode parecer assustador. Mas se voc\u00ea o divide em etapas di\u00e1rias, como fases de um jogo, torna-se realiz\u00e1vel. <strong>Fragmente grandes tarefas<\/strong> e avance de forma consistente.<\/p>\n\n\n\n<h4 class=\"wp-block-heading\">4. Estabele\u00e7a Recompensas<\/h4>\n\n\n\n<p>Estude, conclua a tarefa, e ent\u00e3o premie-se. Uma pipoca, um filme, um bom caf\u00e9 com amigos. O c\u00e9rebro adora recompensas. Elas <strong>refor\u00e7am o h\u00e1bito de focar<\/strong>.<\/p>\n\n\n\n<h4 class=\"wp-block-heading\">5. Pratique T\u00e9cnicas de Respira\u00e7\u00e3o<\/h4>\n\n\n\n<p><strong>Respira\u00e7\u00e3o consciente melhora o foco e a percep\u00e7\u00e3o.<\/strong> Inspire lenta e profundamente, observe seu ambiente. Isso amplia sua aten\u00e7\u00e3o e clareia pensamentos.<\/p>\n\n\n\n<h4 class=\"wp-block-heading\">6. Incorpore a Medita\u00e7\u00e3o na Rotina<\/h4>\n\n\n\n<p>Os monges usam mantras e foco na respira\u00e7\u00e3o para limpar a mente. Voc\u00ea pode adaptar isso: cinco minutos di\u00e1rios j\u00e1 fazem diferen\u00e7a. <strong>Medita\u00e7\u00e3o \u00e9 um treino de aten\u00e7\u00e3o.<\/strong><\/p>\n\n\n\n<h4 class=\"wp-block-heading\">7. Aprenda T\u00e9cnicas de Foco e Concentra\u00e7\u00e3o<\/h4>\n\n\n\n<p>T\u00e9cnicas adequadas s\u00e3o um atalho r\u00e1pido e seguro para melhorar sua capacidade de foco. Foi o que eu fiz. Hoje ensino tudo isso no <strong><a href=\"https:\/\/memoriablindada.com.br\/?utm_source=Blog&amp;utm_medium=pv-cmb&amp;utm_campaign=CMB&amp;utm_content=7-dicas-para-voce-se-concentrar\" target=\"_blank\" rel=\"noreferrer noopener\">curso Mem\u00f3ria Blindada<\/a><\/strong>, que j\u00e1 ajudou milhares de pessoas a conquistarem seus objetivos.<\/p>\n\n\n\n<h3 class=\"wp-block-heading\">Conclus\u00e3o: Transforme Seu Foco em Resultados<\/h3>\n\n\n\n<p>Gostou das dicas? Que tal coloc\u00e1-las em pr\u00e1tica agora mesmo?\u00a0N\u00e3o esque\u00e7a de deixar seu coment\u00e1rio aqui abaixo e aproveite para conhecer o <a href=\"https:\/\/memoriablindada.com.br\/?utm_source=Blog&amp;utm_medium=pv-cmb&amp;utm_campaign=CMB&amp;utm_content=7-dicas-para-voce-se-concentrar\" target=\"_blank\" rel=\"noreferrer noopener\">meu\u00a0<span class=\"s1\">curso\u00a0Mem\u00f3ria Blindada<\/span><\/a><span class=\"s1\">\u00a0no treinamento eu ensino\u00a0a\u00a0aplica\u00e7\u00e3o pr\u00e1tica da memoriza\u00e7\u00e3o\u00a0no\u00a0dia a dia.<\/span><\/p>\n\n\n\n<p><span class=\"s1\">Nas&nbsp;videoaulas on-line eu explicado de maneira simples e objetiva, todas as estrat\u00e9gias que utilizo para n\u00e3o esquecer de nada. Definitivamente \u00e9 sua hora de ter uma mem\u00f3ria mais jovem, forte e confi\u00e1vel<\/span>:<\/p>\n\n\n\n<p class=\"has-text-align-center p1\"><a href=\"\/\/renatoalves.com.br\/depoimentos.html\">\u00bb Clique Aqui&nbsp;e assista alguns depoimentos de alunos do curso&nbsp;\u00ab<\/a><\/p>\n\n\n\n<p class=\"p1\"><span class=\"s1\">Adquira agora mesmo o <a href=\"https:\/\/memoriablindada.com.br\/?utm_source=Blog&amp;utm_medium=pv-cmb&amp;utm_campaign=CMB&amp;utm_content=7-dicas-para-voce-se-concentrar\" target=\"_blank\" rel=\"noreferrer noopener\">curso\u00a0Mem\u00f3ria Blindada<\/a>, como incentivo e por acreditar\u00a0<\/span>tanto na efici\u00eancia do meu m\u00e9todo, al\u00e9m dos b\u00f4nus eu ainda lhe ofere\u00e7o uma garantia mais que especial.<\/p>\n\n\n\n<p class=\"p1\">Se em 7 dias, depois de aplicar o m\u00e9todo, voc\u00ea\u00a0 n\u00e3o notar melhoras, eu assumo total responsabilidade e devolverei 100% do seu investimento.\u00a0Dessa forma voc\u00ea n\u00e3o corre nenhum risco. O que voc\u00ea acha?<a href=\"https:\/\/memoriablindada.com.br\/?utm_source=Blog&amp;utm_medium=pv-cmb&amp;utm_campaign=CMB&amp;utm_content=7-dicas-para-voce-se-concentrar\" target=\"_blank\" rel=\"noreferrer noopener\">\u00a0Clique aqui e comece agora mesmo o treinamento!<\/a><\/p>\n\n\n\n<p><a href=\"https:\/\/www.facebook.com\/RenatoAlvesOficial\">Curta e siga a minha fanpage no Facebook<\/a>&nbsp;e tamb\u00e9m&nbsp;<a href=\"http:\/\/www.youtube.com\/videosmemoria\/videos?sub_confirmation=1\">inscreva-se no meu canal no Youtube<\/a>.<\/p>\n\n\n\n<p><em><strong>Renato Alves<\/strong>&nbsp;\u00e9 escritor, pesquisador e primeiro brasileiro a receber o t\u00edtulo oficial de melhor mem\u00f3ria do Brasil. Autor de um m\u00e9todo patenteado de memoriza\u00e7\u00e3o que ganhou reconhecimento nacional e j\u00e1 est\u00e1 presente em mais de 100 pa\u00edses.<\/em><\/p>\n\n\n\n<figure class=\"wp-block-image size-large\"><a href=\"https:\/\/memoriablindada.com.br\/?utm_source=Blog&amp;utm_medium=pv-cmb&amp;utm_campaign=CMB&amp;utm_content=7-dicas-para-voce-se-concentrar\" target=\"_blank\" rel=\" noreferrer noopener\"><img fetchpriority=\"high\" decoding=\"async\" width=\"1024\" height=\"120\" src=\"https:\/\/renatoalves.com.br\/blog\/wp-content\/uploads\/2014\/09\/MEMORIA-BLINDADA-BANNER-BLOG-RENATO-ALVES-1024x120.png\" alt=\"banner mem\u00f3ria blindada\" class=\"wp-image-10107\" srcset=\"https:\/\/renatoalves.com.br\/blog\/wp-content\/uploads\/2014\/09\/MEMORIA-BLINDADA-BANNER-BLOG-RENATO-ALVES-1024x120.png 1024w, https:\/\/renatoalves.com.br\/blog\/wp-content\/uploads\/2014\/09\/MEMORIA-BLINDADA-BANNER-BLOG-RENATO-ALVES-300x35.png 300w, https:\/\/renatoalves.com.br\/blog\/wp-content\/uploads\/2014\/09\/MEMORIA-BLINDADA-BANNER-BLOG-RENATO-ALVES-768x90.png 768w, https:\/\/renatoalves.com.br\/blog\/wp-content\/uploads\/2014\/09\/MEMORIA-BLINDADA-BANNER-BLOG-RENATO-ALVES-1536x181.png 1536w, https:\/\/renatoalves.com.br\/blog\/wp-content\/uploads\/2014\/09\/MEMORIA-BLINDADA-BANNER-BLOG-RENATO-ALVES.png 1700w\" sizes=\"(max-width: 1024px) 100vw, 1024px\" \/><\/a><\/figure>\n\n\n\n<h3 class=\"wp-block-heading\">Perguntas Frequentes (FAQ)<\/h3>\n\n\n\n<p><strong>Como posso melhorar minha concentra\u00e7\u00e3o no trabalho?<\/strong><br>Eliminando distra\u00e7\u00f5es, estabelecendo metas claras e praticando t\u00e9cnicas como respira\u00e7\u00e3o e medita\u00e7\u00e3o.<\/p>\n\n\n\n<p><strong>A medita\u00e7\u00e3o realmente ajuda na concentra\u00e7\u00e3o?<\/strong><br>Sim. V\u00e1rios estudos apontam que ela fortalece a aten\u00e7\u00e3o e reduz a dispers\u00e3o mental.<\/p>\n\n\n\n<p><strong>O que fazer quando me sinto constantemente distra\u00eddo?<\/strong><br>Reveja seu ambiente, identifique os gatilhos de distra\u00e7\u00e3o, pratique mindfulness e aprenda t\u00e9cnicas de foco comprovadas.<\/p>\n\n\n\n<p><\/p>\n","protected":false},"excerpt":{"rendered":"<p>Ele tinha mais de dois empregos, passava o dia se deslocando de um lugar para outro, conversava com pessoas, resolvia problemas, passava mensagens r\u00e1pidas e curtas, sofria para conseguir terminar de ler um livro inteiro, dormia pouco e tinha dificuldade para administrar um casamento conturbado. <\/p>\n","protected":false},"author":24,"featured_media":979,"comment_status":"open","ping_status":"open","sticky":false,"template":"","format":"standard","meta":{"footnotes":""},"categories":[264],"tags":[41,287,44,212,51,50,6,43,286,29,288,47,55,91,52,289],"class_list":["post-686","post","type-post","status-publish","format-standard","has-post-thumbnail","hentry","category-saude-e-qualidade-de-vida","tag-alzheimer","tag-como-se-concentrar","tag-concentracao","tag-curso-memoria-blindada","tag-disciplina","tag-distracao","tag-evitar-esquecimentos","tag-foco","tag-foco-e-concentracao","tag-memoria","tag-palestra-foco-e-concentracao","tag-remedio-para-memoria","tag-renato-alves","tag-tdah","tag-ter-disciplina","tag-transtorno-do-deficit-de-atencao-com-hiperatividade"],"_links":{"self":[{"href":"https:\/\/renatoalves.com.br\/blog\/wp-json\/wp\/v2\/posts\/686","targetHints":{"allow":["GET"]}}],"collection":[{"href":"https:\/\/renatoalves.com.br\/blog\/wp-json\/wp\/v2\/posts"}],"about":[{"href":"https:\/\/renatoalves.com.br\/blog\/wp-json\/wp\/v2\/types\/post"}],"author":[{"embeddable":true,"href":"https:\/\/renatoalves.com.br\/blog\/wp-json\/wp\/v2\/users\/24"}],"replies":[{"embeddable":true,"href":"https:\/\/renatoalves.com.br\/blog\/wp-json\/wp\/v2\/comments?post=686"}],"version-history":[{"count":3,"href":"https:\/\/renatoalves.com.br\/blog\/wp-json\/wp\/v2\/posts\/686\/revisions"}],"predecessor-version":[{"id":10146,"href":"https:\/\/renatoalves.com.br\/blog\/wp-json\/wp\/v2\/posts\/686\/revisions\/10146"}],"wp:featuredmedia":[{"embeddable":true,"href":"https:\/\/renatoalves.com.br\/blog\/wp-json\/wp\/v2\/media\/979"}],"wp:attachment":[{"href":"https:\/\/renatoalves.com.br\/blog\/wp-json\/wp\/v2\/media?parent=686"}],"wp:term":[{"taxonomy":"category","embeddable":true,"href":"https:\/\/renatoalves.com.br\/blog\/wp-json\/wp\/v2\/categories?post=686"},{"taxonomy":"post_tag","embeddable":true,"href":"https:\/\/renatoalves.com.br\/blog\/wp-json\/wp\/v2\/tags?post=686"}],"curies":[{"name":"wp","href":"https:\/\/api.w.org\/{rel}","templated":true}]}}