{"id":691,"date":"2025-06-03T15:11:14","date_gmt":"2025-06-03T18:11:14","guid":{"rendered":"http:\/\/www.renatoalves.com.br\/blog\/?p=691"},"modified":"2025-06-03T15:11:17","modified_gmt":"2025-06-03T18:11:17","slug":"5-dicas-para-melhorar-a-memoria","status":"publish","type":"post","link":"https:\/\/renatoalves.com.br\/blog\/5-dicas-para-melhorar-a-memoria\/","title":{"rendered":"5 Estrat\u00e9gias Comprovadas para Melhorar Sua Mem\u00f3ria em 2025"},"content":{"rendered":"\n<p>Eu sempre gostei de boas hist\u00f3rias. E gosto ainda mais quando essas hist\u00f3rias nos ensinam algo valioso. Hoje quero compartilhar com voc\u00ea uma que me inspirou profundamente e que tem tudo a ver com minha jornada no mundo da memoriza\u00e7\u00e3o.<\/p>\n\n\n\n<figure class=\"wp-block-image size-large\"><a href=\"https:\/\/memoriablindada.com.br\/?utm_source=Blog&amp;utm_medium=pv-cmb&amp;utm_campaign=CMB&amp;utm_content=5-dicas-para-melhorar-a-memoria\" target=\"_blank\" rel=\" noreferrer noopener\"><img fetchpriority=\"high\" decoding=\"async\" width=\"1024\" height=\"120\" src=\"https:\/\/renatoalves.com.br\/blog\/wp-content\/uploads\/2014\/09\/MEMORIA-BLINDADA-BANNER-BLOG-RENATO-ALVES-1024x120.png\" alt=\"banner mem\u00f3ria blindada\" class=\"wp-image-10107\" srcset=\"https:\/\/renatoalves.com.br\/blog\/wp-content\/uploads\/2014\/09\/MEMORIA-BLINDADA-BANNER-BLOG-RENATO-ALVES-1024x120.png 1024w, https:\/\/renatoalves.com.br\/blog\/wp-content\/uploads\/2014\/09\/MEMORIA-BLINDADA-BANNER-BLOG-RENATO-ALVES-300x35.png 300w, https:\/\/renatoalves.com.br\/blog\/wp-content\/uploads\/2014\/09\/MEMORIA-BLINDADA-BANNER-BLOG-RENATO-ALVES-768x90.png 768w, https:\/\/renatoalves.com.br\/blog\/wp-content\/uploads\/2014\/09\/MEMORIA-BLINDADA-BANNER-BLOG-RENATO-ALVES-1536x181.png 1536w, https:\/\/renatoalves.com.br\/blog\/wp-content\/uploads\/2014\/09\/MEMORIA-BLINDADA-BANNER-BLOG-RENATO-ALVES.png 1700w\" sizes=\"(max-width: 1024px) 100vw, 1024px\" \/><\/a><\/figure>\n\n\n\n<p>Era uma vez um jovem chamado Ed Cooke, que morava na Inglaterra. Aos 18 anos, foi internado em um hospital devido a um problema que o impedia de andar. Sem celular, sem redes sociais, ele buscava algo que desse sentido \u00e0 rotina hospitalar. E encontrou: um livro sobre t\u00e9cnicas de mem\u00f3ria. Leu, praticou, adaptou e, como eu, se apaixonou pelo tema.<\/p>\n\n\n\n<p>Cinco anos depois, Ed se tornou um Grande Mestre de Mem\u00f3ria. Memorizar mil d\u00edgitos em menos de uma hora ou lembrar a ordem de 56 baralhos misturados j\u00e1 n\u00e3o era problema para ele. E n\u00e3o porque ele tinha um superc\u00e9rebro. <strong>O c\u00e9rebro dele era igual ao seu. A diferen\u00e7a? Ele treinava.<\/strong><\/p>\n\n\n\n<p>Assim como Ed, tamb\u00e9m iniciei minha jornada por necessidade. E como voc\u00ea j\u00e1 deve saber, fui reconhecido pelo Livro dos Recordes como o primeiro brasileiro a conquistar o t\u00edtulo de <a href=\"https:\/\/renatoalves.com.br\/blog\/\" target=\"_blank\" rel=\"noreferrer noopener\">Melhor Mem\u00f3ria do Brasil<\/a>. Hoje ensino essas t\u00e9cnicas para pessoas que desejam aprimorar suas capacidades cognitivas no dia a dia.<\/p>\n\n\n\n<p>A mem\u00f3ria n\u00e3o \u00e9 um dom, \u00e9 uma habilidade trein\u00e1vel. <strong>E para provar isso, trago aqui 5 estrat\u00e9gias simples e cientificamente comprovadas para <a href=\"https:\/\/renatoalves.com.br\/blog\/7-dicas-para-treinar-a-memorizacao\/\">m<\/a><a href=\"https:\/\/renatoalves.com.br\/blog\/7-dicas-para-treinar-a-memorizacao\/\" target=\"_blank\" rel=\"noreferrer noopener\">elhorar sua mem\u00f3ria<\/a>.<\/strong><\/p>\n\n\n\n<h3 class=\"wp-block-heading\">5 Estrat\u00e9gias para Melhorar Sua Mem\u00f3ria<\/h3>\n\n\n\n<h4 class=\"wp-block-heading\">1. Combata a Curva do Esquecimento com Revis\u00f5es Espa\u00e7adas<\/h4>\n\n\n\n<p>Voc\u00ea sabia que esquecemos cerca de 50% do que aprendemos em apenas uma hora? Esse fen\u00f4meno foi estudado pelo psic\u00f3logo alem\u00e3o Hermann Ebbinghaus, que chamou de &#8220;curva do esquecimento&#8221;. A solu\u00e7\u00e3o? <strong>Revis\u00f5es espa\u00e7adas.<\/strong> Divida o tempo de estudo em blocos, revisando o conte\u00fado periodicamente. Essa t\u00e9cnica melhora drasticamente a reten\u00e7\u00e3o a longo prazo.<\/p>\n\n\n\n<h4 class=\"wp-block-heading\">2. Pratique a Recorda\u00e7\u00e3o Ativa Durante o Estudo<\/h4>\n\n\n\n<p>De acordo com pesquisadores da Universidade de Purdue (EUA), o simples ato de tentar lembrar o que foi estudado aumenta a mem\u00f3ria. \u00c9 o que chamo em meus cursos de <strong>&#8220;confirma\u00e7\u00e3o de conte\u00fado&#8221;<\/strong>. Feche o livro a cada duas p\u00e1ginas e tente recontar o que leu. Isso ativa zonas cerebrais envolvidas na consolida\u00e7\u00e3o da mem\u00f3ria.<\/p>\n\n\n\n<h4 class=\"wp-block-heading\">3. Aproveite os Benef\u00edcios de um Cochilo P\u00f3s-Almo\u00e7o<\/h4>\n\n\n\n<p>Estudos recentes da Universidade de Bristol mostram que cochilar por 20 a 30 minutos ap\u00f3s o almo\u00e7o pode melhorar a reten\u00e7\u00e3o de informa\u00e7\u00f5es. <strong><a href=\"https:\/\/renatoalves.com.br\/blog\/importancia-do-sono-nos-estudos\/\" target=\"_blank\" rel=\"noreferrer noopener\">Dormir melhora a mem\u00f3ria<\/a>, literalmente.<\/strong> Claro, n\u00e3o \u00e9 todo mundo que pode tirar um cochilo no meio do dia, mas se voc\u00ea tiver essa chance, aproveite.<\/p>\n\n\n\n<h4 class=\"wp-block-heading\">4. Utilize Fontes Desafiadoras para Estimular o C\u00e9rebro<\/h4>\n\n\n\n<p>Memorizamos melhor quando o c\u00e9rebro \u00e9 desafiado. Uma estrat\u00e9gia curiosa, mas eficaz, \u00e9 <strong>alterar a fonte do texto para uma mais incomum<\/strong>, como Comic Sans. Isso faz com que voc\u00ea preste mais aten\u00e7\u00e3o na leitura, o que facilita a fixa\u00e7\u00e3o da informa\u00e7\u00e3o.<\/p>\n\n\n\n<h4 class=\"wp-block-heading\">5. Invista em um Curso de Memorizac\u00e3o de Qualidade<\/h4>\n\n\n\n<p>Voc\u00ea pode aprender sozinho, como eu e Ed Cooke fizemos, mas tamb\u00e9m pode <strong>encurtar o caminho com um bom curso<\/strong>. <a href=\"https:\/\/memoriablindada.com.br\/?utm_source=Blog&amp;utm_medium=pv-cmb&amp;utm_campaign=CMB&amp;utm_content=5-dicas-para-melhorar-a-memoria\" target=\"_blank\" rel=\"noreferrer noopener\">No meu curso <strong>Mem\u00f3ria Blindada<\/strong><\/a>, voc\u00ea aprende m\u00e9todos validados, aplic\u00e1veis e com resultados reais. J\u00e1 ajudamos milhares de alunos a conquistar aprova\u00e7\u00f5es, promo\u00e7\u00f5es e mais qualidade de vida.<\/p>\n\n\n\n<p>Sua mem\u00f3ria \u00e9 o seu maior ativo. <strong>Confie nela. Treine. Use.<\/strong><\/p>\n\n\n\n<h3 class=\"wp-block-heading\">Conclus\u00e3o: Transforme Sua Mem\u00f3ria em um Aliado Poderoso<\/h3>\n\n\n\n<p>Uma mem\u00f3ria bem treinada economiza tempo, reduz estresse e aumenta sua confian\u00e7a. Coloque essas t\u00e9cnicas em pr\u00e1tica ainda hoje e comece a notar a diferen\u00e7a.<\/p>\n\n\n\n<p>E se quiser resultados mais r\u00e1pidos e consistentes, <strong><a href=\"https:\/\/memoriablindada.com.br\/?utm_source=Blog&amp;utm_medium=pv-cmb&amp;utm_campaign=CMB&amp;utm_content=5-dicas-para-melhorar-a-memoria\" target=\"_blank\" rel=\"noreferrer noopener\">conhe\u00e7a o curso Mem\u00f3ria Blindada<\/a><\/strong>. Acesse agora o site e veja os depoimentos de quem j\u00e1 transformou a pr\u00f3pria vida com o poder da mem\u00f3ria.<\/p>\n\n\n\n<p><a href=\"https:\/\/www.facebook.com\/RenatoAlvesOficial\">Curta e siga a minha fanpage no Facebook<\/a>&nbsp;e tamb\u00e9m&nbsp;<a href=\"http:\/\/www.youtube.com\/videosmemoria\/videos?sub_confirmation=1\">inscreva-se no meu canal no Youtube<\/a>.<\/p>\n\n\n\n<p><em><strong>Renato Alves<\/strong>&nbsp;\u00e9 escritor, pesquisador e primeiro brasileiro a receber o t\u00edtulo oficial de melhor mem\u00f3ria do Brasil. Autor de um m\u00e9todo patenteado de memoriza\u00e7\u00e3o que ganhou reconhecimento nacional e j\u00e1 est\u00e1 presente em mais de 100 pa\u00edses.<\/em><\/p>\n\n\n\n<figure class=\"wp-block-image size-large\"><a href=\"https:\/\/memoriablindada.com.br\/?utm_source=Blog&amp;utm_medium=pv-cmb&amp;utm_campaign=CMB&amp;utm_content=5-dicas-para-melhorar-a-memoria\" target=\"_blank\" rel=\" noreferrer noopener\"><img fetchpriority=\"high\" decoding=\"async\" width=\"1024\" height=\"120\" src=\"https:\/\/renatoalves.com.br\/blog\/wp-content\/uploads\/2014\/09\/MEMORIA-BLINDADA-BANNER-BLOG-RENATO-ALVES-1024x120.png\" alt=\"banner mem\u00f3ria blindada\" class=\"wp-image-10107\" srcset=\"https:\/\/renatoalves.com.br\/blog\/wp-content\/uploads\/2014\/09\/MEMORIA-BLINDADA-BANNER-BLOG-RENATO-ALVES-1024x120.png 1024w, https:\/\/renatoalves.com.br\/blog\/wp-content\/uploads\/2014\/09\/MEMORIA-BLINDADA-BANNER-BLOG-RENATO-ALVES-300x35.png 300w, https:\/\/renatoalves.com.br\/blog\/wp-content\/uploads\/2014\/09\/MEMORIA-BLINDADA-BANNER-BLOG-RENATO-ALVES-768x90.png 768w, https:\/\/renatoalves.com.br\/blog\/wp-content\/uploads\/2014\/09\/MEMORIA-BLINDADA-BANNER-BLOG-RENATO-ALVES-1536x181.png 1536w, https:\/\/renatoalves.com.br\/blog\/wp-content\/uploads\/2014\/09\/MEMORIA-BLINDADA-BANNER-BLOG-RENATO-ALVES.png 1700w\" sizes=\"(max-width: 1024px) 100vw, 1024px\" \/><\/a><\/figure>\n\n\n\n<h3 class=\"wp-block-heading\">Perguntas Frequentes (FAQ)<\/h3>\n\n\n\n<p><strong>Como posso melhorar minha mem\u00f3ria no dia a dia?<\/strong><br>Com revis\u00f5es espa\u00e7adas, t\u00e9cnicas de recorda\u00e7\u00e3o ativa e uma boa rotina de sono.<\/p>\n\n\n\n<p><strong>A medita\u00e7\u00e3o ajuda na mem\u00f3ria?<\/strong><br>Sim. A medita\u00e7\u00e3o reduz o estresse, aumenta o foco e favorece a consolida\u00e7\u00e3o da mem\u00f3ria.<\/p>\n\n\n\n<p><strong>Por que esque\u00e7o coisas com facilidade?<\/strong><br>Pode ser estresse, falta de sono ou excesso de informa\u00e7\u00e3o. Treinar a mem\u00f3ria com t\u00e9cnicas adequadas resolve isso.<\/p>\n\n\n\n<p><strong>O curso Mem\u00f3ria Blindada \u00e9 para mim?<\/strong><br>Se voc\u00ea deseja lembrar mais, estudar melhor e ter mais seguran\u00e7a nas suas tarefas, sim! O curso \u00e9 para voc\u00ea.<\/p>\n\n\n\n<p>&nbsp;<\/p>\n\n\n\n<p><\/p>\n","protected":false},"excerpt":{"rendered":"<p>A hist\u00f3ria que vou contar \u00e9 especial porque tem rela\u00e7\u00e3o com a forma como eu entrei para o mundo da memoriza\u00e7\u00e3o at\u00e9 obter o primeiro t\u00edtulo brasileiro de mem\u00f3ria.<\/p>\n","protected":false},"author":24,"featured_media":914,"comment_status":"open","ping_status":"open","sticky":false,"template":"","format":"standard","meta":{"footnotes":""},"categories":[262],"tags":[41,145,56,60,44,98,68,67,6,29,42,69,47,55,95],"class_list":["post-691","post","type-post","status-publish","format-standard","has-post-thumbnail","hentry","category-estudo-e-desenvolvimento","tag-alzheimer","tag-boa-memoria","tag-branco-na-memoria","tag-como-estudar","tag-concentracao","tag-curso-online-renato-alves","tag-curso-renato-alves","tag-dicas-de-memorizacao","tag-evitar-esquecimentos","tag-memoria","tag-memorizacao","tag-o-cerebro-com-foco-e-disciplina","tag-remedio-para-memoria","tag-renato-alves","tag-renato-alves-memorizacao"],"_links":{"self":[{"href":"https:\/\/renatoalves.com.br\/blog\/wp-json\/wp\/v2\/posts\/691","targetHints":{"allow":["GET"]}}],"collection":[{"href":"https:\/\/renatoalves.com.br\/blog\/wp-json\/wp\/v2\/posts"}],"about":[{"href":"https:\/\/renatoalves.com.br\/blog\/wp-json\/wp\/v2\/types\/post"}],"author":[{"embeddable":true,"href":"https:\/\/renatoalves.com.br\/blog\/wp-json\/wp\/v2\/users\/24"}],"replies":[{"embeddable":true,"href":"https:\/\/renatoalves.com.br\/blog\/wp-json\/wp\/v2\/comments?post=691"}],"version-history":[{"count":3,"href":"https:\/\/renatoalves.com.br\/blog\/wp-json\/wp\/v2\/posts\/691\/revisions"}],"predecessor-version":[{"id":10148,"href":"https:\/\/renatoalves.com.br\/blog\/wp-json\/wp\/v2\/posts\/691\/revisions\/10148"}],"wp:featuredmedia":[{"embeddable":true,"href":"https:\/\/renatoalves.com.br\/blog\/wp-json\/wp\/v2\/media\/914"}],"wp:attachment":[{"href":"https:\/\/renatoalves.com.br\/blog\/wp-json\/wp\/v2\/media?parent=691"}],"wp:term":[{"taxonomy":"category","embeddable":true,"href":"https:\/\/renatoalves.com.br\/blog\/wp-json\/wp\/v2\/categories?post=691"},{"taxonomy":"post_tag","embeddable":true,"href":"https:\/\/renatoalves.com.br\/blog\/wp-json\/wp\/v2\/tags?post=691"}],"curies":[{"name":"wp","href":"https:\/\/api.w.org\/{rel}","templated":true}]}}