{"id":78,"date":"2025-04-25T15:35:11","date_gmt":"2025-04-25T18:35:11","guid":{"rendered":"http:\/\/www.renatoalves.com.br\/blog\/?p=78"},"modified":"2025-04-25T15:36:35","modified_gmt":"2025-04-25T18:36:35","slug":"memoria-uma-questao-de-praticidade","status":"publish","type":"post","link":"https:\/\/renatoalves.com.br\/blog\/memoria-uma-questao-de-praticidade\/","title":{"rendered":"Mem\u00f3ria pr\u00e1tica: t\u00e9cnicas para melhorar sua concentra\u00e7\u00e3o e organiza\u00e7\u00e3o"},"content":{"rendered":"\n<p>Em tempos de excesso de informa\u00e7\u00e3o e agendas lotadas, uma mente organizada e uma mem\u00f3ria funcional se tornaram mais do que diferenciais \u2014 s\u00e3o necessidades b\u00e1sicas. Ap\u00f3s anos atuando com t\u00e9cnicas de memoriza\u00e7\u00e3o e performance mental, aprendi que <strong>a mem\u00f3ria eficiente \u00e9, acima de tudo, uma quest\u00e3o de praticidade<\/strong>.<\/p>\n\n\n\n<h2 class=\"wp-block-heading\"><strong>Por que mem\u00f3ria e praticidade andam juntas?<\/strong><\/h2>\n\n\n\n<p>Muitas pessoas acreditam que ter boa <a href=\"https:\/\/renatoalves.com.br\/?utm_source=Blog&amp;utm_medium=st-ra&amp;utm_campaign=&amp;utm_content=memoria-uma-questao-de-praticidade\" target=\"_blank\" rel=\"noreferrer noopener\">mem\u00f3ria <\/a>exige esfor\u00e7o sobre-humano. No entanto, na pr\u00e1tica, o segredo est\u00e1 na forma como organizamos a informa\u00e7\u00e3o, e n\u00e3o na quantidade de esfor\u00e7o que fazemos para lembrar.<\/p>\n\n\n\n<p><strong>Quanto mais pr\u00e1tico for o <a href=\"https:\/\/renatoalves.com.br\/?utm_source=Blog&amp;utm_medium=st-ra&amp;utm_campaign=&amp;utm_content=memoria-uma-questao-de-praticidade\" target=\"_blank\" rel=\"noreferrer noopener\">m\u00e9todo de memoriza\u00e7\u00e3o<\/a>, maior ser\u00e1 a reten\u00e7\u00e3o e menor o desgaste mental.<\/strong><\/p>\n\n\n\n<h2 class=\"wp-block-heading\"><strong>A armadilha da desorganiza\u00e7\u00e3o mental<\/strong><\/h2>\n\n\n\n<p>Uma mente sobrecarregada, sem estrutura, tende a esquecer com mais frequ\u00eancia. Informa\u00e7\u00f5es se perdem n\u00e3o por falta de intelig\u00eancia, mas por falta de m\u00e9todo.<\/p>\n\n\n\n<p><strong>O c\u00e9rebro precisa de ordem, contexto e repeti\u00e7\u00e3o inteligente para funcionar bem.<\/strong><\/p>\n\n\n\n<figure class=\"wp-block-embed is-type-rich is-provider-incorporar-manipulador wp-block-embed-incorporar-manipulador wp-embed-aspect-16-9 wp-has-aspect-ratio\"><div class=\"wp-block-embed__wrapper\">\n<iframe title=\"Como ter uma BOA MEMO\u0301RIA | 5 MOTIVOS POR QUE VOC\u00ca N\u00c3O SE LEMBRA DE NADA\" width=\"800\" height=\"450\" src=\"https:\/\/www.youtube.com\/embed\/Bfb6woPjA18?feature=oembed\" frameborder=\"0\" allow=\"accelerometer; autoplay; clipboard-write; encrypted-media; gyroscope; picture-in-picture; web-share\" referrerpolicy=\"strict-origin-when-cross-origin\" allowfullscreen><\/iframe>\n<\/div><\/figure>\n\n\n\n<h2 class=\"wp-block-heading\"><strong>Como tornar sua mem\u00f3ria mais pr\u00e1tica no dia a dia<\/strong><\/h2>\n\n\n\n<h3 class=\"wp-block-heading\"><strong>1. Classifique as informa\u00e7\u00f5es<\/strong><\/h3>\n\n\n\n<p>Organize o que voc\u00ea aprende em categorias. Isso cria &#8220;gavetas mentais&#8221; que facilitam o acesso posterior.<\/p>\n\n\n\n<h3 class=\"wp-block-heading\"><strong>2. Use t\u00e9cnicas de associa\u00e7\u00e3o<\/strong><\/h3>\n\n\n\n<p>Transforme informa\u00e7\u00f5es abstratas em imagens e hist\u00f3rias. Conectar o novo ao j\u00e1 conhecido torna a memoriza\u00e7\u00e3o natural.<\/p>\n\n\n\n<h3 class=\"wp-block-heading\"><strong>3. Pratique a repeti\u00e7\u00e3o espa\u00e7ada<\/strong><\/h3>\n\n\n\n<p>Revisar o conte\u00fado em intervalos espec\u00edficos consolida a mem\u00f3ria e evita esquecimentos.<\/p>\n\n\n\n<h3 class=\"wp-block-heading\"><strong>4. Estimule todos os sentidos<\/strong><\/h3>\n\n\n\n<p>Quanto mais sentidos voc\u00ea envolver no aprendizado, maior a fixa\u00e7\u00e3o. Leia em voz alta, escreva, desenhe.<\/p>\n\n\n\n<h3 class=\"wp-block-heading\"><strong>5. Simplifique<\/strong><\/h3>\n\n\n\n<p>Evite o ac\u00famulo de informa\u00e7\u00f5es desnecess\u00e1rias. <strong>Foque no essencial e organize o restante de forma acess\u00edvel.<\/strong><\/p>\n\n\n\n<h2 class=\"wp-block-heading\"><strong>Caso real: praticidade que mudou uma rotina<\/strong><\/h2>\n\n\n\n<p>Lembro-me de Fernando, um aluno que vivia esquecendo compromissos e sofria com a desorganiza\u00e7\u00e3o. Com o uso de mapas mentais e da t\u00e9cnica de repeti\u00e7\u00e3o espa\u00e7ada, conseguiu transformar sua rotina: tornou-se mais produtivo, confiante e passou a administrar melhor seu tempo.<\/p>\n\n\n\n<h2 class=\"wp-block-heading\"><strong>A mem\u00f3ria precisa de m\u00e9todo, n\u00e3o de m\u00e1gica<\/strong><\/h2>\n\n\n\n<p>Muitas vezes, ouvimos pessoas dizendo &#8220;minha mem\u00f3ria \u00e9 ruim&#8221;. Na verdade, o que falta \u00e9 um sistema pr\u00e1tico, acess\u00edvel e trein\u00e1vel.<\/p>\n\n\n\n<p><strong>Com disciplina e estrat\u00e9gias certas, qualquer pessoa pode conquistar uma mem\u00f3ria mais \u00e1gil e organizada.<\/strong><\/p>\n\n\n\n<p>Gostou da mat\u00e9ria? Voc\u00ea concorda que aprender t\u00e9cnicas de memoriza\u00e7\u00e3o \u00e9 uma quest\u00e3o de praticidade?<\/p>\n\n\n\n<p>N\u00e3o esque\u00e7a de deixar seu coment\u00e1rio abaixo e aproveite para conhecer o meu curso <a href=\"https:\/\/memoria360.com.br?utm_source=Blog&amp;utm_medium=pv-cm3&amp;utm_campaign=CM3&amp;utm_content=memoria-uma-questao-de-praticidade\" target=\"_blank\" rel=\"noreferrer noopener\">Mem\u00f3ria 360\u00b0<\/a>. Nesse poderoso combo de treinamento (Estudo e Memoriza\u00e7\u00e3o + FastRead + Mem\u00f3ria Blindada) voc\u00ea aprender\u00e1:<\/p>\n\n\n\n<ol class=\"wp-block-list\">\n<li>A aplica\u00e7\u00e3o pr\u00e1tica da memoriza\u00e7\u00e3o para o dia a dia, algo que pode lhe deixar em condi\u00e7\u00f5es de nunca mais esquecer nomes, dadas de anivers\u00e1rios, locais, rostos etc.<\/li>\n\n\n\n<li>M\u00e9todo comprovado de aprendizagem acelerada que lhe permitir\u00e1 aprender qualquer mat\u00e9ria de estudo, inclusive idiomas e exatas.<\/li>\n\n\n\n<li>Treinamento em leitura din\u00e2mica que lhe dar\u00e1 condi\u00e7\u00f5es reais de ler tranquilamente mais de 50 livros por ano.<\/li>\n<\/ol>\n\n\n\n<p>O curso \u00e9 todo em videoaulas on-line, por isso, voc\u00ea poder\u00e1 assistir onde quiser, seja no celular, tablet, computador ou smart TV.<\/p>\n\n\n\n<p class=\"has-text-align-center\"><a href=\"https:\/\/renatoalves.com.br\/acrobatas-da-memoria\/\"><strong>\u00bb Clique Aqui e assista alguns depoimentos de alunos do curso \u00ab<\/strong><\/a><\/p>\n\n\n\n<p>Para que voc\u00ea adquira ainda hoje o curso<a href=\"https:\/\/memoria360.com.br?utm_source=Blog&amp;utm_medium=pv-cm3&amp;utm_campaign=CM3&amp;utm_content=memoria-uma-questao-de-praticidade\" target=\"_blank\" rel=\"noreferrer noopener\"> Mem\u00f3ria 360\u00b0<\/a>, e por acreditar tanto na efici\u00eancia do meu m\u00e9todo, al\u00e9m dos b\u00f4nus eu ainda lhe ofere\u00e7o uma garantia mais que especial.<\/p>\n\n\n\n<p>Se em 7 dias, depois de aplicar o m\u00e9todo, voc\u00ea\u00a0 n\u00e3o notar melhoras, eu assumo total responsabilidade e devolverei 100% do seu investimento.<a href=\"https:\/\/memoria360.com.br?utm_source=Blog&amp;utm_medium=pv-cm3&amp;utm_campaign=CM3&amp;utm_content=memoria-uma-questao-de-praticidade\" target=\"_blank\" rel=\"noreferrer noopener\"> O que voc\u00ea acha? Clique aqui e saiba mais sobre o treinamento!<\/a><\/p>\n\n\n\n<h2 class=\"wp-block-heading\"><strong>Leitura complementar recomendada<\/strong><\/h2>\n\n\n\n<p>Para expandir esse tema, recomendo a leitura dos seguintes artigos:<\/p>\n\n\n\n<ul class=\"wp-block-list\">\n<li><a href=\"https:\/\/renatoalves.com.br\/blog\/estudos-concurso-planejamento-disciplina-sucesso\/\" target=\"_blank\" rel=\"noreferrer noopener\">Estudos para concursos: Planejamento e disciplina para o sucesso<\/a><\/li>\n\n\n\n<li><a href=\"https:\/\/renatoalves.com.br\/blog\/como-desfrutar-de-uma-memoria-rapida\/\" target=\"_blank\" rel=\"noreferrer noopener\">Como conquistar uma mem\u00f3ria r\u00e1pida: estrat\u00e9gias para pensar melhor e aprender mais<\/a><\/li>\n<\/ul>\n\n\n\n<h2 class=\"wp-block-heading\"><strong>Perguntas frequentes (FAQ)<\/strong><\/h2>\n\n\n\n<h3 class=\"wp-block-heading\">Posso treinar minha mem\u00f3ria mesmo sendo desorganizado?<\/h3>\n\n\n\n<p>Sim. Justamente a organiza\u00e7\u00e3o mental \u00e9 o primeiro benef\u00edcio percebido ao iniciar o treino da mem\u00f3ria.<\/p>\n\n\n\n<h3 class=\"wp-block-heading\">T\u00e9cnicas de memoriza\u00e7\u00e3o funcionam para todas as idades?<\/h3>\n\n\n\n<p>Sim. As t\u00e9cnicas s\u00e3o adapt\u00e1veis e funcionam desde jovens em fase escolar at\u00e9 adultos e idosos.<\/p>\n\n\n\n<h3 class=\"wp-block-heading\">Quanto tempo leva para perceber melhora na mem\u00f3ria?<\/h3>\n\n\n\n<p>Com aplica\u00e7\u00e3o di\u00e1ria, os resultados come\u00e7am a aparecer em poucos dias, e se consolidam em semanas.<\/p>\n\n\n\n<h3 class=\"wp-block-heading\">Preciso de muito tempo por dia para treinar a mem\u00f3ria?<\/h3>\n\n\n\n<p>N\u00e3o. Com apenas 15 a 20 minutos di\u00e1rios \u00e9 poss\u00edvel obter excelentes resultados.<\/p>\n\n\n\n<h3 class=\"wp-block-heading\">O que \u00e9 mais importante: esfor\u00e7o ou m\u00e9todo?<\/h3>\n\n\n\n<p>O m\u00e9todo. Esfor\u00e7o sem dire\u00e7\u00e3o gera desgaste. O m\u00e9todo certo traz resultado com menos esfor\u00e7o.<\/p>\n\n\n\n<h2 class=\"wp-block-heading\"><strong>DICA B\u00d4NUS:&nbsp;<\/strong><\/h2>\n\n\n\n<p>Quer ter acesso a outras informa\u00e7\u00f5es? <a href=\"https:\/\/www.facebook.com\/RenatoAlvesOficial\" target=\"_blank\" rel=\"noreferrer noopener\">Curta e siga a minha fanpage no Facebook<\/a> e tamb\u00e9m <a href=\"http:\/\/www.youtube.com\/videosmemoria\/videos?sub_confirmation=1\" target=\"_blank\" rel=\"noreferrer noopener\">inscreva<\/a><a href=\"http:\/\/www.youtube.com\/videosmemoria\/videos?sub_confirmation=1\">-se no meu canal no Youtube.<\/a><\/p>\n\n\n\n<figure class=\"wp-block-image aligncenter\"><a href=\"https:\/\/memoria360.com.br?utm_source=Blog&amp;utm_medium=pv-cm3&amp;utm_campaign=CM3&amp;utm_content=memoria-uma-questao-de-praticidade\" target=\"_blank\" rel=\"noopener\"><img fetchpriority=\"high\" decoding=\"async\" width=\"2560\" height=\"302\" src=\"\/\/renatoalves.com.br\/blog\/wp-content\/uploads\/2015\/02\/banner-360.jpg\" alt=\"Banner Mem\u00f3ria 360\" class=\"wp-image-4002\" srcset=\"https:\/\/renatoalves.com.br\/blog\/wp-content\/uploads\/2015\/02\/banner-360.jpg 2560w, https:\/\/renatoalves.com.br\/blog\/wp-content\/uploads\/2015\/02\/banner-360-300x35.jpg 300w, https:\/\/renatoalves.com.br\/blog\/wp-content\/uploads\/2015\/02\/banner-360-768x91.jpg 768w, https:\/\/renatoalves.com.br\/blog\/wp-content\/uploads\/2015\/02\/banner-360-1024x121.jpg 1024w\" sizes=\"(max-width: 2560px) 100vw, 2560px\" \/><\/a><\/figure>\n\n\n\n<p><\/p>\n","protected":false},"excerpt":{"rendered":"<p>Em tempos de excesso de informa\u00e7\u00e3o e agendas lotadas, uma mente organizada e uma mem\u00f3ria funcional se tornaram mais do que diferenciais \u2014 s\u00e3o necessidades b\u00e1sicas. Ap\u00f3s anos atuando com t\u00e9cnicas de memoriza\u00e7\u00e3o e performance mental, aprendi que a mem\u00f3ria eficiente \u00e9, acima de tudo, uma quest\u00e3o de praticidade. Por que mem\u00f3ria e praticidade andam [&hellip;]<\/p>\n","protected":false},"author":24,"featured_media":2632,"comment_status":"open","ping_status":"open","sticky":false,"template":"","format":"standard","meta":{"footnotes":""},"categories":[262,263,264],"tags":[41,145,56,62,60,65,66,84,75,44,112,45,46,212,98,95],"class_list":["post-78","post","type-post","status-publish","format-standard","has-post-thumbnail","hentry","category-estudo-e-desenvolvimento","category-leitura-e-leitura-dinamica","category-saude-e-qualidade-de-vida","tag-alzheimer","tag-boa-memoria","tag-branco-na-memoria","tag-campeonato-mundial-de-memoria-rio","tag-como-estudar","tag-como-estudar-para-concurso","tag-como-estudar-para-o-enem","tag-como-fazer-um-plano-de-estudo","tag-como-passar-em-concurso","tag-concentracao","tag-concurso-publico","tag-curso-de-memorizacao","tag-curso-de-memorizacao-online","tag-curso-memoria-blindada","tag-curso-online-renato-alves","tag-renato-alves-memorizacao"],"_links":{"self":[{"href":"https:\/\/renatoalves.com.br\/blog\/wp-json\/wp\/v2\/posts\/78","targetHints":{"allow":["GET"]}}],"collection":[{"href":"https:\/\/renatoalves.com.br\/blog\/wp-json\/wp\/v2\/posts"}],"about":[{"href":"https:\/\/renatoalves.com.br\/blog\/wp-json\/wp\/v2\/types\/post"}],"author":[{"embeddable":true,"href":"https:\/\/renatoalves.com.br\/blog\/wp-json\/wp\/v2\/users\/24"}],"replies":[{"embeddable":true,"href":"https:\/\/renatoalves.com.br\/blog\/wp-json\/wp\/v2\/comments?post=78"}],"version-history":[{"count":6,"href":"https:\/\/renatoalves.com.br\/blog\/wp-json\/wp\/v2\/posts\/78\/revisions"}],"predecessor-version":[{"id":10048,"href":"https:\/\/renatoalves.com.br\/blog\/wp-json\/wp\/v2\/posts\/78\/revisions\/10048"}],"wp:featuredmedia":[{"embeddable":true,"href":"https:\/\/renatoalves.com.br\/blog\/wp-json\/wp\/v2\/media\/2632"}],"wp:attachment":[{"href":"https:\/\/renatoalves.com.br\/blog\/wp-json\/wp\/v2\/media?parent=78"}],"wp:term":[{"taxonomy":"category","embeddable":true,"href":"https:\/\/renatoalves.com.br\/blog\/wp-json\/wp\/v2\/categories?post=78"},{"taxonomy":"post_tag","embeddable":true,"href":"https:\/\/renatoalves.com.br\/blog\/wp-json\/wp\/v2\/tags?post=78"}],"curies":[{"name":"wp","href":"https:\/\/api.w.org\/{rel}","templated":true}]}}