{"id":795,"date":"2025-06-04T07:58:26","date_gmt":"2025-06-04T10:58:26","guid":{"rendered":"http:\/\/www.renatoalves.com.br\/blog\/?p=795"},"modified":"2025-06-04T07:58:29","modified_gmt":"2025-06-04T10:58:29","slug":"8-dicas-valiosas-para-melhorar-sua-capacidade-de-retencao","status":"publish","type":"post","link":"https:\/\/renatoalves.com.br\/blog\/8-dicas-valiosas-para-melhorar-sua-capacidade-de-retencao\/","title":{"rendered":"8 Estrat\u00e9gias Valiosas para Potencializar Sua Capacidade de Reten\u00e7\u00e3o em 2025"},"content":{"rendered":"\n<p>Antes de mergulhar nas estrat\u00e9gias, \u00e9 essencial compreender um ponto-chave: <strong>a mem\u00f3ria \u00e9 uma das fun\u00e7\u00f5es mais complexas e vitais do c\u00e9rebro humano<\/strong>. Em meio ao turbilh\u00e3o de informa\u00e7\u00f5es da vida moderna, \u00e9 natural ocorrerem falhas de reten\u00e7\u00e3o \u2013 seja na rotina acad\u00eamica, no ambiente profissional ou at\u00e9 mesmo nas intera\u00e7\u00f5es pessoais.<\/p>\n\n\n\n<p>A boa not\u00edcia? A maioria dessas falhas <strong>n\u00e3o est\u00e1 ligada a doen\u00e7as neurol\u00f3gicas<\/strong>. O problema, geralmente, est\u00e1 relacionado ao estilo de vida, ao estresse e \u00e0 forma como lidamos com a informa\u00e7\u00e3o. E a solu\u00e7\u00e3o? <strong>Estimular o c\u00e9rebro com consci\u00eancia e m\u00e9todo.<\/strong><\/p>\n\n\n\n<p>Reuni aqui 8 estrat\u00e9gias do meu Curso de Memoriza\u00e7\u00e3o para aumentar significativamente sua capacidade de reter informa\u00e7\u00f5es:<\/p>\n\n\n\n<h3 class=\"wp-block-heading\">1. Crie um Ambiente Prop\u00edcio \u00e0 Concentra\u00e7\u00e3o<\/h3>\n\n\n\n<p><strong>Sil\u00eancio, ilumina\u00e7\u00e3o adequada e organiza\u00e7\u00e3o<\/strong> s\u00e3o aliados da memoriza\u00e7\u00e3o. Um ambiente limpo e tranquilo ajuda seu c\u00e9rebro a focar no que realmente importa e evita a dispers\u00e3o dos est\u00edmulos externos.<\/p>\n\n\n\n<h3 class=\"wp-block-heading\">2. Concentre-se em Uma Tarefa por Vez<\/h3>\n\n\n\n<p>Multitarefas prejudicam a mem\u00f3ria. Fa\u00e7a uma coisa de cada vez. <strong>Defina prioridades, foque no essencial e isole distra\u00e7\u00f5es.<\/strong> Com isso, sua capacidade de reter informa\u00e7\u00f5es ser\u00e1 notavelmente ampliada.<\/p>\n\n\n\n<h3 class=\"wp-block-heading\">3. Durma Bem e Respeite os Ciclos do C\u00e9rebro<\/h3>\n\n\n\n<p><strong>Sono de qualidade \u00e9 indispens\u00e1vel para consolidar mem\u00f3rias.<\/strong> Durma pelo menos 7 a 8 horas por noite, e valorize per\u00edodos de lazer e descanso. O c\u00e9rebro cansado perde efici\u00eancia.<\/p>\n\n\n\n<h3 class=\"wp-block-heading\">4. Alimente-se de Forma Inteligente<\/h3>\n\n\n\n<p>Sua alimenta\u00e7\u00e3o influencia diretamente na performance cognitiva. <strong>Prefira refei\u00e7\u00f5es leves, balanceadas e hidratadas ao longo do dia.<\/strong> Evite exageros que desviem energia digestiva do c\u00e9rebro.<\/p>\n\n\n\n<h3 class=\"wp-block-heading\">5. Use Medicamentos com Cautela<\/h3>\n\n\n\n<p>Muitos rem\u00e9dios para dormir <strong>afetam negativamente a reten\u00e7\u00e3o<\/strong>. Sempre consulte um m\u00e9dico antes de utilizar qualquer f\u00e1rmaco que interfira no sono ou no sistema nervoso.<\/p>\n\n\n\n<h3 class=\"wp-block-heading\">6. Treine Seu C\u00e9rebro Diariamente<\/h3>\n\n\n\n<p>Mem\u00f3ria \u00e9 como m\u00fasculo: precisa de est\u00edmulo. <strong>Mude rotinas, desafie-se com novas atividades<\/strong>, aprenda idiomas, troque o mouse de lado, toque um instrumento. Est\u00edmulo diverso gera plasticidade neural.<\/p>\n\n\n\n<h3 class=\"wp-block-heading\">7. Evite \u00c1lcool e Tabagismo<\/h3>\n\n\n\n<p>O \u00e1lcool, mesmo em pequenas doses, <strong>prejudica a fixa\u00e7\u00e3o de mem\u00f3rias.<\/strong> J\u00e1 o cigarro contribui para micro les\u00f5es cerebrais. Ambos aceleram o decl\u00ednio cognitivo com o passar dos anos.<\/p>\n\n\n\n<h3 class=\"wp-block-heading\">8. Reviva Boas Lembran\u00e7as com Frequ\u00eancia<\/h3>\n\n\n\n<p><strong>A emo\u00e7\u00e3o \u00e9 o maior aliado da mem\u00f3ria.<\/strong> Reviver momentos felizes, rever fotos, v\u00eddeos e se reconectar com boas mem\u00f3rias fortalece as conex\u00f5es neuronais. Mem\u00f3rias positivas t\u00eam mais for\u00e7a e durabilidade.<\/p>\n\n\n\n<h3 class=\"wp-block-heading\">Conclus\u00e3o: Confie no Poder da Sua Mente<\/h3>\n\n\n\n<p>Com pequenas mudan\u00e7as de h\u00e1bito e t\u00e9cnicas consistentes, sua mente se torna mais leve, sua mem\u00f3ria mais afiada e sua vida mais produtiva. Experimente aplicar essas dicas no seu dia a dia e sinta a diferen\u00e7a.<\/p>\n\n\n\n<p>E se voc\u00ea quiser aprofundar ainda mais esse desenvolvimento, <strong>conhe\u00e7a o Curso Mem\u00f3ria Blindada<\/strong>. Nele, ensino como transformar sua capacidade de lembrar em uma verdadeira vantagem competitiva.<\/p>\n\n\n\n<p>Voc\u00ea gostou do texto?\u00a0Aproveite para se inscrever o<a href=\"https:\/\/estudomemorizacao.com.br\/?utm_source=Blog&amp;utm_medium=site-ofc&amp;utm_campaign=CEM&amp;utm_content=8-dicas-valiosas-para-melhorar-sua-capacidade-de-retencao\" target=\"_blank\" rel=\"noreferrer noopener\"> meu\u00a0<span class=\"s1\">curso\u00a0Estudo e Memoriza\u00e7\u00e3o<\/span><\/a><span class=\"s1\">\u00a0no treinamento eu ensino\u00a0a\u00a0tudo que voc\u00ea precisa para ser aprovado naquele concurso ou vestibular dos sonhos.<\/span><\/p>\n\n\n\n<p><span class=\"s1\">Voc\u00ea poder\u00e1 assistir o curso onde quiser,&nbsp;seja no&nbsp;celular, tablet, computador ou smart TV. Estou aguardando voc\u00ea na pr\u00f3xima turma e como incentivo<\/span><span class=\"s1\">&nbsp;<\/span>por acreditar tanto na efici\u00eancia do meu m\u00e9todo, al\u00e9m dos b\u00f4nus eu ainda lhe ofere\u00e7o uma garantia especial:<\/p>\n\n\n\n<p class=\"has-text-align-center p1\"><a href=\"\/\/renatoalves.com.br\/depoimentos.html\">\u00bb Clique Aqui&nbsp;e assista alguns depoimentos de alunos do curso&nbsp;\u00ab<\/a><\/p>\n\n\n\n<p class=\"p1\">Se em 7 dias, depois de aplicar o m\u00e9todo, voc\u00ea\u00a0 n\u00e3o notar melhoras, eu assumo total responsabilidade e devolverei 100% do seu investimento.\u00a0Dessa forma voc\u00ea n\u00e3o corre nenhum risco e tem a tranquilidade de investir num treinamento com risco zero. O que voc\u00ea acha?\u00a0<a href=\"https:\/\/estudomemorizacao.com.br\/?utm_source=Blog&amp;utm_medium=site-ofc&amp;utm_campaign=CEM&amp;utm_content=8-dicas-valiosas-para-melhorar-sua-capacidade-de-retencao\" target=\"_blank\" rel=\"noreferrer noopener\">Clique aqui e comece agora mesmo!<\/a><\/p>\n\n\n\n<p>Quer ter acesso a mais dicas?&nbsp;<a href=\"https:\/\/www.facebook.com\/RenatoAlvesOficial\">Curta e siga a minha fanpage no Facebook<\/a>&nbsp;e&nbsp;<a href=\"http:\/\/www.youtube.com\/videosmemoria\/videos?sub_confirmation=1\">inscreva-se no meu canal no Youtube!<\/a><\/p>\n\n\n\n<p><em><strong>Renato Alves<\/strong>&nbsp;\u00e9 escritor, pesquisador e primeiro brasileiro a receber o t\u00edtulo oficial de melhor mem\u00f3ria do Brasil. Autor de um m\u00e9todo patenteado de memoriza\u00e7\u00e3o que ganhou reconhecimento nacional e j\u00e1 est\u00e1 presente em mais de 100 pa\u00edses.<\/em><\/p>\n\n\n\n<p class=\"has-text-align-center\"><a href=\"https:\/\/estudomemorizacao.com.br\/?utm_source=Blog&amp;utm_medium=site-ofc&amp;utm_campaign=CEM&amp;utm_content=8-dicas-valiosas-para-melhorar-sua-capacidade-de-retencao\" target=\"_blank\" rel=\"noreferrer noopener\">QUERO MELHORAR AS MINHAS HABILIDADES &#8211; CLIQUE AQUI<\/a><\/p>\n\n\n\n<h3 class=\"wp-block-heading\">Perguntas Frequentes (FAQ)<\/h3>\n\n\n\n<p><strong>Como posso melhorar minha mem\u00f3ria sem usar rem\u00e9dios?<\/strong><br>Mediante h\u00e1bitos saud\u00e1veis: sono de qualidade, alimenta\u00e7\u00e3o leve, foco em uma atividade por vez e exerc\u00edcios para o c\u00e9rebro.<\/p>\n\n\n\n<p><strong>Dormir pouco atrapalha a mem\u00f3ria?<\/strong><br>Sim. O sono consolida o aprendizado. Sem ele, voc\u00ea ret\u00e9m menos informa\u00e7\u00f5es.<\/p>\n\n\n\n<p><strong>Em quanto tempo vejo resultado com essas dicas?<\/strong><br>Com regularidade, os resultados come\u00e7am a surgir em poucos dias e se intensificam com o tempo.<\/p>\n\n\n\n<p><strong>Qual a rela\u00e7\u00e3o entre emo\u00e7\u00e3o e mem\u00f3ria?<\/strong><br>Mem\u00f3rias com carga emocional s\u00e3o mais facilmente fixadas e lembradas<\/p>\n\n\n\n<p><\/p>\n","protected":false},"excerpt":{"rendered":"<p>Antes de mergulhar nas estrat\u00e9gias, \u00e9 essencial compreender um ponto-chave: a mem\u00f3ria \u00e9 uma das fun\u00e7\u00f5es mais complexas e vitais do c\u00e9rebro humano. Em meio ao turbilh\u00e3o de informa\u00e7\u00f5es da vida moderna, \u00e9 natural ocorrerem falhas de reten\u00e7\u00e3o \u2013 seja na rotina acad\u00eamica, no ambiente profissional ou at\u00e9 mesmo nas intera\u00e7\u00f5es pessoais. A boa not\u00edcia? [&hellip;]<\/p>\n","protected":false},"author":24,"featured_media":3969,"comment_status":"open","ping_status":"open","sticky":false,"template":"","format":"standard","meta":{"footnotes":""},"categories":[262],"tags":[65,66,84,75,46,86,85,88,70,87,47,95],"class_list":["post-795","post","type-post","status-publish","format-standard","has-post-thumbnail","hentry","category-estudo-e-desenvolvimento","tag-como-estudar-para-concurso","tag-como-estudar-para-o-enem","tag-como-fazer-um-plano-de-estudo","tag-como-passar-em-concurso","tag-curso-de-memorizacao-online","tag-curso-estudo-e-memorizacao","tag-curso-memorizacao","tag-dicas-memoria","tag-dicas-memorizacao","tag-memoria-fraca","tag-remedio-para-memoria","tag-renato-alves-memorizacao"],"_links":{"self":[{"href":"https:\/\/renatoalves.com.br\/blog\/wp-json\/wp\/v2\/posts\/795","targetHints":{"allow":["GET"]}}],"collection":[{"href":"https:\/\/renatoalves.com.br\/blog\/wp-json\/wp\/v2\/posts"}],"about":[{"href":"https:\/\/renatoalves.com.br\/blog\/wp-json\/wp\/v2\/types\/post"}],"author":[{"embeddable":true,"href":"https:\/\/renatoalves.com.br\/blog\/wp-json\/wp\/v2\/users\/24"}],"replies":[{"embeddable":true,"href":"https:\/\/renatoalves.com.br\/blog\/wp-json\/wp\/v2\/comments?post=795"}],"version-history":[{"count":3,"href":"https:\/\/renatoalves.com.br\/blog\/wp-json\/wp\/v2\/posts\/795\/revisions"}],"predecessor-version":[{"id":10160,"href":"https:\/\/renatoalves.com.br\/blog\/wp-json\/wp\/v2\/posts\/795\/revisions\/10160"}],"wp:featuredmedia":[{"embeddable":true,"href":"https:\/\/renatoalves.com.br\/blog\/wp-json\/wp\/v2\/media\/3969"}],"wp:attachment":[{"href":"https:\/\/renatoalves.com.br\/blog\/wp-json\/wp\/v2\/media?parent=795"}],"wp:term":[{"taxonomy":"category","embeddable":true,"href":"https:\/\/renatoalves.com.br\/blog\/wp-json\/wp\/v2\/categories?post=795"},{"taxonomy":"post_tag","embeddable":true,"href":"https:\/\/renatoalves.com.br\/blog\/wp-json\/wp\/v2\/tags?post=795"}],"curies":[{"name":"wp","href":"https:\/\/api.w.org\/{rel}","templated":true}]}}