{"id":814,"date":"2025-06-04T09:28:55","date_gmt":"2025-06-04T12:28:55","guid":{"rendered":"http:\/\/www.renatoalves.com.br\/blog\/?p=814"},"modified":"2025-06-04T09:33:13","modified_gmt":"2025-06-04T12:33:13","slug":"3-formas-de-melhorar-sua-memoria","status":"publish","type":"post","link":"https:\/\/renatoalves.com.br\/blog\/3-formas-de-melhorar-sua-memoria\/","title":{"rendered":"3 Formas Inteligentes de Melhorar Sua Mem\u00f3ria em 2025"},"content":{"rendered":"\n<p>Vivemos uma era de contradi\u00e7\u00f5es: quanto mais investimos em tecnologia, mais nos queixamos de esquecimentos. \u00c9 como se os aparelhos eletr\u00f4nicos, ao inv\u00e9s de nos auxiliar, estivessem sabotando nossa capacidade natural de lembrar. E, de fato, isso \u00e9 verdade. <strong>Quanto mais recorremos a mem\u00f3rias artificiais, mais negligenciamos a nossa mem\u00f3ria biol\u00f3gica.<\/strong> E a mem\u00f3ria, como qualquer habilidade, enfraquece quando n\u00e3o \u00e9 usada.<\/p>\n\n\n\n<p>Pense na calculadora: quanto mais voc\u00ea depende dela, mais lento se torna ao realizar c\u00e1lculos simples mentalmente. O mesmo acontece com a mem\u00f3ria.<\/p>\n\n\n\n<p>Eu tenho orgulho em dizer: <strong>n\u00e3o esque\u00e7o de nada do que decido memorizar.<\/strong> Conquistei o t\u00edtulo de homem com a melhor mem\u00f3ria do Brasil porque, em determinado momento da minha vida, escolhi treinar minha mente com seriedade e intelig\u00eancia. E quero compartilhar com voc\u00ea <strong>3 t\u00e9cnicas simples, por\u00e9m poderosas, para voc\u00ea come\u00e7ar agora mesmo a <\/strong><a href=\"https:\/\/renatoalves.com.br\/blog\/5-dicas-para-melhorar-a-memoria-2\/\" target=\"_blank\" rel=\"noreferrer noopener\"><strong>fortalecer sua mem\u00f3ria<\/strong>.<\/a><\/p>\n\n\n\n<figure class=\"wp-block-image size-large\"><a href=\"https:\/\/memoriablindada.com.br\/?utm_source=Blog&amp;utm_medium=pv-cmb&amp;utm_campaign=CMB&amp;utm_content=3-formas-de-melhorar-sua-memoria\" target=\"_blank\" rel=\" noreferrer noopener\"><img fetchpriority=\"high\" decoding=\"async\" width=\"1024\" height=\"120\" src=\"https:\/\/renatoalves.com.br\/blog\/wp-content\/uploads\/2014\/09\/MEMORIA-BLINDADA-BANNER-BLOG-RENATO-ALVES-1024x120.png\" alt=\"banner mem\u00f3ria blindada\" class=\"wp-image-10107\" srcset=\"https:\/\/renatoalves.com.br\/blog\/wp-content\/uploads\/2014\/09\/MEMORIA-BLINDADA-BANNER-BLOG-RENATO-ALVES-1024x120.png 1024w, https:\/\/renatoalves.com.br\/blog\/wp-content\/uploads\/2014\/09\/MEMORIA-BLINDADA-BANNER-BLOG-RENATO-ALVES-300x35.png 300w, https:\/\/renatoalves.com.br\/blog\/wp-content\/uploads\/2014\/09\/MEMORIA-BLINDADA-BANNER-BLOG-RENATO-ALVES-768x90.png 768w, https:\/\/renatoalves.com.br\/blog\/wp-content\/uploads\/2014\/09\/MEMORIA-BLINDADA-BANNER-BLOG-RENATO-ALVES-1536x181.png 1536w, https:\/\/renatoalves.com.br\/blog\/wp-content\/uploads\/2014\/09\/MEMORIA-BLINDADA-BANNER-BLOG-RENATO-ALVES.png 1700w\" sizes=\"(max-width: 1024px) 100vw, 1024px\" \/><\/a><\/figure>\n\n\n\n<h3 class=\"wp-block-heading\">1. Associe o que deseja memorizar a imagens e objetos concretos<\/h3>\n\n\n\n<p>J\u00e1 aconteceu de voc\u00ea ser apresentado a algu\u00e9m e esquecer o nome minutos depois? Isso \u00e9 comum \u2014 e constrangedor. Para evitar, associe o nome a uma imagem ou objeto f\u00edsico.<\/p>\n\n\n\n<p>Por exemplo: conheceu uma pessoa chamada Giovana pr\u00f3xima \u00e0 janela? Imagine \u201c<strong>Giovana da Janela<\/strong>\u201d. O c\u00e9rebro adora imagens inusitadas. Quanto mais estranha ou absurda a associa\u00e7\u00e3o, <strong>mais f\u00e1cil ser\u00e1 lembrar<\/strong>.<\/p>\n\n\n\n<p>Essa t\u00e9cnica serve para nomes, conceitos, n\u00fameros, relat\u00f3rios e qualquer tipo de informa\u00e7\u00e3o. <strong>Transforme palavras em imagens.<\/strong><\/p>\n\n\n\n<h3 class=\"wp-block-heading\">2. Evite decorar. Compreenda e memorize de verdade<\/h3>\n\n\n\n<p>Muitos confundem <a href=\"https:\/\/renatoalves.com.br\/blog\/tecnicas-de-estudo-e-memorizacao-a-dupla-perfeita\/\" target=\"_blank\" rel=\"noreferrer noopener\">repeti\u00e7\u00e3o com memoriza\u00e7\u00e3o<\/a>. No entanto, repetir mecanicamente algo sem o compreender \u00e9 uma armadilha.<\/p>\n\n\n\n<p>Voc\u00ea j\u00e1 viu algu\u00e9m apresentar um conte\u00fado decorado, mas travar ao ser interrompido? Isso acontece porque n\u00e3o houve verdadeira compreens\u00e3o.<\/p>\n\n\n\n<p><strong>Memorizar exige conex\u00e3o com o conte\u00fado.<\/strong> Leia, explique com suas palavras, crie resumos mentais. Isso garante que a informa\u00e7\u00e3o se fixe de maneira duradoura.<\/p>\n\n\n\n<p>Essa \u00e9 uma das estrat\u00e9gias que ensino em profundidade no<a href=\"https:\/\/memoriablindada.com.br\/?utm_source=Blog&amp;utm_medium=pv-cmb&amp;utm_campaign=CMB&amp;utm_content=3-formas-de-melhorar-sua-memoria\" target=\"_blank\" rel=\"noreferrer noopener\"> curso <strong>Mem\u00f3ria Blindada<\/strong>.<\/a><\/p>\n\n\n\n<h3 class=\"wp-block-heading\">3. Rabiscos aumentam a reten\u00e7\u00e3o<\/h3>\n\n\n\n<p>Sim, voc\u00ea leu certo: <strong>rabiscar ajuda a memorizar<\/strong>.<\/p>\n\n\n\n<p>Um estudo publicado no peri\u00f3dico <em>Applied Cognitive Psychology<\/em> mostrou que pessoas que rabiscavam enquanto ouviam informa\u00e7\u00f5es apresentaram <strong>29% mais reten\u00e7\u00e3o<\/strong> do que aquelas que apenas ouviam.<\/p>\n\n\n\n<p>Da pr\u00f3xima vez que estiver em uma palestra, aula ou reuni\u00e3o, leve papel e caneta. Mesmo que voc\u00ea n\u00e3o esteja anotando literalmente, desenhar formas, setas ou qualquer outro tipo de rabisco ajuda o c\u00e9rebro a se manter ativo e engajado.<\/p>\n\n\n\n<p><strong>Conclus\u00e3o: A mem\u00f3ria \u00e9 trein\u00e1vel e confi\u00e1vel \u2014 desde que bem estimulada.<\/strong><\/p>\n\n\n\n<p>Esque\u00e7a a ideia de que voc\u00ea tem \u201cmem\u00f3ria fraca\u201d. O que falta s\u00e3o t\u00e9cnicas e estrat\u00e9gia.<\/p>\n\n\n\n<p>Quer aprender como nunca mais depender apenas da tecnologia para lembrar o que importa? Ent\u00e3o <a href=\"https:\/\/memoriablindada.com.br\/?utm_source=Blog&amp;utm_medium=pv-cmb&amp;utm_campaign=CMB&amp;utm_content=3-formas-de-melhorar-sua-memoria\" target=\"_blank\" rel=\"noreferrer noopener\">conhe\u00e7a o curso <strong>Mem\u00f3ria Blindada<\/strong><\/a>, onde ensino, passo a passo, como potencializar sua capacidade de memoriza\u00e7\u00e3o com pr\u00e1ticas aplic\u00e1veis e comprovadas.<\/p>\n\n\n\n<p>Seu c\u00e9rebro vai agradecer \u2014 e o seu futuro tamb\u00e9m.<\/p>\n\n\n\n<p>Voc\u00ea gostou do texto?\u00a0N\u00e3o esque\u00e7a de deixar seu coment\u00e1rio aqui embaixo e aproveite para conhecer o <a href=\"https:\/\/memoriablindada.com.br\/?utm_source=Blog&amp;utm_medium=pv-cmb&amp;utm_campaign=CMB&amp;utm_content=3-formas-de-melhorar-sua-memoria\" target=\"_blank\" rel=\"noreferrer noopener\">meu\u00a0<span class=\"s1\">curso\u00a0Mem\u00f3ria Blindada<\/span><\/a><span class=\"s1\">\u00a0no treinamento eu ensino\u00a0a\u00a0aplica\u00e7\u00e3o pr\u00e1tica da memoriza\u00e7\u00e3o\u00a0no\u00a0dia a dia, tudo explicado de maneira simples e objetiva em videoaulas on-line.<\/span><\/p>\n\n\n\n<p><span class=\"s1\">O curso foi&nbsp;elaborado para que voc\u00ea tenha acesso a todas as estrat\u00e9gias que utilizo para n\u00e3o esquecer de nada. Definitivamente \u00e9 sua hora de ter uma mem\u00f3ria mais jovem, forte e confi\u00e1vel. Estou aguardando voc\u00ea na pr\u00f3xima turma e como incentivo<\/span><span class=\"s1\">&nbsp;<\/span>por acreditar tanto na efici\u00eancia do meu m\u00e9todo, al\u00e9m dos b\u00f4nus eu ainda lhe ofere\u00e7o uma garantia especial:<\/p>\n\n\n\n<p class=\"has-text-align-center p1\"><a href=\"\/\/renatoalves.com.br\/depoimentos.html\">\u00bb Clique Aqui&nbsp;e assista alguns depoimentos de alunos do curso&nbsp;\u00ab<\/a><\/p>\n\n\n\n<p class=\"p1\">Se em 7 dias, depois de aplicar o m\u00e9todo, voc\u00ea\u00a0 n\u00e3o notar melhoras, eu assumo total responsabilidade e devolverei 100% do seu investimento.\u00a0Dessa forma voc\u00ea n\u00e3o corre nenhum risco e tem a tranquilidade de investir num treinamento com risco zero. O que voc\u00ea acha?\u00a0<a href=\"https:\/\/memoriablindada.com.br\/?utm_source=Blog&amp;utm_medium=pv-cmb&amp;utm_campaign=CMB&amp;utm_content=3-formas-de-melhorar-sua-memoria\" target=\"_blank\" rel=\"noreferrer noopener\">Clique aqui e comece agora mesmo!<\/a><\/p>\n\n\n\n<p>Quer ter acesso a mais dicas?&nbsp;<a href=\"https:\/\/www.facebook.com\/RenatoAlvesOficial\">Curta e siga a minha fanpage no Facebook<\/a>&nbsp;e&nbsp;<a href=\"http:\/\/www.youtube.com\/videosmemoria\/videos?sub_confirmation=1\">inscreva-se no meu canal no Youtube<\/a>&nbsp;e receba as novidades em primeira m\u00e3o.<\/p>\n\n\n\n<p><em><strong>Renato Alves<\/strong>&nbsp;\u00e9 escritor, pesquisador e primeiro brasileiro a receber o t\u00edtulo oficial de melhor mem\u00f3ria do Brasil. Autor de um m\u00e9todo patenteado de memoriza\u00e7\u00e3o que ganhou reconhecimento nacional e j\u00e1 est\u00e1 presente em mais de 100 pa\u00edses.<\/em><\/p>\n\n\n\n<figure class=\"wp-block-image size-large\"><a href=\"https:\/\/memoriablindada.com.br\/?utm_source=Blog&amp;utm_medium=pv-cmb&amp;utm_campaign=CMB&amp;utm_content=3-formas-de-melhorar-sua-memoria\" target=\"_blank\" rel=\" noreferrer noopener\"><img fetchpriority=\"high\" decoding=\"async\" width=\"1024\" height=\"120\" src=\"https:\/\/renatoalves.com.br\/blog\/wp-content\/uploads\/2014\/09\/MEMORIA-BLINDADA-BANNER-BLOG-RENATO-ALVES-1024x120.png\" alt=\"banner mem\u00f3ria blindada\" class=\"wp-image-10107\" srcset=\"https:\/\/renatoalves.com.br\/blog\/wp-content\/uploads\/2014\/09\/MEMORIA-BLINDADA-BANNER-BLOG-RENATO-ALVES-1024x120.png 1024w, https:\/\/renatoalves.com.br\/blog\/wp-content\/uploads\/2014\/09\/MEMORIA-BLINDADA-BANNER-BLOG-RENATO-ALVES-300x35.png 300w, https:\/\/renatoalves.com.br\/blog\/wp-content\/uploads\/2014\/09\/MEMORIA-BLINDADA-BANNER-BLOG-RENATO-ALVES-768x90.png 768w, https:\/\/renatoalves.com.br\/blog\/wp-content\/uploads\/2014\/09\/MEMORIA-BLINDADA-BANNER-BLOG-RENATO-ALVES-1536x181.png 1536w, https:\/\/renatoalves.com.br\/blog\/wp-content\/uploads\/2014\/09\/MEMORIA-BLINDADA-BANNER-BLOG-RENATO-ALVES.png 1700w\" sizes=\"(max-width: 1024px) 100vw, 1024px\" \/><\/a><\/figure>\n\n\n\n<h3 class=\"wp-block-heading\">Perguntas Frequentes (FAQ)<\/h3>\n\n\n\n<p><strong>Qual \u00e9 a melhor forma de treinar a mem\u00f3ria diariamente?<\/strong><br>Usar associa\u00e7\u00f5es visuais, evitar decorebas e aplicar t\u00e9cnicas de memoriza\u00e7\u00e3o como mapas mentais e repeti\u00e7\u00f5es espa\u00e7adas.<\/p>\n\n\n\n<p><strong>Rabiscos realmente ajudam a reter informa\u00e7\u00f5es?<\/strong><br>Sim. Estudos mostram que rabiscar ativa \u00e1reas cerebrais respons\u00e1veis pela reten\u00e7\u00e3o e foco, especialmente em contextos de escuta passiva.<\/p>\n\n\n\n<p><strong>A mem\u00f3ria pode ser fortalecida em qualquer idade?<\/strong><br>Sim. A neuroplasticidade permite que nosso c\u00e9rebro aprenda e se adapte durante toda a vida, desde que seja estimulado corretamente.<\/p>\n\n\n\n<p><strong>Depender do celular atrapalha a mem\u00f3ria?<\/strong><br>Sim. A mem\u00f3ria digital enfraquece a natural. Usar a mem\u00f3ria biol\u00f3gica \u00e9 essencial para mant\u00ea-la ativa e confi\u00e1vel.<\/p>\n","protected":false},"excerpt":{"rendered":"<p>Vivemos uma era de contradi\u00e7\u00f5es: quanto mais investimos em tecnologia, mais nos queixamos de esquecimentos. \u00c9 como se os aparelhos eletr\u00f4nicos, ao inv\u00e9s de nos auxiliar, estivessem sabotando nossa capacidade natural de lembrar. E, de fato, isso \u00e9 verdade. Quanto mais recorremos a mem\u00f3rias artificiais, mais negligenciamos a nossa mem\u00f3ria biol\u00f3gica. E a mem\u00f3ria, como [&hellip;]<\/p>\n","protected":false},"author":24,"featured_media":2670,"comment_status":"open","ping_status":"open","sticky":false,"template":"","format":"standard","meta":{"footnotes":""},"categories":[262,264],"tags":[41,58,145,56,60,65,94,98,68,67,29,42,55,95],"class_list":["post-814","post","type-post","status-publish","format-standard","has-post-thumbnail","hentry","category-estudo-e-desenvolvimento","category-saude-e-qualidade-de-vida","tag-alzheimer","tag-anotacao","tag-boa-memoria","tag-branco-na-memoria","tag-como-estudar","tag-como-estudar-para-concurso","tag-curso-online-renato","tag-curso-online-renato-alves","tag-curso-renato-alves","tag-dicas-de-memorizacao","tag-memoria","tag-memorizacao","tag-renato-alves","tag-renato-alves-memorizacao"],"_links":{"self":[{"href":"https:\/\/renatoalves.com.br\/blog\/wp-json\/wp\/v2\/posts\/814","targetHints":{"allow":["GET"]}}],"collection":[{"href":"https:\/\/renatoalves.com.br\/blog\/wp-json\/wp\/v2\/posts"}],"about":[{"href":"https:\/\/renatoalves.com.br\/blog\/wp-json\/wp\/v2\/types\/post"}],"author":[{"embeddable":true,"href":"https:\/\/renatoalves.com.br\/blog\/wp-json\/wp\/v2\/users\/24"}],"replies":[{"embeddable":true,"href":"https:\/\/renatoalves.com.br\/blog\/wp-json\/wp\/v2\/comments?post=814"}],"version-history":[{"count":3,"href":"https:\/\/renatoalves.com.br\/blog\/wp-json\/wp\/v2\/posts\/814\/revisions"}],"predecessor-version":[{"id":10164,"href":"https:\/\/renatoalves.com.br\/blog\/wp-json\/wp\/v2\/posts\/814\/revisions\/10164"}],"wp:featuredmedia":[{"embeddable":true,"href":"https:\/\/renatoalves.com.br\/blog\/wp-json\/wp\/v2\/media\/2670"}],"wp:attachment":[{"href":"https:\/\/renatoalves.com.br\/blog\/wp-json\/wp\/v2\/media?parent=814"}],"wp:term":[{"taxonomy":"category","embeddable":true,"href":"https:\/\/renatoalves.com.br\/blog\/wp-json\/wp\/v2\/categories?post=814"},{"taxonomy":"post_tag","embeddable":true,"href":"https:\/\/renatoalves.com.br\/blog\/wp-json\/wp\/v2\/tags?post=814"}],"curies":[{"name":"wp","href":"https:\/\/api.w.org\/{rel}","templated":true}]}}