{"id":89,"date":"2025-04-25T15:50:14","date_gmt":"2025-04-25T18:50:14","guid":{"rendered":"http:\/\/www.renatoalves.com.br\/blog\/?p=89"},"modified":"2025-04-25T15:50:16","modified_gmt":"2025-04-25T18:50:16","slug":"https-memoriablindada-com-br-utm_sourceblogutm_mediumpv-cmbutm_campaigncmbutm_contentcoca-zero-explora-o-esquecimento","status":"publish","type":"post","link":"https:\/\/renatoalves.com.br\/blog\/https-memoriablindada-com-br-utm_sourceblogutm_mediumpv-cmbutm_campaigncmbutm_contentcoca-zero-explora-o-esquecimento\/","title":{"rendered":"Esquecimento em foco: o que a propaganda da Coca Zero nos ensina sobre mem\u00f3ria"},"content":{"rendered":"\n<p>Voc\u00ea j\u00e1 esqueceu onde deixou as chaves ou de responder uma mensagem importante? O esquecimento est\u00e1 t\u00e3o presente em nosso dia a dia que at\u00e9 se tornou tema de campanhas publicit\u00e1rias \u2014 como fez a Coca Zero.<\/p>\n\n\n\n<p>Na \u00e9poca do lan\u00e7amento, a marca explorou o conceito \u201cEsque\u00e7a o que voc\u00ea sabe sobre sabor\u201d, usando o esquecimento como gancho criativo. Mas por que essa abordagem funciona t\u00e3o bem? Porque ela se conecta com uma realidade comum: <strong>n\u00f3s esquecemos mais do que gostar\u00edamos.<\/strong><\/p>\n\n\n\n<h2 class=\"wp-block-heading\"><strong>Esquecer \u00e9 humano, mas pode ser perigoso<\/strong><\/h2>\n\n\n\n<p>A mem\u00f3ria humana \u00e9 falha. Isso \u00e9 natural. No entanto, quando esquecimentos se tornam frequentes e comprometem decis\u00f5es, produtividade e relacionamentos, <strong>o custo do esquecimento se torna real e alto.<\/strong><\/p>\n\n\n\n<p><strong>Uma propaganda bem feita pode at\u00e9 brincar com isso. A vida real, n\u00e3o.<\/strong><\/p>\n\n\n\n<h2 class=\"wp-block-heading\"><strong>O que a propaganda revela sobre nosso comportamento<\/strong><\/h2>\n\n\n\n<p>A campanha da Coca Zero usou o esquecimento de forma leve e irreverente. Mas, por tr\u00e1s dessa leveza, h\u00e1 um retrato fiel da nossa era: estamos sobrecarregados, distra\u00eddos e dependentes de lembretes tecnol\u00f3gicos.<\/p>\n\n\n\n<p>Essa depend\u00eancia nos distancia de um recurso valioso: <strong>nossa pr\u00f3pria capacidade de lembrar.<\/strong><\/p>\n\n\n\n<h2 class=\"wp-block-heading\"><strong>Causas mais comuns do esquecimento moderno<\/strong><\/h2>\n\n\n\n<ul class=\"wp-block-list\">\n<li>Multitarefas e excesso de est\u00edmulos<\/li>\n\n\n\n<li>Falta de aten\u00e7\u00e3o plena<\/li>\n\n\n\n<li>Excesso de confian\u00e7a em dispositivos eletr\u00f4nicos<\/li>\n\n\n\n<li>Rotinas automatizadas sem reflex\u00e3o<\/li>\n<\/ul>\n\n\n\n<h2 class=\"wp-block-heading\"><strong>Como fortalecer sua mem\u00f3ria e evitar lapsos<\/strong><\/h2>\n\n\n\n<h3 class=\"wp-block-heading\"><strong>1. Estimule sua mente diariamente<\/strong><\/h3>\n\n\n\n<p>Leia, escreva, jogue, converse. O c\u00e9rebro precisa de exerc\u00edcio.<\/p>\n\n\n\n<h3 class=\"wp-block-heading\"><strong>2. Associe novas informa\u00e7\u00f5es ao que voc\u00ea j\u00e1 conhece<\/strong><\/h3>\n\n\n\n<p>Essa t\u00e9cnica cria \u201cganchos mentais\u201d que facilitam o resgate da informa\u00e7\u00e3o.<\/p>\n\n\n\n<h3 class=\"wp-block-heading\"><strong>3. Use t\u00e9cnicas de memoriza\u00e7\u00e3o comprovadas<\/strong><\/h3>\n\n\n\n<p>Visualiza\u00e7\u00e3o, associa\u00e7\u00e3o, repeti\u00e7\u00e3o espa\u00e7ada e mapas mentais s\u00e3o grandes aliadas.<\/p>\n\n\n\n<h3 class=\"wp-block-heading\"><strong>4. Diminua o uso passivo da tecnologia<\/strong><\/h3>\n\n\n\n<p>Antes de anotar algo no celular, tente memorizar. Essa pr\u00e1tica simples estimula sua mem\u00f3ria natural.<\/p>\n\n\n\n<h2 class=\"wp-block-heading\"><strong>Um exemplo real de supera\u00e7\u00e3o do esquecimento<\/strong><\/h2>\n\n\n\n<p>Tive uma aluna chamada M\u00f4nica que vivia esquecendo compromissos. Ap\u00f3s aplicar t\u00e9cnicas simples de associa\u00e7\u00e3o e planejamento com mapas mentais, passou a lembrar at\u00e9 de detalhes da inf\u00e2ncia. O que mudou? Apenas o m\u00e9todo. E a const\u00e2ncia.<\/p>\n\n\n\n<p><strong>A mem\u00f3ria pode ser treinada. O esquecimento, prevenido.<\/strong><\/p>\n\n\n\n<p>Felizmente, na propaganda da Coca Zero, o personagem se lembra que o refrigerante est\u00e1 na prateleira debaixo e a lembran\u00e7a evita mais um embara\u00e7o. Acredite: a vida real, eu garanto, tamb\u00e9m pode ser assim.<\/p>\n\n\n\n<figure class=\"wp-block-embed is-type-video is-provider-youtube wp-block-embed-youtube wp-embed-aspect-4-3 wp-has-aspect-ratio\"><div class=\"wp-block-embed__wrapper\">\n<iframe title=\"Coca-Cola Zero | Esqueci\" width=\"800\" height=\"600\" src=\"https:\/\/www.youtube.com\/embed\/SEgbipUKUJM?feature=oembed\" frameborder=\"0\" allow=\"accelerometer; autoplay; clipboard-write; encrypted-media; gyroscope; picture-in-picture; web-share\" referrerpolicy=\"strict-origin-when-cross-origin\" allowfullscreen><\/iframe>\n<\/div><\/figure>\n\n\n\n<p><span style=\"color: #ff0000;\"><strong>Voc\u00ea assistiu a propaganda?\u00a0<span style=\"color: #000000;\">Me diga o que achou?\u00a0<\/span>Me conte o que voc\u00ea j\u00e1 esqueceu?\u00a0<\/strong><\/span>N\u00e3o esque\u00e7a de deixar seu coment\u00e1rio aqui abaixo e aproveite para conhecer o meu\u00a0<span class=\"s1\">curso\u00a0<a href=\"https:\/\/memoriablindada.com.br\/?utm_source=Blog&amp;utm_medium=pv-cmb&amp;utm_campaign=CMB&amp;utm_content=coca-zero-explora-o-esquecimento\" target=\"_blank\" rel=\"noreferrer noopener\">Mem\u00f3ria Blindada.<\/a><\/span><\/p>\n\n\n\n<p><span class=\"s1\">Nas&nbsp;videoaulas on-line eu explico de maneira simples e objetiva, todas as estrat\u00e9gias que utilizo para n\u00e3o esquecer de nada, voc\u00ea aprender\u00e1 aplica\u00e7\u00e3o pr\u00e1tica da memoriza\u00e7\u00e3o para o&nbsp;dia a dia.<\/span><\/p>\n\n\n\n<p><span class=\"s1\">Definitivamente \u00e9 sua hora de ter uma mem\u00f3ria mais jovem, forte e confi\u00e1vel<\/span>:<\/p>\n\n\n\n<p class=\"has-text-align-center p1\"><a href=\"https:\/\/renatoalves.com.br\/acrobatas-da-memoria\/\"><strong>\u00bb Clique Aqui\u00a0e assista alguns depoimentos de alunos do curso\u00a0\u00ab<\/strong><\/a><\/p>\n\n\n\n<p class=\"p1\"><span class=\"s1\">Para que voc\u00ea adquira ainda hoje o curso\u00a0<a href=\"https:\/\/memoriablindada.com.br\/?utm_source=Blog&amp;utm_medium=pv-cmb&amp;utm_campaign=CMB&amp;utm_content=coca-zero-explora-o-esquecimento\" target=\"_blank\" rel=\"noreferrer noopener\">Mem\u00f3ria Blindada<\/a>\u00a0<\/span>e por acreditar na efici\u00eancia do meu m\u00e9todo, al\u00e9m dos b\u00f4nus eu ainda lhe ofere\u00e7o uma garantia mais que especial.<\/p>\n\n\n\n<p class=\"p1\">Se em 7 dias, depois de aplicar o m\u00e9todo, voc\u00ea\u00a0 n\u00e3o notar melhoras, eu assumo total responsabilidade e devolverei 100% do seu investimento. O que voc\u00ea acha?\u00a0<a href=\"https:\/\/memoriablindada.com.br\/?utm_source=Blog&amp;utm_medium=pv-cmb&amp;utm_campaign=CMB&amp;utm_content=coca-zero-explora-o-esquecimento\" target=\"_blank\" rel=\"noreferrer noopener\">Clique aqui e comece agora mesmo.<\/a><\/p>\n\n\n\n<h2 class=\"wp-block-heading\"><strong>Leitura complementar recomendada<\/strong><\/h2>\n\n\n\n<p>Se voc\u00ea se identifica com essa dificuldade, recomendo tamb\u00e9m:<\/p>\n\n\n\n<ul class=\"wp-block-list\">\n<li><a href=\"https:\/\/renatoalves.com.br\/blog\/como-desfrutar-de-uma-memoria-rapida\/\" target=\"_blank\" rel=\"noreferrer noopener\">Como conquistar uma mem\u00f3ria r\u00e1pida: estrat\u00e9gias para pensar melhor e aprender mais<\/a><\/li>\n\n\n\n<li><a href=\"https:\/\/renatoalves.com.br\/blog\/exercicios-vencer-preguica-mental\/\" target=\"_blank\" rel=\"noreferrer noopener\">Pregui\u00e7a mental | Exerc\u00edcios para venc\u00ea-la e ter um c\u00e9rebro forte<\/a><\/li>\n<\/ul>\n\n\n\n<h2 class=\"wp-block-heading\"><strong>Perguntas frequentes (FAQ)<\/strong><\/h2>\n\n\n\n<h3 class=\"wp-block-heading\"><strong>Esquecer com frequ\u00eancia \u00e9 normal?<\/strong><\/h3>\n\n\n\n<p>Sim, at\u00e9 certo ponto. Quando afeta o desempenho e causa preju\u00edzos, \u00e9 sinal de alerta.<\/p>\n\n\n\n<h3 class=\"wp-block-heading\"><strong>A mem\u00f3ria pode ser fortalecida?<\/strong><\/h3>\n\n\n\n<p>Sim. Com treino, est\u00edmulo e as t\u00e9cnicas corretas, a mem\u00f3ria pode ser significativamente aprimorada.<\/p>\n\n\n\n<h3 class=\"wp-block-heading\"><strong>O uso de tecnologia enfraquece a mem\u00f3ria?<\/strong><\/h3>\n\n\n\n<p>O uso excessivo e passivo, sim. Usar tecnologia como apoio \u00e9 \u00fatil, mas n\u00e3o deve substituir o esfor\u00e7o mental.<\/p>\n\n\n\n<h3 class=\"wp-block-heading\"><strong>T\u00e9cnicas de memoriza\u00e7\u00e3o funcionam mesmo?<\/strong><\/h3>\n\n\n\n<p>Sim. T\u00e9cnicas como repeti\u00e7\u00e3o espa\u00e7ada, associa\u00e7\u00e3o visual e mapas mentais t\u00eam respaldo cient\u00edfico e resultados pr\u00e1ticos.<\/p>\n\n\n\n<h3 class=\"wp-block-heading\"><strong>A publicidade pode influenciar nossa mem\u00f3ria?<\/strong><\/h3>\n\n\n\n<p>Sim, ao se conectar com padr\u00f5es mentais e emo\u00e7\u00f5es, campanhas podem impactar a forma como lembramos \u2014 ou esquecemos.<\/p>\n\n\n\n<h2 class=\"wp-block-heading\"><strong>DICA B\u00d4NUS:\u00a0<\/strong><\/h2>\n\n\n\n<p>Quer ter acesso a outras informa\u00e7\u00f5es? <a href=\"https:\/\/www.facebook.com\/RenatoAlvesOficial\" target=\"_blank\" rel=\"noreferrer noopener\">Curta e siga a minha fanpage no Facebook<\/a> e tamb\u00e9m <a href=\"http:\/\/www.youtube.com\/videosmemoria\/videos?sub_confirmation=1\" target=\"_blank\" rel=\"noreferrer noopener\">inscreva-se no meu canal no Youtube.<\/a><\/p>\n\n\n\n<figure class=\"wp-block-image aligncenter\"><a href=\"https:\/\/memoriablindada.com.br\/?utm_source=Blog&amp;utm_medium=pv-cmb&amp;utm_campaign=CMB&amp;utm_content=coca-zero-explora-o-esquecimento\" target=\"_blank\" rel=\"noopener\"><img fetchpriority=\"high\" decoding=\"async\" width=\"2560\" height=\"301\" src=\"\/\/renatoalves.com.br\/blog\/wp-content\/uploads\/2015\/02\/banner_MB.jpg\" alt=\"Curso Mem\u00f3ria Blindada\" class=\"wp-image-2519\" srcset=\"https:\/\/renatoalves.com.br\/blog\/wp-content\/uploads\/2015\/02\/banner_MB.jpg 2560w, https:\/\/renatoalves.com.br\/blog\/wp-content\/uploads\/2015\/02\/banner_MB-300x35.jpg 300w, https:\/\/renatoalves.com.br\/blog\/wp-content\/uploads\/2015\/02\/banner_MB-768x90.jpg 768w, https:\/\/renatoalves.com.br\/blog\/wp-content\/uploads\/2015\/02\/banner_MB-1024x120.jpg 1024w\" sizes=\"(max-width: 2560px) 100vw, 2560px\" \/><\/a><\/figure>\n\n\n\n<p><\/p>\n","protected":false},"excerpt":{"rendered":"<p>Voc\u00ea j\u00e1 esqueceu onde deixou as chaves ou de responder uma mensagem importante? O esquecimento est\u00e1 t\u00e3o presente em nosso dia a dia que at\u00e9 se tornou tema de campanhas publicit\u00e1rias \u2014 como fez a Coca Zero. Na \u00e9poca do lan\u00e7amento, a marca explorou o conceito \u201cEsque\u00e7a o que voc\u00ea sabe sobre sabor\u201d, usando o [&hellip;]<\/p>\n","protected":false},"author":24,"featured_media":2635,"comment_status":"open","ping_status":"open","sticky":false,"template":"","format":"standard","meta":{"footnotes":""},"categories":[262],"tags":[41,145,56,44,46,212,98,68,67,70,47,95,81],"class_list":["post-89","post","type-post","status-publish","format-standard","has-post-thumbnail","hentry","category-estudo-e-desenvolvimento","tag-alzheimer","tag-boa-memoria","tag-branco-na-memoria","tag-concentracao","tag-curso-de-memorizacao-online","tag-curso-memoria-blindada","tag-curso-online-renato-alves","tag-curso-renato-alves","tag-dicas-de-memorizacao","tag-dicas-memorizacao","tag-remedio-para-memoria","tag-renato-alves-memorizacao","tag-vestibular"],"_links":{"self":[{"href":"https:\/\/renatoalves.com.br\/blog\/wp-json\/wp\/v2\/posts\/89","targetHints":{"allow":["GET"]}}],"collection":[{"href":"https:\/\/renatoalves.com.br\/blog\/wp-json\/wp\/v2\/posts"}],"about":[{"href":"https:\/\/renatoalves.com.br\/blog\/wp-json\/wp\/v2\/types\/post"}],"author":[{"embeddable":true,"href":"https:\/\/renatoalves.com.br\/blog\/wp-json\/wp\/v2\/users\/24"}],"replies":[{"embeddable":true,"href":"https:\/\/renatoalves.com.br\/blog\/wp-json\/wp\/v2\/comments?post=89"}],"version-history":[{"count":4,"href":"https:\/\/renatoalves.com.br\/blog\/wp-json\/wp\/v2\/posts\/89\/revisions"}],"predecessor-version":[{"id":10051,"href":"https:\/\/renatoalves.com.br\/blog\/wp-json\/wp\/v2\/posts\/89\/revisions\/10051"}],"wp:featuredmedia":[{"embeddable":true,"href":"https:\/\/renatoalves.com.br\/blog\/wp-json\/wp\/v2\/media\/2635"}],"wp:attachment":[{"href":"https:\/\/renatoalves.com.br\/blog\/wp-json\/wp\/v2\/media?parent=89"}],"wp:term":[{"taxonomy":"category","embeddable":true,"href":"https:\/\/renatoalves.com.br\/blog\/wp-json\/wp\/v2\/categories?post=89"},{"taxonomy":"post_tag","embeddable":true,"href":"https:\/\/renatoalves.com.br\/blog\/wp-json\/wp\/v2\/tags?post=89"}],"curies":[{"name":"wp","href":"https:\/\/api.w.org\/{rel}","templated":true}]}}