{"id":9154,"date":"2024-09-09T15:00:00","date_gmt":"2024-09-09T18:00:00","guid":{"rendered":"https:\/\/renatoalves.com.br\/blog\/?p=9154"},"modified":"2024-09-09T09:12:25","modified_gmt":"2024-09-09T12:12:25","slug":"como-funciona-a-memoria-fundamentos-para-melhorar-seu-desempenho","status":"publish","type":"post","link":"https:\/\/renatoalves.com.br\/blog\/como-funciona-a-memoria-fundamentos-para-melhorar-seu-desempenho\/","title":{"rendered":"Como funciona a mem\u00f3ria: Fundamentos para melhorar seu desempenho"},"content":{"rendered":"\n<p>Voc\u00ea consegue se lembrar da \u00faltima not\u00edcia que leu? E do \u00faltimo encontro que teve, junto com os detalhes da conversa? Sabe de cor o n\u00famero de telefone das pessoas mais pr\u00f3ximas ou tem deixado as informa\u00e7\u00f5es da sua vida apenas em mem\u00f3rias artificiais? A mem\u00f3ria humana \u00e9 o cofre mais seguro que existe, e aprender a utiliz\u00e1-la de forma eficiente \u00e9 essencial.<\/p>\n\n\n\n<h3 class=\"wp-block-heading\">O que \u00e9 mem\u00f3ria e por que ela \u00e9 importante?<\/h3>\n\n\n\n<p>A <a href=\"https:\/\/renatoalves.com.br\/blog\/como-memorizar-textos-complexos-com-facilidade\/\" target=\"_blank\" rel=\"noreferrer noopener\">mem\u00f3ria <\/a>\u00e9 uma das fun\u00e7\u00f5es cognitivas mais fundamentais do c\u00e9rebro humano. Ela nos permite armazenar, reter e recuperar informa\u00e7\u00f5es ao longo do tempo. Sem ela, n\u00e3o conseguir\u00edamos aprender com experi\u00eancias passadas, formar relacionamentos ou at\u00e9 mesmo realizar tarefas simples do dia a dia. Compreender <strong><a href=\"https:\/\/renatoalves.com.br\/blog\/tecnicas-de-estudo-e-memorizacao-a-dupla-perfeita\/\" target=\"_blank\" rel=\"noreferrer noopener\">como funciona a mem\u00f3ria<\/a><\/strong> \u00e9 essencial para melhorar nosso desempenho cognitivo e qualidade de vida.<\/p>\n\n\n\n<h3 class=\"wp-block-heading\">Vis\u00e3o geral dos processos cognitivos envolvidos<\/h3>\n\n\n\n<p>Os processos cognitivos relacionados \u00e0 mem\u00f3ria incluem percep\u00e7\u00e3o, aten\u00e7\u00e3o, codifica\u00e7\u00e3o, armazenamento e recupera\u00e7\u00e3o de informa\u00e7\u00f5es. Esses processos trabalham em conjunto para transformar est\u00edmulos sensoriais em mem\u00f3rias duradouras. A <a href=\"https:\/\/renatoalves.com.br\/blog\/tecnicas-mnemonicas-o-que-e-e-como-funciona\/\" target=\"_blank\" rel=\"noreferrer noopener\">neuroci\u00eancia da mem\u00f3ria<\/a> estuda como essas etapas ocorrem no c\u00e9rebro e como podemos otimizar cada uma delas para a <strong>melhoria da mem\u00f3ria<\/strong>.<\/p>\n\n\n\n<figure class=\"wp-block-embed is-type-rich is-provider-incorporar-manipulador wp-block-embed-incorporar-manipulador wp-embed-aspect-16-9 wp-has-aspect-ratio\"><div class=\"wp-block-embed__wrapper\">\n<iframe title=\"ESSES M\u00c9TODOS TE FAZEM LER MAIS R\u00c1PIDO | Leitura Eficiente\" width=\"800\" height=\"450\" src=\"https:\/\/www.youtube.com\/embed\/nYWB6fsXnW0?feature=oembed\" frameborder=\"0\" allow=\"accelerometer; autoplay; clipboard-write; encrypted-media; gyroscope; picture-in-picture; web-share\" referrerpolicy=\"strict-origin-when-cross-origin\" allowfullscreen><\/iframe>\n<\/div><figcaption class=\"wp-element-caption\">ESSES M\u00c9TODOS TE FAZEM LER MAIS R\u00c1PIDO | Leitura Eficiente. (Fonte: Canal Renato Alves Memoriza\u00e7\u00e3o).<\/figcaption><\/figure>\n\n\n\n<h2 class=\"wp-block-heading\">Estrutura e tipos de mem\u00f3ria<\/h2>\n\n\n\n<p>De acordo com <a href=\"https:\/\/www.scielo.br\/j\/estpsi\/a\/ZBFjP6tdL5xJ8XCffBsqbfJ\/\" target=\"_blank\" rel=\"noreferrer noopener\">Richard Atkinson e Richard Shiffrin<\/a>, a <em>estrutura da mem\u00f3ria<\/em> \u00e9 dividida em tr\u00eas armazenadores. Veja cada um deles abaixo:<\/p>\n\n\n\n<h3 class=\"wp-block-heading\">Mem\u00f3ria sensorial<\/h3>\n\n\n\n<p>A mem\u00f3ria sensorial \u00e9 a capacidade de reter informa\u00e7\u00f5es dos sentidos por um p<strong>er\u00edodo extremamente curto<\/strong>, geralmente menos de um segundo. Ela atua como um absorvedor que <strong>captura tudo o que percebemos<\/strong>, permitindo que certas informa\u00e7\u00f5es sejam selecionadas para processamento extra. Por exemplo, quando voc\u00ea v\u00ea um rel\u00e2mpago, a imagem permanece em sua vis\u00e3o por uma fra\u00e7\u00e3o de segundo antes de desaparecer.<\/p>\n\n\n\n<h3 class=\"wp-block-heading\">Mem\u00f3ria de curto prazo (mem\u00f3ria de trabalho)<\/h3>\n\n\n\n<p>A mem\u00f3ria de curto prazo, ou <a href=\"https:\/\/renatoalves.com.br\/blog\/beneficios-da-memorizacao-como-ela-transforma-sua-vida\/\" target=\"_blank\" rel=\"noreferrer noopener\">mem\u00f3ria de trabalho<\/a>, <strong>ret\u00e9m informa\u00e7\u00f5es por per\u00edodos breves, geralmente de 15 a 30 segundos<\/strong>. Ela \u00e9 essencial para tarefas cognitivas como <strong>resolver problemas, ler ou conversar<\/strong>. A capacidade dessa mem\u00f3ria \u00e9 limitada; estudos sugerem que podemos manter cerca de \u00b1 2 itens simultaneamente.<\/p>\n\n\n\n<h3 class=\"wp-block-heading\">Mem\u00f3ria de longo prazo<\/h3>\n\n\n\n<p>A <a href=\"https:\/\/rmmg.org\/artigo\/detalhes\/577\" target=\"_blank\" rel=\"noreferrer noopener\">mem\u00f3ria de longo prazo<\/a> armazena informa\u00e7\u00f5es por per\u00edodos prolongados, <strong>desde minutos at\u00e9 uma vida inteira<\/strong>. Ela \u00e9 subdividida em <strong>mem\u00f3ria expl\u00edcita (consciente) e impl\u00edcita (inconsciente)<\/strong>. A mem\u00f3ria expl\u00edcita envolve fatos e eventos que podemos recordar conscientemente, enquanto a mem\u00f3ria impl\u00edcita inclui habilidades e h\u00e1bitos aprendidos, como andar de bicicleta.<\/p>\n\n\n\n<h2 class=\"wp-block-heading\">Como a mem\u00f3ria funciona<\/h2>\n\n\n\n<h3 class=\"wp-block-heading\">Codifica\u00e7\u00e3o de informa\u00e7\u00f5es<\/h3>\n\n\n\n<p>A <a href=\"https:\/\/www.scielo.br\/j\/estpsi\/a\/ZBFjP6tdL5xJ8XCffBsqbfJ\/\" target=\"_blank\" rel=\"noreferrer noopener\">codifica\u00e7\u00e3o<\/a> \u00e9 o processo pelo qual as informa\u00e7\u00f5es s\u00e3o transformadas em um formato que o c\u00e9rebro pode armazenar. Isso pode envolver a r<strong>epeti\u00e7\u00e3o, elabora\u00e7\u00e3o ou associa\u00e7\u00e3o de novas informa\u00e7\u00f5es com conhecimentos pr\u00e9-existentes<\/strong>. A aten\u00e7\u00e3o desempenha um papel importante aqui; sem foco, a codifica\u00e7\u00e3o eficaz \u00e9 dif\u00edcil.<\/p>\n\n\n\n<h3 class=\"wp-block-heading\">Armazenamento e consolida\u00e7\u00e3o<\/h3>\n\n\n\n<p>Uma vez codificadas, as informa\u00e7\u00f5es precisam ser armazenadas. A <a href=\"https:\/\/www.scielo.br\/j\/prc\/a\/kpHrP364B3x94KcHpCkVkQM\/?lang=pt\">consolida\u00e7\u00e3o<\/a> \u00e9 o <strong>processo de estabiliza\u00e7\u00e3o de uma mem\u00f3ria ap\u00f3s a aquisi\u00e7\u00e3o inicial<\/strong>. Durante o sono, especialmente nas fases REM, o c\u00e9rebro fortalece as conex\u00f5es neurais, facilitando a reten\u00e7\u00e3o a longo prazo.<\/p>\n\n\n\n<h3 class=\"wp-block-heading\">Recupera\u00e7\u00e3o de mem\u00f3rias<\/h3>\n\n\n\n<p>A <a href=\"https:\/\/www.scielo.br\/j\/prc\/a\/kpHrP364B3x94KcHpCkVkQM\/?lang=pt\">recupera\u00e7\u00e3o<\/a> \u00e9 a capacidade de <strong>acessar informa\u00e7\u00f5es armazenadas quando necess\u00e1rio<\/strong>. Ela pode ser influenciada por pistas contextuais e emocionais. Por exemplo, retornar ao local onde voc\u00ea aprendeu algo pode facilitar a lembran\u00e7a dessa informa\u00e7\u00e3o.<\/p>\n\n\n\n<h2 class=\"wp-block-heading\">Fatores que influenciam a mem\u00f3ria<\/h2>\n\n\n\n<h3 class=\"wp-block-heading\">Papel do sono na mem\u00f3ria<\/h3>\n\n\n\n<p>A rela\u00e7\u00e3o entre sono e mem\u00f3ria \u00e9 complexa, mas pode-se afirmar que o sono \u00e9 essencial para a consolida\u00e7\u00e3o da mem\u00f3ria. Durante o sono, o c\u00e9rebro &#8216;repete&#8217; as experi\u00eancias do dia, <strong>fortalecendo as conex\u00f5es entre os neur\u00f4nios e garantindo que as informa\u00e7\u00f5es sejam armazenadas de forma mais eficiente<\/strong>. Esse processo ocorre em diferentes fases do sono: o sono REM, por exemplo, \u00e9 fundamental para a consolida\u00e7\u00e3o das mem\u00f3rias emocionais, enquanto o sono NREM \u00e9 mais importante para a consolida\u00e7\u00e3o de fatos e eventos espec\u00edficos.<\/p>\n\n\n\n<h3 class=\"wp-block-heading\">Impacto da alimenta\u00e7\u00e3o e exerc\u00edcios f\u00edsicos<\/h3>\n\n\n\n<p>Uma <a href=\"https:\/\/www.cnnbrasil.com.br\/saude\/alimentos-para-a-memoria\/\">dieta <\/a><a href=\"https:\/\/renatoalves.com.br\/blog\/alimentos-importantes-memoria\/\" target=\"_blank\" rel=\"noreferrer noopener\">equilibrada<\/a> rica em \u00f4mega-3, antioxidantes e vitaminas \u00e9 ben\u00e9fica para a sa\u00fade cerebral. Exerc\u00edcios f\u00edsicos aumentam o fluxo sangu\u00edneo para o c\u00e9rebro, promovem a neurog\u00eanese e melhoram os <strong>processos cognitivos<\/strong>.<\/p>\n\n\n\n<h3 class=\"wp-block-heading\">Efeitos do estresse e emo\u00e7\u00f5es<\/h3>\n\n\n\n<p>O estresse cr\u00f4nico libera cortisol, que pode prejudicar o hipocampo, \u00e1rea chave para a mem\u00f3ria. Por outro lado, emo\u00e7\u00f5es positivas podem facilitar a aprendizagem e a reten\u00e7\u00e3o de informa\u00e7\u00f5es.<\/p>\n\n\n\n<h2 class=\"wp-block-heading\">Neuroci\u00eancia da mem\u00f3ria<\/h2>\n\n\n\n<h3 class=\"wp-block-heading\">\u00c1reas do c\u00e9rebro envolvidas na mem\u00f3ria<\/h3>\n\n\n\n<p>Diversas regi\u00f5es cerebrais participam do processo de memoriza\u00e7\u00e3o. O hipocampo \u00e9 indispens\u00e1vel para a forma\u00e7\u00e3o de novas mem\u00f3rias expl\u00edcitas. O c\u00f3rtex pr\u00e9-frontal est\u00e1 envolvido na mem\u00f3ria de trabalho e fun\u00e7\u00f5es executivas, enquanto a am\u00edgdala processa mem\u00f3rias emocionais.<\/p>\n\n\n\n<h3 class=\"wp-block-heading\">Plasticidade neural e forma\u00e7\u00e3o de novas mem\u00f3rias<\/h3>\n\n\n\n<p>A <a href=\"http:\/\/pepsic.bvsalud.org\/scielo.php?script=sci_arttext&amp;pid=S0103-84862023000100007\" target=\"_blank\" rel=\"noreferrer noopener\">plasticidade neural<\/a> \u00e9 a capacidade do c\u00e9rebro de se reorganizar formando novas conex\u00f5es sin\u00e1pticas. Essa adaptabilidade \u00e9 fundamental para a aprendizagem e a <em>melhoria da mem\u00f3ria<\/em>. Quanto mais estimulamos nosso c\u00e9rebro, mais forte ele se torna.<\/p>\n\n\n\n<h3 class=\"wp-block-heading\">Neurotransmissores-chave na memoriza\u00e7\u00e3o<\/h3>\n\n\n\n<p>Neurotransmissores como a acetilcolina, dopamina e glutamato desempenham pap\u00e9is essenciais na mem\u00f3ria. A acetilcolina est\u00e1 ligada \u00e0 aten\u00e7\u00e3o e aprendizado, a dopamina \u00e0 motiva\u00e7\u00e3o e recompensa, e o glutamato \u00e0 plasticidade sin\u00e1ptica.<\/p>\n\n\n\n<h2 class=\"wp-block-heading\">T\u00e9cnicas para melhorar o desempenho da mem\u00f3ria<\/h2>\n\n\n\n<h3 class=\"wp-block-heading\">Pr\u00e1tica de aten\u00e7\u00e3o plena (mindfulness)<\/h3>\n\n\n\n<p>A aten\u00e7\u00e3o plena envolve estar completamente presente no momento, melhorando a concentra\u00e7\u00e3o e a codifica\u00e7\u00e3o de informa\u00e7\u00f5es. T\u00e9cnicas de medita\u00e7\u00e3o podem reduzir o estresse e aumentar a capacidade de foco.<\/p>\n\n\n\n<h3 class=\"wp-block-heading\">Uso de mnem\u00f4nicas e associa\u00e7\u00e3o<\/h3>\n\n\n\n<p><a href=\"https:\/\/renatoalves.com.br\/blog\/tecnicas-mnemonicas-o-que-e-e-como-funciona\/\" target=\"_blank\" rel=\"noreferrer noopener\">Mnem\u00f4nicas<\/a> s\u00e3o ferramentas que ajudam a lembrar informa\u00e7\u00f5es via associa\u00e7\u00f5es f\u00e1ceis de recordar. Acr\u00f4nimos, rimas e visualiza\u00e7\u00f5es s\u00e3o exemplos eficazes. Por exemplo, para lembrar as cores do arco-\u00edris: Vermelho, Laranja, Amarelo, Verde, Azul, Anil e Violeta, voc\u00ea pode usar a frase \u201cVov\u00f4 Luiz Ama Vov\u00f3 Antes da Viagem\u201d.<\/p>\n\n\n\n<h3 class=\"wp-block-heading\">Repeti\u00e7\u00e3o espa\u00e7ada e revis\u00e3o sistem\u00e1tica<\/h3>\n\n\n\n<p>A repeti\u00e7\u00e3o espa\u00e7ada envolve revisar informa\u00e7\u00f5es em intervalos crescentes, melhorando a reten\u00e7\u00e3o a longo prazo. Aplicativos e t\u00e9cnicas como o M\u00e9todo Leitner podem auxiliar nesse processo. Aprenda como aplicar a repeti\u00e7\u00e3o espa\u00e7ada nos estudos.<\/p>\n\n\n\n<h2 class=\"wp-block-heading\">Conclus\u00e3o<\/h2>\n\n\n\n<p>Entender os mecanismos da mem\u00f3ria nos capacita a adotar estrat\u00e9gias eficazes para aprimor\u00e1-la. Pequenas mudan\u00e7as em h\u00e1bitos di\u00e1rios podem resultar em grandes melhorias no desempenho cognitivo.<\/p>\n\n\n\n<p>Comece aplicando as t\u00e9cnicas mencionadas e observe quais funcionam melhor para voc\u00ea. Lembre-se de que a <strong>consist\u00eancia \u00e9 chave<\/strong>. Al\u00e9m disso, considere aprofundar seus conhecimentos via cursos especializados.<\/p>\n\n\n\n<p>Agora que voc\u00ea compreende como a mem\u00f3ria funciona, que tal dar o pr\u00f3ximo passo para aprimor\u00e1-la? Conhe\u00e7a os<a href=\"https:\/\/memoryacademy.com.br\/?utm_source=Blog&amp;utm_medium=site-ma&amp;utm_campaign=&amp;utm_content=como-funciona-memoria-fundamentos-para-melhorar-seu-desempenho\" target=\"_blank\" rel=\"noreferrer noopener\"> cursos de memoriza\u00e7\u00e3o de Renato Alves<\/a> e transforme seu desempenho cognitivo.<\/p>\n\n\n\n<h2 class=\"wp-block-heading\">Leia tamb\u00e9m:<\/h2>\n\n\n\n<ul class=\"wp-block-list\">\n<li><a href=\"https:\/\/renatoalves.com.br\/blog\/leitura-dinamica-e-memorizacao-a-chave-para-aprender-rapido\/\" target=\"_blank\" rel=\"noreferrer noopener\">Leitura din\u00e2mica e memoriza\u00e7\u00e3o: a chave para aprender r\u00e1pido<\/a><\/li>\n\n\n\n<li><a href=\"https:\/\/renatoalves.com.br\/blog\/como-memorizar-textos-complexos-com-facilidade\/\" target=\"_blank\" rel=\"noreferrer noopener\">Como memorizar textos complexos com facilidade<\/a><\/li>\n\n\n\n<li><a href=\"https:\/\/renatoalves.com.br\/blog\/tecnicas-de-estudo-e-memorizacao-a-dupla-perfeita\/\" target=\"_blank\" rel=\"noreferrer noopener\">T\u00e9cnicas de estudo e memoriza\u00e7\u00e3o: a dupla perfeita<\/a><\/li>\n<\/ul>\n","protected":false},"excerpt":{"rendered":"<p>Voc\u00ea consegue se lembrar da \u00faltima not\u00edcia que leu? E do \u00faltimo encontro que teve, junto com os detalhes da conversa? Sabe de cor o n\u00famero de telefone das pessoas mais pr\u00f3ximas ou tem deixado as informa\u00e7\u00f5es da sua vida apenas em mem\u00f3rias artificiais? A mem\u00f3ria humana \u00e9 o cofre mais seguro que existe, e [&hellip;]<\/p>\n","protected":false},"author":10,"featured_media":9175,"comment_status":"open","ping_status":"open","sticky":false,"template":"","format":"standard","meta":{"footnotes":""},"categories":[263,3],"tags":[1396,95,136],"class_list":["post-9154","post","type-post","status-publish","format-standard","has-post-thumbnail","hentry","category-leitura-e-leitura-dinamica","category-artigos","tag-como-funciona-a-memoria","tag-renato-alves-memorizacao","tag-tecnicas-de-memorizacao"],"_links":{"self":[{"href":"https:\/\/renatoalves.com.br\/blog\/wp-json\/wp\/v2\/posts\/9154","targetHints":{"allow":["GET"]}}],"collection":[{"href":"https:\/\/renatoalves.com.br\/blog\/wp-json\/wp\/v2\/posts"}],"about":[{"href":"https:\/\/renatoalves.com.br\/blog\/wp-json\/wp\/v2\/types\/post"}],"author":[{"embeddable":true,"href":"https:\/\/renatoalves.com.br\/blog\/wp-json\/wp\/v2\/users\/10"}],"replies":[{"embeddable":true,"href":"https:\/\/renatoalves.com.br\/blog\/wp-json\/wp\/v2\/comments?post=9154"}],"version-history":[{"count":6,"href":"https:\/\/renatoalves.com.br\/blog\/wp-json\/wp\/v2\/posts\/9154\/revisions"}],"predecessor-version":[{"id":9182,"href":"https:\/\/renatoalves.com.br\/blog\/wp-json\/wp\/v2\/posts\/9154\/revisions\/9182"}],"wp:featuredmedia":[{"embeddable":true,"href":"https:\/\/renatoalves.com.br\/blog\/wp-json\/wp\/v2\/media\/9175"}],"wp:attachment":[{"href":"https:\/\/renatoalves.com.br\/blog\/wp-json\/wp\/v2\/media?parent=9154"}],"wp:term":[{"taxonomy":"category","embeddable":true,"href":"https:\/\/renatoalves.com.br\/blog\/wp-json\/wp\/v2\/categories?post=9154"},{"taxonomy":"post_tag","embeddable":true,"href":"https:\/\/renatoalves.com.br\/blog\/wp-json\/wp\/v2\/tags?post=9154"}],"curies":[{"name":"wp","href":"https:\/\/api.w.org\/{rel}","templated":true}]}}