{"id":9210,"date":"2024-09-30T12:09:51","date_gmt":"2024-09-30T15:09:51","guid":{"rendered":"https:\/\/renatoalves.com.br\/blog\/?p=9210"},"modified":"2024-10-07T08:20:27","modified_gmt":"2024-10-07T11:20:27","slug":"o-poder-da-cura-da-respiracao","status":"publish","type":"post","link":"https:\/\/renatoalves.com.br\/blog\/o-poder-da-cura-da-respiracao\/","title":{"rendered":"O Poder da Cura Da Respira\u00e7\u00e3o"},"content":{"rendered":"\n<figure class=\"wp-block-image size-large\"><img fetchpriority=\"high\" decoding=\"async\" width=\"1024\" height=\"585\" src=\"https:\/\/renatoalves.com.br\/blog\/wp-content\/uploads\/2024\/09\/poder-da-cura-pela-respiracao-1024x585.webp\" alt=\"\" class=\"wp-image-9212\" srcset=\"https:\/\/renatoalves.com.br\/blog\/wp-content\/uploads\/2024\/09\/poder-da-cura-pela-respiracao-1024x585.webp 1024w, https:\/\/renatoalves.com.br\/blog\/wp-content\/uploads\/2024\/09\/poder-da-cura-pela-respiracao-300x171.webp 300w, https:\/\/renatoalves.com.br\/blog\/wp-content\/uploads\/2024\/09\/poder-da-cura-pela-respiracao-768x439.webp 768w, https:\/\/renatoalves.com.br\/blog\/wp-content\/uploads\/2024\/09\/poder-da-cura-pela-respiracao-1536x878.webp 1536w, https:\/\/renatoalves.com.br\/blog\/wp-content\/uploads\/2024\/09\/poder-da-cura-pela-respiracao.webp 1792w\" sizes=\"(max-width: 1024px) 100vw, 1024px\" \/><\/figure>\n\n\n\n<p>Leia o <strong>Resumo do Livro:<\/strong><\/p>\n\n\n\n<p><em>O Poder de Cura da Respira\u00e7\u00e3o<\/em> apresenta a ideia de que a respira\u00e7\u00e3o consciente \u00e9 uma ferramenta poderosa para <a href=\"https:\/\/renatoalves.com.br\/blog\/tecnicas-de-memorizacao-para-adultos-como-fortalecer-sua-memoria-a-longo-prazo\/\">melhorar a mem\u00f3ria<\/a>, sa\u00fade e o bem-estar. Stuart Sandeman, especialista em t\u00e9cnicas respirat\u00f3rias, compartilha sua jornada pessoal e profissional com a respira\u00e7\u00e3o, oferecendo um guia pr\u00e1tico para desbloquear o poder do ar que respiramos. Cada cap\u00edtulo traz insights profundos sobre o impacto da respira\u00e7\u00e3o no corpo e na mente, seguido de t\u00e9cnicas que podem ser aplicadas no dia a dia para alcan\u00e7ar maior paz interior, sa\u00fade e produtividade.<\/p>\n\n\n\n<h3 class=\"wp-block-heading\">O poder oculto da respira\u00e7\u00e3o<\/h3>\n\n\n\n<p>Neste cap\u00edtulo, Sandeman explica a ci\u00eancia por tr\u00e1s da respira\u00e7\u00e3o e como ela afeta diretamente o sistema nervoso. Ele apresenta a respira\u00e7\u00e3o como uma <strong>ferramenta de autocura<\/strong>, capaz de influenciar nosso estado mental e f\u00edsico em quest\u00e3o de minutos.<\/p>\n\n\n\n<p>&#x1f9e0; <strong>Dica pr\u00e1tica:<\/strong> Sempre que sentir ansiedade ou estresse, tente focar na sua respira\u00e7\u00e3o. Pare por alguns minutos e apenas observe o fluxo do ar entrando e saindo dos pulm\u00f5es. Isso vai ajudar a desacelerar a mente e trazer o foco para o presente.<\/p>\n\n\n\n<h3 class=\"wp-block-heading\">Conectando corpo e mente<\/h3>\n\n\n\n<p>Aqui, Sandeman descreve como a respira\u00e7\u00e3o conecta o corpo \u00e0 mente, influenciando nosso estado emocional. Ele mostra como padr\u00f5es de respira\u00e7\u00e3o podem mudar a forma como sentimos e como podemos treinar nosso corpo para responder de maneira mais calma aos desafios da vida.<\/p>\n\n\n\n<p>&#x1f9e0; <strong>Dica pr\u00e1tica:<\/strong> Experimente a <em>respira\u00e7\u00e3o diafragm\u00e1tica<\/em>. Coloque uma m\u00e3o no peito e outra no abd\u00f4men. Inspire profundamente, tentando expandir o abd\u00f4men mais do que o peito. Esse tipo de respira\u00e7\u00e3o ativa o sistema nervoso parassimp\u00e1tico, que promove relaxamento.<\/p>\n\n\n\n<h3 class=\"wp-block-heading\">Libertando emo\u00e7\u00f5es reprimidas<\/h3>\n\n\n\n<p>Este cap\u00edtulo aborda como as emo\u00e7\u00f5es que n\u00e3o s\u00e3o processadas adequadamente podem ficar presas no corpo, criando tens\u00e3o f\u00edsica e mental. A respira\u00e7\u00e3o \u00e9 usada como uma ferramenta para liberar essas emo\u00e7\u00f5es reprimidas, permitindo uma sensa\u00e7\u00e3o de al\u00edvio e cura.<\/p>\n\n\n\n<p>&#x1f9e0;  <strong>Dica pr\u00e1tica:<\/strong> Sempre que sentir uma emo\u00e7\u00e3o negativa forte, como raiva ou tristeza, experimente a <em>respira\u00e7\u00e3o de libera\u00e7\u00e3o emocional<\/em>. Inspire profundamente pelo nariz, segure por 3 segundos e solte com for\u00e7a pela boca, como se estivesse soprando a emo\u00e7\u00e3o para fora.<\/p>\n\n\n\n<h3 class=\"wp-block-heading\">Reduzindo o estresse e a ansiedade<\/h3>\n\n\n\n<p>Sandeman foca neste cap\u00edtulo nas formas pelas quais a respira\u00e7\u00e3o pode acalmar o sistema nervoso simp\u00e1tico, respons\u00e1vel pela resposta de luta ou fuga. Ele apresenta v\u00e1rias t\u00e9cnicas que podem ser usadas para reduzir o estresse rapidamente.<\/p>\n\n\n\n<p>&#x1f9e0; <strong>Dica pr\u00e1tica:<\/strong> Use a t\u00e9cnica <em>4-7-8<\/em> sempre que sentir o estresse dominar. Respire profundamente pelo nariz por 4 segundos, segure por 7 segundos e exale lentamente pela boca por 8 segundos. Repita de 3 a 5 vezes para uma sensa\u00e7\u00e3o imediata de relaxamento.<\/p>\n\n\n\n<figure class=\"wp-block-image size-large\"><a href=\"metaleitura.com.br\" target=\"_blank\" rel=\"noreferrer noopener\"><img decoding=\"async\" width=\"1024\" height=\"226\" src=\"https:\/\/renatoalves.com.br\/blog\/wp-content\/uploads\/2024\/10\/Metaleitura-Leitura-Dinamica-1024x226.png\" alt=\"\" class=\"wp-image-9237\" srcset=\"https:\/\/renatoalves.com.br\/blog\/wp-content\/uploads\/2024\/10\/Metaleitura-Leitura-Dinamica-1024x226.png 1024w, https:\/\/renatoalves.com.br\/blog\/wp-content\/uploads\/2024\/10\/Metaleitura-Leitura-Dinamica-300x66.png 300w, https:\/\/renatoalves.com.br\/blog\/wp-content\/uploads\/2024\/10\/Metaleitura-Leitura-Dinamica-768x169.png 768w, https:\/\/renatoalves.com.br\/blog\/wp-content\/uploads\/2024\/10\/Metaleitura-Leitura-Dinamica-1536x339.png 1536w, https:\/\/renatoalves.com.br\/blog\/wp-content\/uploads\/2024\/10\/Metaleitura-Leitura-Dinamica-2048x452.png 2048w\" sizes=\"(max-width: 1024px) 100vw, 1024px\" \/><\/a><\/figure>\n\n\n\n<h3 class=\"wp-block-heading\">Aumentando o foco e a clareza mental<\/h3>\n\n\n\n<p>Neste cap\u00edtulo, o autor explica como diferentes t\u00e9cnicas respirat\u00f3rias podem melhorar o foco e a concentra\u00e7\u00e3o, aumentando o fluxo de oxig\u00eanio para o c\u00e9rebro e, consequentemente, melhorando a fun\u00e7\u00e3o cognitiva e permitindo uma <a href=\"https:\/\/renatoalves.com.br\/blog\/leitura-dinamica-como-ler-mais-rapido-e-compreender-melhor\/\">leitura de livros<\/a> mais eficiente.<\/p>\n\n\n\n<p>&#x1f9e0;  <strong>Dica pr\u00e1tica:<\/strong> Antes de come\u00e7ar uma tarefa que exige concentra\u00e7\u00e3o, fa\u00e7a a <em>respira\u00e7\u00e3o alternada nas narinas<\/em> (Nadi Shodhana). Feche a narina direita com o polegar, inspire pela esquerda, depois feche a esquerda e expire pela direita. Repita alternando os lados por alguns minutos.<\/p>\n\n\n\n<h3 class=\"wp-block-heading\">Recuperando a energia<\/h3>\n\n\n\n<p>Aqui, Sandeman mostra como a respira\u00e7\u00e3o pode ser usada para aumentar a energia e vitalidade do corpo, essencialmente carregando &#8220;baterias&#8221; internas. Ele apresenta exerc\u00edcios que aumentam os n\u00edveis de oxig\u00eanio e vitalidade.<\/p>\n\n\n\n<p> &#x1f9e0; <strong>Dica pr\u00e1tica:<\/strong> Se voc\u00ea estiver se sentindo cansado durante o dia, fa\u00e7a a <em>respira\u00e7\u00e3o estimulante<\/em>. Inspire e expire rapidamente pelo nariz, mantendo um ritmo r\u00e1pido e constante. Fa\u00e7a isso por 30 segundos e perceba como seu n\u00edvel de energia aumenta.<\/p>\n\n\n\n<h3 class=\"wp-block-heading\">Dormindo melhor com a respira\u00e7\u00e3o<\/h3>\n\n\n\n<p>Neste cap\u00edtulo final, o foco \u00e9 no uso da respira\u00e7\u00e3o para melhorar a qualidade do sono. O autor ensina t\u00e9cnicas espec\u00edficas que podem ser usadas antes de dormir para relaxar o corpo e a mente, promovendo um sono profundo e restaurador.<\/p>\n\n\n\n<p>&#x1f9e0;  <strong>Dica pr\u00e1tica:<\/strong> Experimente a t\u00e9cnica <em>Respira\u00e7\u00e3o 4-7-8<\/em> para acalmar a mente e se preparar para o sono. Inspire pelo nariz por 4 segundos, segure por 7 segundos e expire lentamente pela boca por 8 segundos. Repita de 4 a 6 vezes antes de deitar para ajudar o corpo a entrar em um estado de relaxamento profundo.<\/p>\n\n\n\n<hr class=\"wp-block-separator has-alpha-channel-opacity\"\/>\n\n\n\n<p><strong>T\u00e9cnica de Respira\u00e7\u00e3o para Dormir Melhor:<\/strong><\/p>\n\n\n\n<p>Aqui est\u00e1 uma t\u00e9cnica eficaz para te ajudar a adormecer mais r\u00e1pido e melhorar a qualidade do seu sono:<\/p>\n\n\n\n<h3 class=\"wp-block-heading\"><em>Respira\u00e7\u00e3o de Cauda Longa<\/em>:<\/h3>\n\n\n\n<ol class=\"wp-block-list\">\n<li>Deite-se confortavelmente, de prefer\u00eancia em um lugar tranquilo.<\/li>\n\n\n\n<li>Inspire pelo nariz por 4 segundos.<\/li>\n\n\n\n<li>Expire lentamente pela boca por 6 a 8 segundos, focando em alongar a expira\u00e7\u00e3o.<\/li>\n\n\n\n<li>Repita esse padr\u00e3o por 5 a 10 minutos.<\/li>\n<\/ol>\n\n\n\n<p>Esse alongamento da expira\u00e7\u00e3o sinaliza ao seu c\u00e9rebro que \u00e9 hora de relaxar, ativando o sistema nervoso parassimp\u00e1tico e preparando seu corpo para o sono.<\/p>\n\n\n\n<hr class=\"wp-block-separator has-alpha-channel-opacity\"\/>\n\n\n\n<p><strong>Quer comprar o livro na Amazon com desconto para conhecer outras t\u00e9cnicas?<\/strong> <a href=\"https:\/\/amzn.to\/3zHI4oS\" target=\"_blank\" rel=\"noreferrer noopener\">Toque aqui <\/a>ou na capa abaixo.<\/p>\n\n\n\n<figure class=\"wp-block-image size-full is-resized\"><a href=\"https:\/\/a.co\/d\/diTtHpI\" target=\"_blank\" rel=\"noreferrer noopener\"><img decoding=\"async\" width=\"696\" height=\"1000\" src=\"https:\/\/renatoalves.com.br\/blog\/wp-content\/uploads\/2024\/09\/o-poder-da-cura-pela-respiracao.jpg\" alt=\"\" class=\"wp-image-9213\" style=\"width:356px;height:auto\" srcset=\"https:\/\/renatoalves.com.br\/blog\/wp-content\/uploads\/2024\/09\/o-poder-da-cura-pela-respiracao.jpg 696w, https:\/\/renatoalves.com.br\/blog\/wp-content\/uploads\/2024\/09\/o-poder-da-cura-pela-respiracao-209x300.jpg 209w\" sizes=\"(max-width: 696px) 100vw, 696px\" \/><\/a><\/figure>\n\n\n\n<p>Um forte abra\u00e7o,<br>Renato Alves &#8211; Escritor e Recordista Nacional de Mem\u00f3ria<br><strong>Siga no Instagram<\/strong> <a href=\"https:\/\/www.instagram.com\/renatoalves.real\/\">toque aqui<\/a><\/p>\n\n\n\n<p><\/p>\n","protected":false},"excerpt":{"rendered":"<p>Leia o Resumo do Livro: O Poder de Cura da Respira\u00e7\u00e3o apresenta a ideia de que a respira\u00e7\u00e3o consciente \u00e9 uma ferramenta poderosa para melhorar a mem\u00f3ria, sa\u00fade e o bem-estar. Stuart Sandeman, especialista em t\u00e9cnicas respirat\u00f3rias, compartilha sua jornada pessoal e profissional com a respira\u00e7\u00e3o, oferecendo um guia pr\u00e1tico para desbloquear o poder do [&hellip;]<\/p>\n","protected":false},"author":10,"featured_media":9212,"comment_status":"open","ping_status":"open","sticky":false,"template":"","format":"standard","meta":{"footnotes":""},"categories":[262,264,3],"tags":[1400],"class_list":["post-9210","post","type-post","status-publish","format-standard","has-post-thumbnail","hentry","category-estudo-e-desenvolvimento","category-saude-e-qualidade-de-vida","category-artigos","tag-livro-o-poder-da-cura-pela-respiracao-tecnica-de-respiracao"],"_links":{"self":[{"href":"https:\/\/renatoalves.com.br\/blog\/wp-json\/wp\/v2\/posts\/9210","targetHints":{"allow":["GET"]}}],"collection":[{"href":"https:\/\/renatoalves.com.br\/blog\/wp-json\/wp\/v2\/posts"}],"about":[{"href":"https:\/\/renatoalves.com.br\/blog\/wp-json\/wp\/v2\/types\/post"}],"author":[{"embeddable":true,"href":"https:\/\/renatoalves.com.br\/blog\/wp-json\/wp\/v2\/users\/10"}],"replies":[{"embeddable":true,"href":"https:\/\/renatoalves.com.br\/blog\/wp-json\/wp\/v2\/comments?post=9210"}],"version-history":[{"count":3,"href":"https:\/\/renatoalves.com.br\/blog\/wp-json\/wp\/v2\/posts\/9210\/revisions"}],"predecessor-version":[{"id":9245,"href":"https:\/\/renatoalves.com.br\/blog\/wp-json\/wp\/v2\/posts\/9210\/revisions\/9245"}],"wp:featuredmedia":[{"embeddable":true,"href":"https:\/\/renatoalves.com.br\/blog\/wp-json\/wp\/v2\/media\/9212"}],"wp:attachment":[{"href":"https:\/\/renatoalves.com.br\/blog\/wp-json\/wp\/v2\/media?parent=9210"}],"wp:term":[{"taxonomy":"category","embeddable":true,"href":"https:\/\/renatoalves.com.br\/blog\/wp-json\/wp\/v2\/categories?post=9210"},{"taxonomy":"post_tag","embeddable":true,"href":"https:\/\/renatoalves.com.br\/blog\/wp-json\/wp\/v2\/tags?post=9210"}],"curies":[{"name":"wp","href":"https:\/\/api.w.org\/{rel}","templated":true}]}}