{"id":9247,"date":"2024-10-07T09:28:58","date_gmt":"2024-10-07T12:28:58","guid":{"rendered":"https:\/\/renatoalves.com.br\/blog\/?p=9247"},"modified":"2024-10-08T09:44:10","modified_gmt":"2024-10-08T12:44:10","slug":"os-segredos-das-apresentacoes-poderosas","status":"publish","type":"post","link":"https:\/\/renatoalves.com.br\/blog\/os-segredos-das-apresentacoes-poderosas\/","title":{"rendered":"Os Segredos das Apresenta\u00e7\u00f5es Poderosas"},"content":{"rendered":"\n<hr class=\"wp-block-separator has-alpha-channel-opacity\"\/>\n\n\n\n<h3 class=\"wp-block-heading\"><strong>A Prepara\u00e7\u00e3o \u00c9 a Chave do Sucesso<\/strong><\/h3>\n\n\n\n<p>Neste cap\u00edtulo, Shinyashiki fala sobre a import\u00e2ncia da prepara\u00e7\u00e3o para qualquer apresenta\u00e7\u00e3o. N\u00e3o basta apenas saber o conte\u00fado; \u00e9 necess\u00e1rio entender seu p\u00fablico, planejar o discurso e praticar o que ser\u00e1 dito.<\/p>\n\n\n\n<p><strong>Dica especial:<\/strong> Antes de qualquer apresenta\u00e7\u00e3o, dedique tempo para estudar seu p\u00fablico. Conhe\u00e7a seus interesses e dores, e prepare seu discurso de forma a atender suas expectativas. Isso cria uma conex\u00e3o poderosa desde o in\u00edcio.<\/p>\n\n\n\n<hr class=\"wp-block-separator has-alpha-channel-opacity\"\/>\n\n\n\n<h3 class=\"wp-block-heading\"><strong>O Impacto da Primeira Impress\u00e3o<\/strong><\/h3>\n\n\n\n<p>Aqui, o autor destaca como a primeira impress\u00e3o \u00e9 crucial. Ele mostra como a postura, tom de voz e as primeiras palavras ditas podem definir o rumo da apresenta\u00e7\u00e3o. Shinyashiki ressalta que os primeiros minutos s\u00e3o decisivos para ganhar a aten\u00e7\u00e3o do p\u00fablico.<\/p>\n\n\n\n<p><strong>Dica especial:<\/strong> Comece sua apresenta\u00e7\u00e3o com uma frase impactante, uma pergunta ou uma hist\u00f3ria interessante. Isso captura a aten\u00e7\u00e3o imediatamente e estabelece um tom positivo e envolvente.<\/p>\n\n\n\n<hr class=\"wp-block-separator has-alpha-channel-opacity\"\/>\n\n\n\n<h3 class=\"wp-block-heading\"><strong>Como Criar Conex\u00e3o com o P\u00fablico<\/strong><\/h3>\n\n\n\n<p>Este cap\u00edtulo aborda a import\u00e2ncia de criar empatia e conex\u00e3o emocional com a audi\u00eancia. Shinyashiki explica que as pessoas s\u00e3o mais propensas a escutar quando sentem que o apresentador as compreende e est\u00e1 falando diretamente para elas.<\/p>\n\n\n\n<p><strong>Dica especial:<\/strong> Use hist\u00f3rias pessoais ou exemplos pr\u00e1ticos que ressoem com a realidade do p\u00fablico. Quando as pessoas se veem nas suas palavras, elas se conectam de maneira mais profunda e ficam mais receptivas.<\/p>\n\n\n\n<hr class=\"wp-block-separator has-alpha-channel-opacity\"\/>\n\n\n\n<h3 class=\"wp-block-heading\"><strong>O Poder da Comunica\u00e7\u00e3o N\u00e3o Verbal<\/strong><\/h3>\n\n\n\n<p>Aqui, o autor foca na import\u00e2ncia da linguagem corporal durante uma apresenta\u00e7\u00e3o. Ele explica como gestos, express\u00f5es faciais e postura s\u00e3o t\u00e3o importantes quanto o que est\u00e1 sendo dito.<\/p>\n\n\n\n<p><strong>Dica especial:<\/strong> Treine sua postura e seus gestos em frente ao espelho. Gestos abertos e expressivos, junto com uma postura confiante, transmitem seguran\u00e7a e fazem com que o p\u00fablico confie mais em voc\u00ea.<\/p>\n\n\n\n<hr class=\"wp-block-separator has-alpha-channel-opacity\"\/>\n\n\n\n<h3 class=\"wp-block-heading\"><strong>Gerenciando o Medo de Falar em P\u00fablico<\/strong><\/h3>\n\n\n\n<p>Neste cap\u00edtulo, Shinyashiki aborda um dos maiores desafios para muitos: o medo de falar em p\u00fablico. Ele compartilha t\u00e9cnicas pr\u00e1ticas para transformar a ansiedade em energia positiva que impulsiona a apresenta\u00e7\u00e3o.<\/p>\n\n\n\n<p><strong>Dica especial:<\/strong> Antes de subir ao palco, fa\u00e7a exerc\u00edcios de respira\u00e7\u00e3o profunda para acalmar o sistema nervoso. Lembre-se de que a ansiedade \u00e9 natural e, quando canalizada, pode ser usada para dar mais energia \u00e0 sua fala.<\/p>\n\n\n\n<hr class=\"wp-block-separator has-alpha-channel-opacity\"\/>\n\n\n\n<h3 class=\"wp-block-heading\"><strong>Como Estruturar Apresenta\u00e7\u00f5es Impactantes<\/strong><\/h3>\n\n\n\n<p>Este cap\u00edtulo fala sobre a import\u00e2ncia de uma estrutura bem organizada para manter o p\u00fablico engajado. Shinyashiki ensina como criar um in\u00edcio, meio e fim claros, com transi\u00e7\u00f5es suaves entre os t\u00f3picos.<\/p>\n\n\n\n<p><strong>Dica especial:<\/strong> Use a regra do \u201c3\u201d. Divida sua apresenta\u00e7\u00e3o em tr\u00eas partes principais, e mantenha o foco em transmitir tr\u00eas ideias principais para facilitar o entendimento e memoriza\u00e7\u00e3o do conte\u00fado.<\/p>\n\n\n\n<hr class=\"wp-block-separator has-alpha-channel-opacity\"\/>\n\n\n\n<h3 class=\"wp-block-heading\"><strong>O Uso Inteligente de Recursos Visuais<\/strong><\/h3>\n\n\n\n<p>Aqui, Shinyashiki fala sobre o uso de slides e outros recursos visuais. Ele alerta para o perigo de sobrecarregar a apresenta\u00e7\u00e3o com muitas informa\u00e7\u00f5es visuais e explica como manter a simplicidade \u00e9 a chave para o sucesso.<\/p>\n\n\n\n<p><strong>Dica especial:<\/strong> Use slides como apoio, e n\u00e3o como muletas. Limite o n\u00famero de palavras e d\u00ea prefer\u00eancia a imagens que reforcem o que est\u00e1 sendo dito, mantendo o foco no conte\u00fado falado.<\/p>\n\n\n\n<hr class=\"wp-block-separator has-alpha-channel-opacity\"\/>\n\n\n\n<h3 class=\"wp-block-heading\"><strong>Envolvendo a Audi\u00eancia<\/strong><\/h3>\n\n\n\n<p>Este cap\u00edtulo trata de t\u00e9cnicas para manter a audi\u00eancia envolvida e interagindo durante a apresenta\u00e7\u00e3o. Shinyashiki oferece dicas sobre como fazer perguntas, trazer a audi\u00eancia para a discuss\u00e3o e mant\u00ea-los engajados at\u00e9 o fim.<\/p>\n\n\n\n<p><strong>Dica especial:<\/strong> Fa\u00e7a perguntas abertas ao longo da apresenta\u00e7\u00e3o para manter o p\u00fablico engajado. Isso cria um ambiente interativo, quebra a monotonia e mant\u00e9m o foco das pessoas no que est\u00e1 sendo dito.<\/p>\n\n\n\n<hr class=\"wp-block-separator has-alpha-channel-opacity\"\/>\n\n\n\n<h3 class=\"wp-block-heading\"><strong>O Impacto de um Final Poderoso<\/strong><\/h3>\n\n\n\n<p>Shinyashiki fala da import\u00e2ncia de fechar a apresenta\u00e7\u00e3o com impacto. O final deve ser forte, memor\u00e1vel e deixar o p\u00fablico refletindo sobre o que foi dito.<\/p>\n\n\n\n<p><strong>Dica especial:<\/strong> Termine sua apresenta\u00e7\u00e3o com uma chamada \u00e0 a\u00e7\u00e3o clara e poderosa. D\u00ea ao p\u00fablico algo pr\u00e1tico para fazer ou pensar, algo que eles levem consigo mesmo depois que a apresenta\u00e7\u00e3o terminar.<\/p>\n\n\n\n<hr class=\"wp-block-separator has-alpha-channel-opacity\"\/>\n\n\n\n<h3 class=\"wp-block-heading\"><strong>Praticar, Praticar, Praticar<\/strong><\/h3>\n\n\n\n<p>Por fim, o autor enfatiza que a pr\u00e1tica \u00e9 fundamental. Quanto mais voc\u00ea ensaiar e praticar suas apresenta\u00e7\u00f5es, mais confiante e eficiente voc\u00ea ser\u00e1.<\/p>\n\n\n\n<p><strong>Dica especial:<\/strong> N\u00e3o subestime o poder de gravar a si mesmo praticando. Revise seus v\u00eddeos e veja onde pode melhorar na entona\u00e7\u00e3o, postura ou clareza das ideias. A pr\u00e1tica constante faz toda a diferen\u00e7a.<\/p>\n\n\n\n<hr class=\"wp-block-separator has-alpha-channel-opacity\"\/>\n\n\n\n<h3 class=\"wp-block-heading\"><strong>Convite Final: Expanda Seu Potencial com o Metaleitura!<\/strong><\/h3>\n\n\n\n<p>Agora que voc\u00ea j\u00e1 conhece os segredos para criar apresenta\u00e7\u00f5es poderosas, por que n\u00e3o dar um passo a mais? A leitura din\u00e2mica inteligente do <em><a href=\"http:\/\/metaleitura.com.br\">Metaleitura<\/a><\/em> vai te ajudar a absorver conhecimento mais r\u00e1pido, compreender conte\u00fados de forma mais profunda e melhorar sua performance em qualquer \u00e1rea. Est\u00e1 pronto para turbinar seus resultados?<\/p>\n\n\n\n<figure class=\"wp-block-image size-large\"><img fetchpriority=\"high\" decoding=\"async\" width=\"1024\" height=\"226\" src=\"https:\/\/renatoalves.com.br\/blog\/wp-content\/uploads\/2024\/10\/Metaleitura-Leitura-Dinamica-1024x226.png\" alt=\"\" class=\"wp-image-9237\" srcset=\"https:\/\/renatoalves.com.br\/blog\/wp-content\/uploads\/2024\/10\/Metaleitura-Leitura-Dinamica-1024x226.png 1024w, https:\/\/renatoalves.com.br\/blog\/wp-content\/uploads\/2024\/10\/Metaleitura-Leitura-Dinamica-300x66.png 300w, https:\/\/renatoalves.com.br\/blog\/wp-content\/uploads\/2024\/10\/Metaleitura-Leitura-Dinamica-768x169.png 768w, https:\/\/renatoalves.com.br\/blog\/wp-content\/uploads\/2024\/10\/Metaleitura-Leitura-Dinamica-1536x339.png 1536w, https:\/\/renatoalves.com.br\/blog\/wp-content\/uploads\/2024\/10\/Metaleitura-Leitura-Dinamica-2048x452.png 2048w\" sizes=\"(max-width: 1024px) 100vw, 1024px\" \/><\/figure>\n\n\n\n<p><strong>Comente abaixo o que achou dessas dicas e n\u00e3o se esque\u00e7a de seguir nossas redes sociais para mais conte\u00fados incr\u00edveis sobre apresenta\u00e7\u00f5es, produtividade e aprendizado!<\/strong><br><br><strong>Prof. Renato Alves<\/strong> &#8211; Escritor e Recordista Brasileiro de Memoriza\u00e7\u00e3o <a href=\"http:\/\/instagram.com\/renatoalves.real\">Toque aqui<\/a><\/p>\n\n\n\n<hr class=\"wp-block-separator has-alpha-channel-opacity\"\/>\n\n\n\n<p>Adquira este livro com desconto na Amazon &#8211; <a href=\"https:\/\/amzn.to\/3BzqZOs\">Toque aqui <\/a>para comprar.<\/p>\n\n\n\n<figure class=\"wp-block-image size-full is-resized\"><a href=\"https:\/\/amzn.to\/3BzqZOs\" target=\"_blank\" rel=\"Livro noopener\"><img decoding=\"async\" width=\"800\" height=\"800\" src=\"https:\/\/renatoalves.com.br\/blog\/wp-content\/uploads\/2024\/10\/155652-800-800.webp\" alt=\"\" class=\"wp-image-9248\" style=\"width:439px;height:auto\" srcset=\"https:\/\/renatoalves.com.br\/blog\/wp-content\/uploads\/2024\/10\/155652-800-800.webp 800w, https:\/\/renatoalves.com.br\/blog\/wp-content\/uploads\/2024\/10\/155652-800-800-300x300.webp 300w, https:\/\/renatoalves.com.br\/blog\/wp-content\/uploads\/2024\/10\/155652-800-800-768x768.webp 768w, https:\/\/renatoalves.com.br\/blog\/wp-content\/uploads\/2024\/10\/155652-800-800-650x650.webp 650w\" sizes=\"(max-width: 800px) 100vw, 800px\" \/><\/a><figcaption class=\"wp-element-caption\">segredo das apresenta\u00e7\u00f5es poderosas<\/figcaption><\/figure>\n\n\n\n<p><\/p>\n","protected":false},"excerpt":{"rendered":"<p>A Prepara\u00e7\u00e3o \u00c9 a Chave do Sucesso Neste cap\u00edtulo, Shinyashiki fala sobre a import\u00e2ncia da prepara\u00e7\u00e3o para qualquer apresenta\u00e7\u00e3o. N\u00e3o basta apenas saber o conte\u00fado; \u00e9 necess\u00e1rio entender seu p\u00fablico, planejar o discurso e praticar o que ser\u00e1 dito. Dica especial: Antes de qualquer apresenta\u00e7\u00e3o, dedique tempo para estudar seu p\u00fablico. Conhe\u00e7a seus interesses e [&hellip;]<\/p>\n","protected":false},"author":10,"featured_media":9249,"comment_status":"open","ping_status":"open","sticky":false,"template":"","format":"standard","meta":{"footnotes":""},"categories":[3],"tags":[],"class_list":["post-9247","post","type-post","status-publish","format-standard","has-post-thumbnail","hentry","category-artigos"],"_links":{"self":[{"href":"https:\/\/renatoalves.com.br\/blog\/wp-json\/wp\/v2\/posts\/9247","targetHints":{"allow":["GET"]}}],"collection":[{"href":"https:\/\/renatoalves.com.br\/blog\/wp-json\/wp\/v2\/posts"}],"about":[{"href":"https:\/\/renatoalves.com.br\/blog\/wp-json\/wp\/v2\/types\/post"}],"author":[{"embeddable":true,"href":"https:\/\/renatoalves.com.br\/blog\/wp-json\/wp\/v2\/users\/10"}],"replies":[{"embeddable":true,"href":"https:\/\/renatoalves.com.br\/blog\/wp-json\/wp\/v2\/comments?post=9247"}],"version-history":[{"count":1,"href":"https:\/\/renatoalves.com.br\/blog\/wp-json\/wp\/v2\/posts\/9247\/revisions"}],"predecessor-version":[{"id":9250,"href":"https:\/\/renatoalves.com.br\/blog\/wp-json\/wp\/v2\/posts\/9247\/revisions\/9250"}],"wp:featuredmedia":[{"embeddable":true,"href":"https:\/\/renatoalves.com.br\/blog\/wp-json\/wp\/v2\/media\/9249"}],"wp:attachment":[{"href":"https:\/\/renatoalves.com.br\/blog\/wp-json\/wp\/v2\/media?parent=9247"}],"wp:term":[{"taxonomy":"category","embeddable":true,"href":"https:\/\/renatoalves.com.br\/blog\/wp-json\/wp\/v2\/categories?post=9247"},{"taxonomy":"post_tag","embeddable":true,"href":"https:\/\/renatoalves.com.br\/blog\/wp-json\/wp\/v2\/tags?post=9247"}],"curies":[{"name":"wp","href":"https:\/\/api.w.org\/{rel}","templated":true}]}}