{"id":9306,"date":"2024-10-29T18:30:00","date_gmt":"2024-10-29T21:30:00","guid":{"rendered":"https:\/\/renatoalves.com.br\/blog\/?p=9306"},"modified":"2024-10-29T14:20:09","modified_gmt":"2024-10-29T17:20:09","slug":"o-poder-da-saude-mental-transforme-sua-vida-com-estas-estrategias","status":"publish","type":"post","link":"https:\/\/renatoalves.com.br\/blog\/o-poder-da-saude-mental-transforme-sua-vida-com-estas-estrategias\/","title":{"rendered":"O poder da sa\u00fade mental &#8211; Transforme sua vida com estas estrat\u00e9gias"},"content":{"rendered":"\n<p>A sa\u00fade mental \u00e9 uma das maiores quest\u00f5es da sociedade moderna. De fato,<strong> mais de um bilh\u00e3o de pessoas sofrem de problemas relacionados \u00e0 sa\u00fade mental<\/strong>. Todo pensamento que temos molda o nosso futuro, algo t\u00e3o poderoso que pode nos elevar a um <strong>\u201c<\/strong><strong>c\u00e9u mental<\/strong><strong>\u201d<\/strong><strong> <\/strong>ou nos arrastar para um <strong>\u201c<\/strong><strong>inferno mental<\/strong><strong>\u201d<\/strong>. A mente saud\u00e1vel nos conduz \u00e0 paz, enquanto uma mente adoecida nos leva a um ciclo de problemas intermin\u00e1veis. Mas, como podemos restaurar nossa sa\u00fade mental e alcan\u00e7ar equil\u00edbrio?<\/p>\n\n\n\n<h2 class=\"wp-block-heading\">A Import\u00e2ncia da sa\u00fade mental<\/h2>\n\n\n\n<p><strong>A sa\u00fade mental \u00e9 um fator determinante para nossa qualidade de vida.<\/strong> De nada adianta ter um corpo saud\u00e1vel, dinheiro ou sucesso profissional se a nossa mente est\u00e1 adoecida? Mesmo com todos os recursos materiais, <strong>a aus\u00eancia de equil\u00edbrio mental pode nos levar \u00e0 exaust\u00e3o, depress\u00e3o e uma constante sensa\u00e7\u00e3o de vazio<\/strong>. E por que isso acontece? Porque a mente, ao adoecer, afeta todas as \u00e1reas da vida \u2013 rela\u00e7\u00f5es pessoais, produtividade, sono, e at\u00e9 a nossa capacidade de tomar decis\u00f5es.<\/p>\n\n\n\n<p>Pensando nisso, pergunte-se: sua mente est\u00e1 saud\u00e1vel ou doente? Refletir sobre essa quest\u00e3o \u00e9 o primeiro passo para compreender onde voc\u00ea est\u00e1 e o que precisa fazer para melhorar.<\/p>\n\n\n\n<figure class=\"wp-block-embed is-type-rich is-provider-incorporar-manipulador wp-block-embed-incorporar-manipulador wp-embed-aspect-16-9 wp-has-aspect-ratio\"><div class=\"wp-block-embed__wrapper\">\n<iframe title=\"COMO TER SA\u00daDE MENTAL | Estrat\u00e9gias Efetivas Para Evitar o Burnout e Depress\u00e3o\" width=\"800\" height=\"450\" src=\"https:\/\/www.youtube.com\/embed\/B3iY2MbqwWs?feature=oembed\" frameborder=\"0\" allow=\"accelerometer; autoplay; clipboard-write; encrypted-media; gyroscope; picture-in-picture; web-share\" referrerpolicy=\"strict-origin-when-cross-origin\" allowfullscreen><\/iframe>\n<\/div><figcaption class=\"wp-element-caption\">COMO TER SA\u00daDE MENTAL | Estrat\u00e9gias Efetivas Para Evitar o Burnout e Depress\u00e3o. (Fonte: Canal Renato Alves Memoriza\u00e7\u00e3o).<\/figcaption><\/figure>\n\n\n\n<h2 class=\"wp-block-heading\">O efeito da mente doente no corpo<\/h2>\n\n\n\n<p>Quando falamos em sa\u00fade mental, estamos nos referindo a um estado de equil\u00edbrio emocional e psicol\u00f3gico. <strong>Quando a mente n\u00e3o est\u00e1 em seu melhor estado, o corpo tamb\u00e9m sente os efeitos<\/strong>. O stress cont\u00ednuo, por exemplo, gera<strong> tens\u00f5es musculares, dores nas costas e pode at\u00e9 afetar nosso sistema imunol\u00f3gico<\/strong>. E n\u00e3o s\u00f3 isso \u2013 problemas de sa\u00fade mental, como ansiedade e depress\u00e3o, podem gerar impactos t\u00e3o profundos que <strong>afetam nossas rela\u00e7\u00f5es e, eventualmente, nos isolamos.<\/strong><\/p>\n\n\n\n<p>A met\u00e1fora usada em avi\u00f5es sobre o uso de m\u00e1scaras de oxig\u00eanio: <strong>\u201cPrimeiro coloque a m\u00e1scara em voc\u00ea, depois ajude os outros.\u201d<\/strong> Essa frase serve como um lembrete claro da import\u00e2ncia de cuidar da nossa sa\u00fade mental <strong>antes <\/strong>de tentarmos cuidar de outras pessoas.<\/p>\n\n\n\n<h4 class=\"wp-block-heading has-text-align-center\"><a href=\"https:\/\/estudomemorizacao.com.br\/?utm_source=Blog&amp;utm_medium=site-ofc&amp;utm_campaign=CEM&amp;utm_content=qual-diferen%C3%A7a-entre-memorizar-e-decorar\" target=\"_blank\" rel=\"noreferrer noopener\">TREINAMENTO 100% PR\u00c1TICO QUE ENSINA COMO USAR A MEM\u00d3RIA COM INTELIG\u00caNCIA PARA APRENDER\u00a0\u2013 CLIQUE AQUI<\/a><\/h4>\n\n\n\n<h2 class=\"wp-block-heading\">Principais problemas relacionados \u00e0 perda de sa\u00fade mental<\/h2>\n\n\n\n<p>Segundo a psicologia, quando a <a href=\"https:\/\/renatoalves.com.br\/blog\/inovacao-emocional\/\" target=\"_blank\" rel=\"noreferrer noopener\">sa\u00fade mental <\/a>se deteriora, uma s\u00e9rie de problemas pode surgir, criando um ciclo vicioso. Destacamos cinco dos principais problemas que podem se desenvolver a partir da falta de sa\u00fade mental:<\/p>\n\n\n\n<ul class=\"wp-block-list\">\n<li><strong>Ansiedade cr\u00f4nica<\/strong>: A press\u00e3o por metas e a sobrecarga de est\u00edmulos podem levar \u00e0 <strong>ansiedade<\/strong>, afetando tanto a sa\u00fade f\u00edsica quanto mental. A tens\u00e3o constante, a dificuldade em relaxar e a preocupa\u00e7\u00e3o excessiva s\u00e3o sinais claros de que algo n\u00e3o est\u00e1 bem.<\/li>\n\n\n\n<li><strong>Depress\u00e3o<\/strong>: A falta de autocuidado e o ac\u00famulo de responsabilidades pode nos levar \u00e0 depress\u00e3o. Sentimentos de vazio, perda de interesse por atividades prazerosas e uma sensa\u00e7\u00e3o de desesperan\u00e7a s\u00e3o alguns dos sintomas mais frequentes.<\/li>\n\n\n\n<li><strong>Burnout<\/strong>: Exaust\u00e3o f\u00edsica e emocional, distanciamento das atividades e uma redu\u00e7\u00e3o na efic\u00e1cia no trabalho s\u00e3o indicativos do burnout, uma s\u00edndrome de esgotamento que tem se tornado comum em nossa sociedade altamente competitiva.<\/li>\n\n\n\n<li><strong>Problemas de relacionamento<\/strong>: A vida agitada pode afetar nossas rela\u00e7\u00f5es interpessoais, levando a conflitos, distanciamento e isolamento emocional. O isolamento s\u00f3 agrava ainda mais os sintomas da falta de sa\u00fade mental.<\/li>\n\n\n\n<li><strong>Dist\u00farbios do sono<\/strong>: O stress e o burnout afetam a nossa capacidade de desligar a mente, resultando em dist\u00farbios do sono como a ins\u00f4nia. A falta de sono adequado piora nossa capacidade de lidar com o stress, criando um ciclo vicioso.<\/li>\n<\/ul>\n\n\n\n<p>Esses problemas est\u00e3o interligados e, frequentemente, se agravam mutuamente. A boa not\u00edcia \u00e9 que existem maneiras de quebrar esse ciclo e restaurar o equil\u00edbrio.<\/p>\n\n\n\n<h3 class=\"wp-block-heading\">Causas comuns da perda de sa\u00fade mental<\/h3>\n\n\n\n<p>Para enfrentar os desafios de uma mente adoecida, \u00e9 crucial compreender as causas. Destaca-se cinco principais motivos pelos quais perdemos nossa sa\u00fade mental:<\/p>\n\n\n\n<ul class=\"wp-block-list\">\n<li><strong>Stress prolongado<\/strong>: Quando estamos sob estresse cont\u00ednuo, o corpo responde liberando cortisol, enfraquecendo<strong> nosso sistema imunol\u00f3gico e nos deixa mais vulner\u00e1veis a doen\u00e7as<\/strong>. A aus\u00eancia de pausas para recupera\u00e7\u00e3o nos leva a um estado de esgotamento f\u00edsico e mental.<\/li>\n\n\n\n<li><strong>Isolamento social<\/strong>: A falta de conex\u00f5es sociais pode levar ao <strong>isolamento <\/strong>e <strong>sentimentos de solid\u00e3o<\/strong>, que, por sua vez, agravam a <strong>depress\u00e3o <\/strong>e a <strong>ansiedade<\/strong>.<\/li>\n\n\n\n<li><strong>Neglig\u00eancia do autocuidado<\/strong>: N\u00e3o cuidar da sa\u00fade f\u00edsica, como alimenta\u00e7\u00e3o e exerc\u00edcios, al\u00e9m de negligenciar momentos de lazer, leva a uma deteriora\u00e7\u00e3o da sa\u00fade mental. <strong>Sem autocuidado, n\u00e3o temos energia para lidar com os desafios di\u00e1rios.<\/strong><\/li>\n\n\n\n<li><strong>Experi\u00eancias traum\u00e1ticas<\/strong>: Eventos traum\u00e1ticos, como a perda de um familiar ou abuso, podem deixar marcas profundas e desencadear problemas de sa\u00fade mental, como <strong>transtornos de estresse p\u00f3s-traum\u00e1tico.<\/strong><\/li>\n\n\n\n<li><strong>Desequil\u00edbrio entre vida pessoal e profissional<\/strong><strong>: quando<\/strong> n\u00e3o conseguimos equilibrar as demandas profissionais e pessoais, nossa mente fica <strong>sobrecarregada<\/strong>. Um planejamento inadequado pode nos impedir de desconectar e descansar adequadamente.<\/li>\n<\/ul>\n\n\n\n<p>Esses fatores podem se combinar, criando um ciclo dif\u00edcil de romper. Mas, mesmo diante de tantos desafios, h\u00e1 caminhos para restaurar a paz mental.<\/p>\n\n\n\n<h2 class=\"wp-block-heading\">Estrat\u00e9gias para restaurar a sa\u00fade mental<\/h2>\n\n\n\n<p>Existem v\u00e1rias estrat\u00e9gias valiosas que podem ser colocadas em pr\u00e1tica para restaurar a sa\u00fade mental:<\/p>\n\n\n\n<ul class=\"wp-block-list\">\n<li><strong>Psicoterapia<\/strong>: Consultar um terapeuta \u00e9 uma das formas mais eficazes de lidar com quest\u00f5es de sa\u00fade mental. A terapia oferece um espa\u00e7o seguro para explorar e entender emo\u00e7\u00f5es e comportamentos, al\u00e9m de ajudar a reestruturar pensamentos negativos.<\/li>\n\n\n\n<li><strong>Fortalecimento de conex\u00f5es sociais<\/strong>: Manter la\u00e7os fortes com amigos e familiares \u00e9 crucial para combater sentimentos de isolamento e solid\u00e3o. O apoio emocional que recebemos dessas conex\u00f5es pode fazer uma grande diferen\u00e7a no nosso bem-estar mental.<\/li>\n\n\n\n<li><strong>T\u00e9cnicas de mindfulness e relaxamento<\/strong>: Pr\u00e1ticas como <strong>mindfulness<\/strong>, que envolvem aten\u00e7\u00e3o plena, e t\u00e9cnicas de respira\u00e7\u00e3o s\u00e3o eficazes para reduzir o stress e melhorar o equil\u00edbrio emocional. Tamb\u00e9m mencionamos a import\u00e2ncia do<strong> <\/strong><strong>ioga<\/strong><strong> e da medita\u00e7\u00e3o <\/strong>para restaurar a tranquilidade.<\/li>\n\n\n\n<li><strong>Revis\u00e3o de Prioridades<\/strong>: Aprender a dizer <strong>\u201c<\/strong><strong>n\u00e3o<\/strong><strong>\u201d<\/strong><strong> <\/strong>e estabelecer limites saud\u00e1veis em todas as \u00e1reas da vida \u00e9 essencial para evitar a sobrecarga. Focar no que realmente importa ajuda a reduzir o estresse e a ansiedade.<\/li>\n<\/ul>\n\n\n\n<h2 class=\"wp-block-heading\">Conclus\u00e3o<\/h2>\n\n\n\n<p><strong>Cuidar da sa\u00fade mental \u00e9 um investimento essencial para uma vida equilibrada e feliz.<\/strong> Pequenos ajustes em nossa rotina, como<strong> buscar ajuda psicol\u00f3gica, fortalecer as conex\u00f5es sociais e adotar pr\u00e1ticas de autocuidado, podem fazer uma grande diferen\u00e7a no nosso bem-estar.<\/strong> Ao aplicarmos essas estrat\u00e9gias, conseguimos transformar a nossa vida, restaurando a paz e o equil\u00edbrio mental.<\/p>\n\n\n\n<h2 class=\"wp-block-heading\">Leia tamb\u00e9m:<\/h2>\n\n\n\n<ul class=\"wp-block-list\">\n<li><a href=\"https:\/\/renatoalves.com.br\/blog\/exercicios-vencer-preguica-mental\/\" target=\"_blank\" rel=\"noreferrer noopener\">Pregui\u00e7a mental | Exerc\u00edcios para venc\u00ea-la e ter um c\u00e9rebro forte<\/a><\/li>\n\n\n\n<li><a href=\"https:\/\/renatoalves.com.br\/blog\/chiclete-deixa-voce-mais-inteligente\/\" target=\"_blank\" rel=\"noreferrer noopener\">Chiclete deixa voc\u00ea mais inteligente<\/a><\/li>\n\n\n\n<li><a href=\"https:\/\/renatoalves.com.br\/blog\/dicas-para-o-enem-como-se-preparar-para-a-prova\/\" target=\"_blank\" rel=\"noreferrer noopener\">Dicas para o ENEM: como se preparar para a prova?<\/a><\/li>\n<\/ul>\n","protected":false},"excerpt":{"rendered":"<p>A sa\u00fade mental \u00e9 uma das maiores quest\u00f5es da sociedade moderna. De fato, mais de um bilh\u00e3o de pessoas sofrem de problemas relacionados \u00e0 sa\u00fade mental. Todo pensamento que temos molda o nosso futuro, algo t\u00e3o poderoso que pode nos elevar a um \u201cc\u00e9u mental\u201d ou nos arrastar para um \u201cinferno mental\u201d. A mente saud\u00e1vel [&hellip;]<\/p>\n","protected":false},"author":24,"featured_media":9335,"comment_status":"open","ping_status":"open","sticky":false,"template":"","format":"standard","meta":{"footnotes":""},"categories":[264],"tags":[],"class_list":["post-9306","post","type-post","status-publish","format-standard","has-post-thumbnail","hentry","category-saude-e-qualidade-de-vida"],"_links":{"self":[{"href":"https:\/\/renatoalves.com.br\/blog\/wp-json\/wp\/v2\/posts\/9306","targetHints":{"allow":["GET"]}}],"collection":[{"href":"https:\/\/renatoalves.com.br\/blog\/wp-json\/wp\/v2\/posts"}],"about":[{"href":"https:\/\/renatoalves.com.br\/blog\/wp-json\/wp\/v2\/types\/post"}],"author":[{"embeddable":true,"href":"https:\/\/renatoalves.com.br\/blog\/wp-json\/wp\/v2\/users\/24"}],"replies":[{"embeddable":true,"href":"https:\/\/renatoalves.com.br\/blog\/wp-json\/wp\/v2\/comments?post=9306"}],"version-history":[{"count":3,"href":"https:\/\/renatoalves.com.br\/blog\/wp-json\/wp\/v2\/posts\/9306\/revisions"}],"predecessor-version":[{"id":9334,"href":"https:\/\/renatoalves.com.br\/blog\/wp-json\/wp\/v2\/posts\/9306\/revisions\/9334"}],"wp:featuredmedia":[{"embeddable":true,"href":"https:\/\/renatoalves.com.br\/blog\/wp-json\/wp\/v2\/media\/9335"}],"wp:attachment":[{"href":"https:\/\/renatoalves.com.br\/blog\/wp-json\/wp\/v2\/media?parent=9306"}],"wp:term":[{"taxonomy":"category","embeddable":true,"href":"https:\/\/renatoalves.com.br\/blog\/wp-json\/wp\/v2\/categories?post=9306"},{"taxonomy":"post_tag","embeddable":true,"href":"https:\/\/renatoalves.com.br\/blog\/wp-json\/wp\/v2\/tags?post=9306"}],"curies":[{"name":"wp","href":"https:\/\/api.w.org\/{rel}","templated":true}]}}