{"id":9315,"date":"2024-10-30T15:00:00","date_gmt":"2024-10-30T18:00:00","guid":{"rendered":"https:\/\/renatoalves.com.br\/blog\/?p=9315"},"modified":"2024-10-29T15:06:59","modified_gmt":"2024-10-29T18:06:59","slug":"como-aumentar-minha-produtividade-confira-essas-dicas","status":"publish","type":"post","link":"https:\/\/renatoalves.com.br\/blog\/como-aumentar-minha-produtividade-confira-essas-dicas\/","title":{"rendered":"Como aumentar minha produtividade? Confira essas dicas"},"content":{"rendered":"\n<p>Quando se trata de produtividade, a primeira coisa que me vem \u00e0 mente \u00e9: como posso fazer mais com o tempo que tenho? Acho que voc\u00ea, assim como eu, j\u00e1 se perguntou isso diversas vezes. E a verdade \u00e9 que todos n\u00f3s temos a mesma quantidade de horas no dia, mas o que nos diferencia \u00e9 a maneira como usamos esse tempo. Para ajudar voc\u00ea a aumentar sua produtividade, vou compartilhar algumas dicas sobre esse tema. Vamos juntos descobrir como melhorar a forma de trabalhar, evitar a procrastina\u00e7\u00e3o e ser mais eficientes!<\/p>\n\n\n\n<h2 class=\"wp-block-heading\">Por que a procrastina\u00e7\u00e3o \u00e9 um obst\u00e1culo para a produtividade?<\/h2>\n\n\n\n<p>Uma das maiores inimigas da produtividade \u00e9 a <strong>procrastina\u00e7\u00e3o<\/strong>. Sabe aquele momento em que voc\u00ea deveria come\u00e7ar uma tarefa, mas ao inv\u00e9s disso acaba olhando as redes sociais, ou simplesmente deixando para depois? Pois \u00e9, isso \u00e9 a procrastina\u00e7\u00e3o em a\u00e7\u00e3o. Milhares de pessoas passam por isso in\u00fameras vezes, e posso te dizer que, <strong>quanto mais adiamos algo, mais dif\u00edcil fica de come\u00e7ar.<\/strong><\/p>\n\n\n\n<p>Procrastinar n\u00e3o significa apenas pregui\u00e7a, mas pode estar relacionado a v\u00e1rias outras coisas, como<strong> falta de motiva\u00e7\u00e3o ou at\u00e9 mesmo medo de falhar<\/strong>. A procrastina\u00e7\u00e3o \u00e9 como um ciclo que, uma vez iniciado, pode ser dif\u00edcil de quebrar. \u00c9 por isso que, para aumentar a produtividade, \u00e9 fundamental aprender a lidar com ela.<\/p>\n\n\n\n<h2 class=\"wp-block-heading\">Como identificar se voc\u00ea est\u00e1 procrastinando?<\/h2>\n\n\n\n<p>Antes de conseguirmos combater a procrastina\u00e7\u00e3o, \u00e9 importante <strong>reconhec\u00ea-la<\/strong>. Voc\u00ea j\u00e1 se pegou adiando constantemente suas tarefas, mesmo sabendo que elas s\u00e3o importantes? Se sim, talvez esteja preso em um ciclo de procrastina\u00e7\u00e3o.<\/p>\n\n\n\n<p>Alguns sinais cl\u00e1ssicos de procrastina\u00e7\u00e3o incluem:<\/p>\n\n\n\n<ul class=\"wp-block-list\">\n<li><strong>Adiamento constante:<\/strong> Sempre empurrando para o \u00faltimo minuto? Esse \u00e9 um dos maiores indicativos.<\/li>\n\n\n\n<li><strong>Dificuldade em come\u00e7ar:<\/strong> Muitas vezes, o simples ato de dar o primeiro passo parece uma tarefa monumental.<\/li>\n\n\n\n<li><strong>Distra\u00e7\u00f5es f\u00e1ceis:<\/strong> Redes sociais, v\u00eddeos, mensagens&#8230; tudo parece mais interessante do que o que voc\u00ea realmente precisa fazer.<\/li>\n\n\n\n<li><strong>Estresse acumulado:<\/strong> \u00c0 medida que as tarefas se acumulam, o estresse aumenta, tornando o trabalho ainda mais pesado.<\/li>\n<\/ul>\n\n\n\n<p>Se voc\u00ea se identificou com algum desses sinais, \u00e9 hora de tomar medidas para <strong>combater esse h\u00e1bito e aumentar sua produtividade<\/strong>.<\/p>\n\n\n\n<h2 class=\"wp-block-heading\">T\u00e9cnicas para parar de procrastinar e aumentar sua produtividade<\/h2>\n\n\n\n<p>Agora que j\u00e1 sabemos como a procrastina\u00e7\u00e3o nos atrapalha, vou compartilhar algumas estrat\u00e9gias que ir\u00e3o te ajudar a melhorar seu rendimento.&nbsp;<\/p>\n\n\n\n<p>Vamos focar em solu\u00e7\u00f5es pr\u00e1ticas que voc\u00ea pode implementar hoje mesmo. Confira:<\/p>\n\n\n\n<h3 class=\"wp-block-heading\">1. Entenda por que voc\u00ea procrastina<\/h3>\n\n\n\n<p>\u00c9 sempre importante <strong>entender <\/strong>as raz\u00f5es por tr\u00e1s da <a href=\"https:\/\/renatoalves.com.br\/blog\/procrastinacao-e-um-disturbio-cronico-e-prejudicial\/\" target=\"_blank\" rel=\"noreferrer noopener\">procrastina\u00e7\u00e3o<\/a>. \u00c0s vezes, adiamos algo porque <strong>n\u00e3o sabemos por onde come\u00e7ar<\/strong>, <strong>ou talvez a tarefa pare\u00e7a grande e intimidadora<\/strong>. Em outras ocasi\u00f5es, pode ser por pura<strong> falta de motiva\u00e7\u00e3o<\/strong>. Saber o que est\u00e1 te travando \u00e9 o primeiro passo para superar esse obst\u00e1culo.<\/p>\n\n\n\n<p>Uma das coisas a se fazer \u00e9 perguntar: <strong>\u201cPor que eu n\u00e3o estou come\u00e7ando essa tarefa agora?<\/strong>\u201d. Isso ajuda a identificar o problema. Se for falta de clareza sobre o que precisa fazer, <strong>divida a tarefa em partes menores<\/strong>. Se for falta de motiva\u00e7\u00e3o,<strong> tente conectar a tarefa com algum objetivo maior <\/strong>que te d\u00ea mais energia para seguir em frente.<\/p>\n\n\n\n<figure class=\"wp-block-embed is-type-rich is-provider-incorporar-manipulador wp-block-embed-incorporar-manipulador wp-embed-aspect-16-9 wp-has-aspect-ratio\"><div class=\"wp-block-embed__wrapper\">\n<iframe title=\"COMO TER SA\u00daDE MENTAL | Estrat\u00e9gias Efetivas Para Evitar o Burnout e Depress\u00e3o\" width=\"800\" height=\"450\" src=\"https:\/\/www.youtube.com\/embed\/B3iY2MbqwWs?feature=oembed\" frameborder=\"0\" allow=\"accelerometer; autoplay; clipboard-write; encrypted-media; gyroscope; picture-in-picture; web-share\" referrerpolicy=\"strict-origin-when-cross-origin\" allowfullscreen><\/iframe>\n<\/div><figcaption class=\"wp-element-caption\">COMO TER SA\u00daDE MENTAL | Estrat\u00e9gias Efetivas Para Evitar o Burnout e Depress\u00e3o. (Fonte: Canal Renato Alves Memoriza\u00e7\u00e3o).<\/figcaption><\/figure>\n\n\n\n<h3 class=\"wp-block-heading\">2. Defina metas claras e ating\u00edveis<\/h3>\n\n\n\n<p>Definir metas \u00e9 <strong>essencial <\/strong>para qualquer plano de <a href=\"https:\/\/renatoalves.com.br\/blog\/produtividade-relacionada-a-escolhas\/\" target=\"_blank\" rel=\"noreferrer noopener\">produtividade<\/a>. Por\u00e9m, n\u00e3o adianta nada se as metas forem vagas ou muito distantes.<strong> J\u00e1 percebeu como a gente se desanima quando n\u00e3o v\u00ea progresso?<\/strong> Isso acontece porque, quando o objetivo \u00e9 muito grande ou gen\u00e9rico, pode parecer que estamos andando em c\u00edrculos.<\/p>\n\n\n\n<p>Uma estrat\u00e9gia que funciona \u00e9 <strong>dividir grandes tarefas em etapas menores<\/strong>. Por exemplo, se \u00e9 preciso escrever um relat\u00f3rio, em vez de pensar \u201cpreciso escrever tudo de uma vez\u201d, <strong>divida em partes<\/strong>: pesquisa, estrutura, escrita e revis\u00e3o. Cada uma dessas etapas se torna uma meta clara e ating\u00edvel, e o sentimento de progresso aumenta a motiva\u00e7\u00e3o.<\/p>\n\n\n\n<h3 class=\"wp-block-heading\">3. Crie um plano de a\u00e7\u00e3o<\/h3>\n\n\n\n<p>Outro ponto importante para aumentar sua produtividade \u00e9 criar um <strong>plano de a\u00e7\u00e3o detalhado<\/strong>. Quando voc\u00ea sabe exatamente o que precisa ser feito, fica <strong>mais f\u00e1cil se organizar<\/strong> e, o mais importante,<strong> n\u00e3o deixar a procrastina\u00e7\u00e3o tomar conta<\/strong>.<\/p>\n\n\n\n<p>Fa\u00e7a uma <strong>lista <\/strong>de todas as tarefas que precisa realizar em um dia e organize por prioridade. Coloque as tarefas mais importantes no topo e se concentre nelas. Isso ajuda a manter o foco e a n\u00e3o se perder em atividades menos urgentes.<\/p>\n\n\n\n<h3 class=\"wp-block-heading\">4. Estabele\u00e7a prioridades<\/h3>\n\n\n\n<p><strong>Voc\u00ea j\u00e1 teve aquela sensa\u00e7\u00e3o de estar fazendo mil coisas ao mesmo tempo, mas no final do dia parece que n\u00e3o fez nada?<\/strong> Isso geralmente acontece quando n\u00e3o priorizamos corretamente as tarefas. <strong>Um dos segredos para aumentar a produtividade \u00e9 saber o que deve ser feito primeiro.<\/strong><\/p>\n\n\n\n<p>Usar a t\u00e9cnica de prioriza\u00e7\u00e3o baseada na <strong>urg\u00eancia <\/strong>e <strong>import\u00e2ncia <\/strong>das tarefas. Primeiro, lide com as atividades <strong>mais importantes e urgentes<\/strong>. S\u00f3 depois se concentre nas menos urgentes ou importantes. Esse simples ajuste na rotina ir\u00e1 te ajudar a manter o foco no que realmente importa.<\/p>\n\n\n\n<h3 class=\"wp-block-heading\">5. Elimine distra\u00e7\u00f5es<\/h3>\n\n\n\n<p>Ah, as distra\u00e7\u00f5es! Elas est\u00e3o em toda parte, e em um mundo hiperconectado, isso s\u00f3 piora. Sempre tem uma notifica\u00e7\u00e3o nova no celular ou um v\u00eddeo interessante que aparece no feed. E cada vez que paramos para olhar, perdemos um pouco do ritmo e da concentra\u00e7\u00e3o.<\/p>\n\n\n\n<p>Uma das coisas a se fazer para eliminar distra\u00e7\u00f5es \u00e9 <strong>colocar o celular em modo silencioso, ou at\u00e9 mesmo deix\u00e1-lo em outro c\u00f4modo enquanto trabalho<\/strong>. Se poss\u00edvel, busco um ambiente tranquilo, longe de barulhos ou interrup\u00e7\u00f5es. Voc\u00ea vai perceber que ao eliminar essas distra\u00e7\u00f5es, a <a href=\"https:\/\/renatoalves.com.br\/blog\/5-minutos-para-aumentar-a-produtividade-e-parar-de-procrastinar-2\/\" target=\"_blank\" rel=\"noreferrer noopener\">produtividade<\/a> aumenta consideravelmente.<\/p>\n\n\n\n<h3 class=\"wp-block-heading\">6. Use a t\u00e9cnica dos cinco minutos<\/h3>\n\n\n\n<p>Essa t\u00e9cnica simples muda a forma como as pessoas encaram tarefas dif\u00edceis. A <strong>t\u00e9cnica dos cinco minutos<\/strong> consiste em come\u00e7ar uma tarefa se comprometendo a fazer apenas cinco minutos dela. Parece pouco, mas o segredo est\u00e1 em dar o primeiro passo.<\/p>\n\n\n\n<p>Nosso c\u00e9rebro costuma resistir a tarefas que parecem grandes demais. Mas quando dividimos a tarefa em pequenos peda\u00e7os e dedicamos apenas cinco minutos para come\u00e7ar, <strong>quebramos essa barreira<\/strong>. E muitas vezes, ao perceber que a tarefa n\u00e3o era t\u00e3o assustadora, acabamos continuando por mais tempo.<\/p>\n\n\n\n<p>Essa t\u00e9cnica \u00e9 \u00fatil para tudo: desde come\u00e7ar a escrever um texto at\u00e9 organizar suas finan\u00e7as. E posso garantir que, muitas vezes, o mais dif\u00edcil \u00e9 come\u00e7ar. <strong>Depois que voc\u00ea come\u00e7a, o fluxo vai acontecendo naturalmente.<\/strong><\/p>\n\n\n\n<h3 class=\"wp-block-heading\">7. Encontre motiva\u00e7\u00e3o e recompense-se<\/h3>\n\n\n\n<p>A motiva\u00e7\u00e3o \u00e9 a <strong>chave <\/strong>para manter a <a href=\"https:\/\/renatoalves.com.br\/blog\/5-minutos-para-aumentar-a-produtividade-e-parar-de-procrastinar-3\/\" target=\"_blank\" rel=\"noreferrer noopener\">produtividade<\/a> em alta. Quando estamos motivados, conseguimos realizar nossas tarefas com mais facilidade. Mas \u00e9 normal que a motiva\u00e7\u00e3o diminua ao longo do tempo, especialmente quando estamos lidando com tarefas repetitivas ou desafiadoras.<\/p>\n\n\n\n<p>Por isso, \u00e9 importante <strong>estabelecer pequenas recompensas<\/strong> para si mesmo ap\u00f3s completar uma tarefa ou alcan\u00e7ar uma meta importante. Pode ser algo simples, como tomar um caf\u00e9 ou assistir um epis\u00f3dio da sua s\u00e9rie favorita. Isso cria um ciclo positivo, onde voc\u00ea se sentir\u00e1 motivado a continuar produtivo.<\/p>\n\n\n\n<h2 class=\"wp-block-heading\">Conclus\u00e3o<\/h2>\n\n\n\n<p>Aumentar a produtividade n\u00e3o \u00e9 algo que acontece da noite para o dia. \u00c9 um processo que envolve <strong>disciplina, organiza\u00e7\u00e3o e, principalmente, a vontade de mudar alguns h\u00e1bitos<\/strong>. Se voc\u00ea sente que a procrastina\u00e7\u00e3o est\u00e1 te atrapalhando, saiba que existem formas de contorn\u00e1-la.<\/p>\n\n\n\n<p>As dicas que compartilhei aqui s\u00e3o baseadas em experi\u00eancias reais e funcionam para meus alunos e para mim tamb\u00e9m. Tente aplicar uma ou duas dessas estrat\u00e9gias e veja o que funciona melhor para voc\u00ea. E lembre-se: <strong>o mais importante \u00e9 come\u00e7ar<\/strong>. Mesmo que seja com pequenos passos, cada avan\u00e7o te deixa mais perto de alcan\u00e7ar seus objetivos.<\/p>\n\n\n\n<p>Agora, que tal tentar a t\u00e9cnica dos cinco minutos na sua pr\u00f3xima tarefa? Tenho certeza que, aos poucos, voc\u00ea vai perceber que \u00e9 poss\u00edvel fazer mais com o tempo que voc\u00ea j\u00e1 tem.&nbsp;<\/p>\n\n\n\n<h2 class=\"wp-block-heading\">Leia tamb\u00e9m:<\/h2>\n\n\n\n<ul class=\"wp-block-list\">\n<li><a href=\"https:\/\/renatoalves.com.br\/blog\/dicas-quentes-de-como-evitar-esquecimentos\/\" target=\"_blank\" rel=\"noreferrer noopener\">Dicas quentes de como evitar esquecimentos<\/a><\/li>\n<\/ul>\n\n\n\n<ul class=\"wp-block-list\">\n<li><a href=\"https:\/\/renatoalves.com.br\/blog\/formiga-e-a-cigarra-sua-vida-nos-estudos\/\" target=\"_blank\" rel=\"noreferrer noopener\">A f\u00e1bula da formiga e a cigarra lembra sua vida nos estudos?<\/a><\/li>\n<\/ul>\n\n\n\n<ul class=\"wp-block-list\">\n<li><a href=\"https:\/\/renatoalves.com.br\/blog\/qual-a-diferenca-entre-memorizar-e-decorar\/\" target=\"_blank\" rel=\"noreferrer noopener\">Qual a diferen\u00e7a entre memorizar e decorar?<\/a><\/li>\n<\/ul>\n","protected":false},"excerpt":{"rendered":"<p>Quando se trata de produtividade, a primeira coisa que me vem \u00e0 mente \u00e9: como posso fazer mais com o tempo que tenho? Acho que voc\u00ea, assim como eu, j\u00e1 se perguntou isso diversas vezes. E a verdade \u00e9 que todos n\u00f3s temos a mesma quantidade de horas no dia, mas o que nos diferencia [&hellip;]<\/p>\n","protected":false},"author":10,"featured_media":9346,"comment_status":"open","ping_status":"open","sticky":false,"template":"","format":"standard","meta":{"footnotes":""},"categories":[264],"tags":[],"class_list":["post-9315","post","type-post","status-publish","format-standard","has-post-thumbnail","hentry","category-saude-e-qualidade-de-vida"],"_links":{"self":[{"href":"https:\/\/renatoalves.com.br\/blog\/wp-json\/wp\/v2\/posts\/9315","targetHints":{"allow":["GET"]}}],"collection":[{"href":"https:\/\/renatoalves.com.br\/blog\/wp-json\/wp\/v2\/posts"}],"about":[{"href":"https:\/\/renatoalves.com.br\/blog\/wp-json\/wp\/v2\/types\/post"}],"author":[{"embeddable":true,"href":"https:\/\/renatoalves.com.br\/blog\/wp-json\/wp\/v2\/users\/10"}],"replies":[{"embeddable":true,"href":"https:\/\/renatoalves.com.br\/blog\/wp-json\/wp\/v2\/comments?post=9315"}],"version-history":[{"count":3,"href":"https:\/\/renatoalves.com.br\/blog\/wp-json\/wp\/v2\/posts\/9315\/revisions"}],"predecessor-version":[{"id":9350,"href":"https:\/\/renatoalves.com.br\/blog\/wp-json\/wp\/v2\/posts\/9315\/revisions\/9350"}],"wp:featuredmedia":[{"embeddable":true,"href":"https:\/\/renatoalves.com.br\/blog\/wp-json\/wp\/v2\/media\/9346"}],"wp:attachment":[{"href":"https:\/\/renatoalves.com.br\/blog\/wp-json\/wp\/v2\/media?parent=9315"}],"wp:term":[{"taxonomy":"category","embeddable":true,"href":"https:\/\/renatoalves.com.br\/blog\/wp-json\/wp\/v2\/categories?post=9315"},{"taxonomy":"post_tag","embeddable":true,"href":"https:\/\/renatoalves.com.br\/blog\/wp-json\/wp\/v2\/tags?post=9315"}],"curies":[{"name":"wp","href":"https:\/\/api.w.org\/{rel}","templated":true}]}}